{"id":334064,"date":"2015-12-01T11:29:09","date_gmt":"2015-12-01T10:29:09","guid":{"rendered":"https:\/\/www.focolare.org\/republica-centro-africana-especialistas-da-misericordia\/"},"modified":"2024-05-16T15:26:03","modified_gmt":"2024-05-16T13:26:03","slug":"republica-centro-africana-especialistas-da-misericordia","status":"publish","type":"post","link":"https:\/\/www.focolare.org\/pt-pt\/republica-centro-africana-especialistas-da-misericordia\/","title":{"rendered":"Rep\u00fablica Centro Africana: Especialistas da miseric\u00f3rdia"},"content":{"rendered":"<p><strong><img loading=\"lazy\" decoding=\"async\" class=\"alignleft wp-image-131953\" src=\"https:\/\/www.focolare.org\/wp-content\/uploads\/2015\/12\/20151201-03.jpg\" alt=\"20151201-03\" width=\"250\" height=\"379\" \/><\/strong>\u00ab<strong>Hoje Bangui torna-se a capital espiritual do mundo<\/strong>.\u00a0O Ano Santo da Miseric\u00f3rdia chega antecipadamente nesta terra. Uma terra que sofre h\u00e1 v\u00e1rios anos por causa da guerra, do \u00f3dio, da incompreens\u00e3o e da falta de paz. Mas nesta terra sofredora est\u00e3o tamb\u00e9m todos os pa\u00edses que passam pelo calv\u00e1rio da guerra. Bangui torna-se a capital espiritual da ora\u00e7\u00e3o pela miseric\u00f3rdia do Pai. Todos n\u00f3s pedimos a paz, a miseric\u00f3rdia, a reconcilia\u00e7\u00e3o, o perd\u00e3o e amor. Para Bangui, para toda a Rep\u00fablica Centro Africana, para o mundo inteiro, para os pa\u00edses que sofrem por causa da guerra pedimos a paz!\u00bb. Com estas palavras o Papa Francisco anunciou <a href=\"http:\/\/w2.vatican.va\/content\/francesco\/pt\/homilies\/2015\/documents\/papa-francesco_20151129_repcentrafricana-omelia-cattedrale-bangui.html\" target=\"_blank\" rel=\"noopener\">a abertura da Porta Santa<\/a> da catedral de Bangui, no dia 29 de novembro, atravessando-a, imediatamente, sozinho, com um gesto intenso e cheiro de significado.  Enquanto o Papa ainda estava no <a href=\"http:\/\/w2.vatican.va\/content\/francesco\/pt\/events\/event.dir.html\/content\/vaticanevents\/it\/2015\/11\/30\/africagiornalisti.html\" target=\"_blank\" rel=\"noopener\">voo de volta<\/a>, falamos por telefone com Genevi\u00e8ve Sanz\u00e9,\u00a0que ainda estava em Bangui. Origin\u00e1ria da Rep\u00fablica Centro Africana, membro do Pontif\u00edcio Conselho para os leigos, Genevi\u00e8ve atualmente presta os seus servi\u00e7os no Centro internacional dos Focolares, na It\u00e1lia. \u00abNingu\u00e9m poderia imaginar aquilo que aconteceu no povo. O papa trouxe-nos a alegria e a paz!\u00bb, afirma. As espectativas eram elevadas, seja por parte dos crist\u00e3os como dos mu\u00e7ulmanos: \u00abAgora vai chegar o homem de Deus, dizia-se. Esta \u00e9 a chance suprema que Deus nos manda\u00bb.  <img loading=\"lazy\" decoding=\"async\" class=\"alignright wp-image-131952\" src=\"https:\/\/www.focolare.org\/wp-content\/uploads\/2015\/12\/20151201-02.jpg\" alt=\"20151201-02\" width=\"380\" height=\"211\" \/>Foi uma viagem cheia de riscos, por motivos de seguran\u00e7a, e\u00a0\u00abn\u00e3o obstante todos estivessem preocupados e ele tenha sido desencorajado, de todas as maneiras, o Papa quis realmente vir\u00bb. \u00abE o povo sente que veio para o povo, n\u00e3o porque fosse uma tarefa ou um evento especial, mas como um pai que quer encorajar \u2013 explica Genevi\u00e8ve. Ele esteve com os crist\u00e3os, cat\u00f3licos e de outras denomina\u00e7\u00f5es, mas tamb\u00e9m com os mu\u00e7ulmanos. Todos preparamos a sua chegada com entusiasmo, mesmo se os crist\u00e3os de uma parte e os mu\u00e7ulmanos de outra. E o Papa foi ao encontro de todos. Muitos pensavam que fosse melhor que cancelasse a\u00a0<a href=\"http:\/\/w2.vatican.va\/content\/francesco\/pt\/speeches\/2015\/november\/documents\/papa-francesco_20151130_repubblica-centrafricana-musulmani.html\" target=\"_blank\" rel=\"noopener\">visita \u00e0 mesquita<\/a>, no bairro onde nenhum crist\u00e3o pode entrar. Ao inv\u00e9s ele foi. E tamb\u00e9m ali foi extraordin\u00e1rio\u00bb.  <strong><img loading=\"lazy\" decoding=\"async\" class=\"alignright size-full wp-image-131941\" src=\"https:\/\/www.focolare.org\/wp-content\/uploads\/2015\/12\/20151130PapaRCA.jpg\" alt=\"20151130PapaRCA\" width=\"400\" height=\"325\" \/><\/strong>O Papa Francisco, na\u00a0<a href=\"http:\/\/w2.vatican.va\/content\/francesco\/pt\/homilies\/2015\/documents\/papa-francesco_20151130_repcentrafricana-omelia-stadio-bangui.html\" target=\"_blank\" rel=\"noopener\">missa no est\u00e1dio<\/a> convidou aos \u00abqueridos Centro Africanos\u00bb a\u00a0\u00abolhar para o futuro e, fortificados pela estrada j\u00e1 percorrida, decidir decididamente realizar uma nova etapa na hist\u00f3ria crist\u00e3 do vosso pa\u00eds\u00bb, estimulando todos a serem \u00abart\u00edfices de uma renova\u00e7\u00e3o humana e espiritual\u00bb. Na v\u00e9spera tinha recordado \u00abo amor pelos inimigos, que protege contra a tenta\u00e7\u00e3o da vingan\u00e7a e contra a onda de repres\u00e1lias sem fim\u00bb, e ainda que \u00abpor toda a parte, tamb\u00e9m e sobretudo onde reinam a viol\u00eancia, o \u00f3dio, a injusti\u00e7a e a persegui\u00e7\u00e3o, os crist\u00e3os s\u00e3o chamados a dar testemunho deste Deus que \u00e9 Amor\u00bb. Com estas palavras no cora\u00e7\u00e3o, Genevi\u00e8ve conta um epis\u00f3dio ao qual assistiu com os pr\u00f3prios olhos:\u00a0\u00abDurante a missa entrou um mu\u00e7ulmano, claramente reconhec\u00edvel, com um cartaz que dizia \u201cDeus \u00e9 grande\u201d. Os crist\u00e3os aplaudiram e, indo ao seu encontro, abra\u00e7aram-no. Queriam viver aquilo que o Papa pedia, esta responsabilidade no amor e na miseric\u00f3rdia; esta porta aberta que nos leva a viver nesta gra\u00e7a. E demonstraram isso com aquele gesto\u00bb.\u00a0\u00abQuando cheguei encontrei cora\u00e7\u00f5es endurecidos. Foi extraordin\u00e1rio ver, em dois dias, a mudan\u00e7a que aconteceu no povo. Al\u00e9m disso, o gesto do Papa da abertura da Porta Santa, n\u00e3o foi somente uma a\u00e7\u00e3o isolada, mas uma vida que ele mesmo testemunhou, na miseric\u00f3rdia com a qual foi ao encontro de todos. Ele levou este amor de Deus a todos\u00bb.  \u00abO discurso da prefeita de Bangui\u00a0(e presidente do estado de transi\u00e7\u00e3o)\u00a0\u2013 explica ainda Genevi\u00e8ve \u2013 p\u00f4s diante do Papa todos os pecados do nosso pa\u00eds, n\u00e3o tirou a sua responsabilidade. Ela pediu perd\u00e3o a Deus, pedindo ao Papa que, com a sua b\u00ean\u00e7\u00e3o, invocasse a gra\u00e7a do perd\u00e3o para a na\u00e7\u00e3o. Encontrar-se na catedral, sabendo tudo aquilo que aconteceu, e ver que precisamente aqui o Papa Francisco abriu a porta da miseric\u00f3rdia, para mim foi realmente excepcional. Ele n\u00e3o disse muitas coisas, mas soube por o dedo no ponto mais fraco, lan\u00e7ando um apelo a todas as na\u00e7\u00f5es que fabricam as armas. E chamou Bangui de capital espiritual do mundo. Ouvir que um pa\u00eds que derramou tanto sangue inocente \u00e9 chamado de capital espiritual foi como ver Deus que vem ao nosso encontro\u00bb.<\/p>\n","protected":false},"excerpt":{"rendered":"<p>Bangui, capital espiritual do mundo. \u00abOuvir que um pa\u00eds que derramou tanto sangue inocente \u00e9 chamado de capital espiritual, era como ver Deus que vem ao nosso encontro\u00bb. O testemunho de Genevi\u00e8ve Sanz\u00e9, da Rep\u00fablica Centro Africana.<\/p>\n","protected":false},"author":34,"featured_media":0,"comment_status":"open","ping_status":"open","sticky":false,"template":"","format":"standard","meta":{"give_campaign_id":0,"_seopress_robots_primary_cat":"","_seopress_titles_title":"","_seopress_titles_desc":"","_seopress_robots_index":"","_et_pb_use_builder":"","_et_pb_old_content":"","_et_gb_content_width":"","footnotes":""},"categories":[909],"tags":[],"class_list":["post-334064","post","type-post","status-publish","format-standard","hentry","category-focolare-worldwide-2-4"],"_links":{"self":[{"href":"https:\/\/www.focolare.org\/pt-pt\/wp-json\/wp\/v2\/posts\/334064","targetHints":{"allow":["GET"]}}],"collection":[{"href":"https:\/\/www.focolare.org\/pt-pt\/wp-json\/wp\/v2\/posts"}],"about":[{"href":"https:\/\/www.focolare.org\/pt-pt\/wp-json\/wp\/v2\/types\/post"}],"author":[{"embeddable":true,"href":"https:\/\/www.focolare.org\/pt-pt\/wp-json\/wp\/v2\/users\/34"}],"replies":[{"embeddable":true,"href":"https:\/\/www.focolare.org\/pt-pt\/wp-json\/wp\/v2\/comments?post=334064"}],"version-history":[{"count":0,"href":"https:\/\/www.focolare.org\/pt-pt\/wp-json\/wp\/v2\/posts\/334064\/revisions"}],"wp:attachment":[{"href":"https:\/\/www.focolare.org\/pt-pt\/wp-json\/wp\/v2\/media?parent=334064"}],"wp:term":[{"taxonomy":"category","embeddable":true,"href":"https:\/\/www.focolare.org\/pt-pt\/wp-json\/wp\/v2\/categories?post=334064"},{"taxonomy":"post_tag","embeddable":true,"href":"https:\/\/www.focolare.org\/pt-pt\/wp-json\/wp\/v2\/tags?post=334064"}],"curies":[{"name":"wp","href":"https:\/\/api.w.org\/{rel}","templated":true}]}}