{"id":334116,"date":"2015-12-18T12:53:48","date_gmt":"2015-12-18T11:53:48","guid":{"rendered":"https:\/\/www.focolare.org\/castel-gandolfo-roma-italia-congresso-internacional-dos-aderentes-dos-focolares\/"},"modified":"2024-05-16T15:26:17","modified_gmt":"2024-05-16T13:26:17","slug":"castel-gandolfo-roma-italia-congresso-internacional-dos-aderentes-dos-focolares","status":"publish","type":"post","link":"https:\/\/www.focolare.org\/pt-pt\/castel-gandolfo-roma-italia-congresso-internacional-dos-aderentes-dos-focolares\/","title":{"rendered":"Castel Gandolfo (Roma, It\u00e1lia): congresso internacional dos aderentes dos Focolares"},"content":{"rendered":"<p>\u00abA unidade, ponto fundamental da espiritualidade do Movimento dos Focolares, ser\u00e1 aprofundada durante estes dias, com experi\u00eancias de v\u00e1rias cidades onde a espiritualidade vivida leva a uma incid\u00eancia no pr\u00f3prio territ\u00f3rio. \u00c9 o caso da comunidade de Szeged, na Hungria, ou de Loppiano, na It\u00e1lia, ou ainda da Gr\u00e3 Bretanha, sobre o ecumenismo e do Brasil no campo social, entre outras.  Entre os assuntos tratados estar\u00e3o o da comunica\u00e7\u00e3o como instrumento para chegar \u00e0 unidade; os di\u00e1logos, especialmente no campo ecum\u00eanico e inter-religioso; o compromisso dos Focolares pela paz. Est\u00e3o previstos, at\u00e9 agora, participantes dos Pa\u00edses B\u00e1lticos, B\u00e9lgica, Luxemburgo, Rep\u00fablica Tcheca, Su\u00ed\u00e7a, Alemanha, L\u00edbano, pa\u00edses da Am\u00e9rica de l\u00edngua espanhola, Brasil, Canad\u00e1.  Para informa\u00e7\u00f5es e inscri\u00e7\u00f5es: <a href=\"mailto:info@focolare.org\">info@focolare.org<\/a>  <a href=\"http:\/\/www.centromariapoli.org\/\" target=\"_blank\" rel=\"noopener\">www.centromariapoli.org<\/a><\/p>\n","protected":false},"excerpt":{"rendered":"<p>\u00abUnidade: d\u00e1diva, empenho, meta\u00bb \u00e9 o tema central deste encontro, de 3 a 5 de mar\u00e7o de 2016.<\/p>\n","protected":false},"author":34,"featured_media":0,"comment_status":"open","ping_status":"open","sticky":false,"template":"","format":"standard","meta":{"give_campaign_id":0,"_seopress_robots_primary_cat":"","_seopress_titles_title":"","_seopress_titles_desc":"","_seopress_robots_index":"","_et_pb_use_builder":"","_et_pb_old_content":"","_et_gb_content_width":"","footnotes":""},"categories":[129],"tags":[],"class_list":["post-334116","post","type-post","status-publish","format-standard","hentry","category-sem-categoria"],"_links":{"self":[{"href":"https:\/\/www.focolare.org\/pt-pt\/wp-json\/wp\/v2\/posts\/334116","targetHints":{"allow":["GET"]}}],"collection":[{"href":"https:\/\/www.focolare.org\/pt-pt\/wp-json\/wp\/v2\/posts"}],"about":[{"href":"https:\/\/www.focolare.org\/pt-pt\/wp-json\/wp\/v2\/types\/post"}],"author":[{"embeddable":true,"href":"https:\/\/www.focolare.org\/pt-pt\/wp-json\/wp\/v2\/users\/34"}],"replies":[{"embeddable":true,"href":"https:\/\/www.focolare.org\/pt-pt\/wp-json\/wp\/v2\/comments?post=334116"}],"version-history":[{"count":0,"href":"https:\/\/www.focolare.org\/pt-pt\/wp-json\/wp\/v2\/posts\/334116\/revisions"}],"wp:attachment":[{"href":"https:\/\/www.focolare.org\/pt-pt\/wp-json\/wp\/v2\/media?parent=334116"}],"wp:term":[{"taxonomy":"category","embeddable":true,"href":"https:\/\/www.focolare.org\/pt-pt\/wp-json\/wp\/v2\/categories?post=334116"},{"taxonomy":"post_tag","embeddable":true,"href":"https:\/\/www.focolare.org\/pt-pt\/wp-json\/wp\/v2\/tags?post=334116"}],"curies":[{"name":"wp","href":"https:\/\/api.w.org\/{rel}","templated":true}]}}