{"id":334132,"date":"2015-12-26T03:00:43","date_gmt":"2015-12-26T02:00:43","guid":{"rendered":"https:\/\/www.focolare.org\/economia-de-comunhao-na-guatemala-a-empresa-como-uma-familia\/"},"modified":"2024-05-16T15:26:21","modified_gmt":"2024-05-16T13:26:21","slug":"economia-de-comunhao-na-guatemala-a-empresa-como-uma-familia","status":"publish","type":"post","link":"https:\/\/www.focolare.org\/pt-pt\/economia-de-comunhao-na-guatemala-a-empresa-como-uma-familia\/","title":{"rendered":"Economia de Comunh\u00e3o na Guatemala: a empresa como uma fam\u00edlia"},"content":{"rendered":"<p><img loading=\"lazy\" decoding=\"async\" class=\"wp-image-132848 alignright\" src=\"https:\/\/www.focolare.org\/wp-content\/uploads\/2015\/12\/Guatemala.jpg\" alt=\"Guatemala\" width=\"270\" height=\"360\" \/><strong>Tamb\u00e9m no pequeno pa\u00eds centro-americano, com uma forte ascend\u00eancia ind\u00edgena e, portanto, sens\u00edvel aos contrastes sociais,<\/strong> s\u00e3o nove os empres\u00e1rios guatemaltecos que desde o m\u00eas de junho passado se inscreveram num curso de EdC. Assim, numa frequ\u00eancia mensal est\u00e3o aprofundando os fundamentos do projeto, tamb\u00e9m se confrontando com experi\u00eancias j\u00e1 em andamento em outras partes do mundo. \u00abO texto base \u2013 explica Sandra Mac\u00e1rio, coordenadora do curso \u2013 \u00e9 o livro de Luigino Bruni \u201cO pre\u00e7o da gratuidade\u201d, mas frequentemente tamb\u00e9m fazemos conex\u00f5es Skype com outros empres\u00e1rios EdC da Cidade do M\u00e9xico e de outras partes da Am\u00e9rica Latina\u00bb.  <strong>No dia 26 de novembro o curso organizou um open day<\/strong> convidando todos os que estivessem interessados num \u2018caf\u00e9 da manh\u00e3 de final de ano\u2019, t\u00edpico destes pa\u00edses, com sabores caracter\u00edsticos de milho e feij\u00e3o. Participaram 40 pessoas. O h\u00f3spede de honra era Maria Luisa Altamirano do M\u00e9xico, que compartilhou a sua experi\u00eancia de empres\u00e1ria suscitando perguntas e abordagens entre os participantes. Al\u00e9m dos que frequentavam o curso, tamb\u00e9m tomou a palavra o empres\u00e1rio brasileiro Ismael Yos, que fizera o mesmo curso no Brasil. Entre os testemunhos, foi tocante a narra\u00e7\u00e3o do arquiteto guatemalteco Jorge Mario Contreras. Ele nem sempre pode contar com trabalhos cont\u00ednuos, por isso tem uma associa\u00e7\u00e3o de trabalhadores a quem se dirigir vez por vez.  <strong>Eles sabem que o trabalho \u00e9 escasso e entendem que quando n\u00e3o trabalham para ele devem ir a outros lugares<\/strong> procurando trabalho onde for poss\u00edvel. \u00c0s vezes os trabalhos s\u00e3o exigidos com muita urg\u00eancia. Como aquela vez em que se devia reestruturar e reaparelhar um Centro de Di\u00e1lises. Pelo cancelamento de um contrato com outra empresa e a consequente suspens\u00e3o do servi\u00e7o, o seu encaminhamento era mais do que urgente. Havia a necessidade de pedreiros para adaptar os locais, de t\u00e9cnicos para por em funcionamento maquin\u00e1rios. Contreras apresentou a sua oferta, cujas condi\u00e7\u00f5es foram consideradas todas favor\u00e1veis, menos os prazos de entrega que a comiss\u00e3o pedia que fossem reduzidos pela metade, tendo como pena a n\u00e3o concess\u00e3o do trabalho. Um problema imposs\u00edvel de resolver. A \u00faltima carta a jogar era o di\u00e1logo com os trabalhadores. Um conceito, este do di\u00e1logo, que Contreras h\u00e1 tempo tinha assumido e introduzido como um dos pilares da sua atividade de trabalho. Um estilo de vida que neste momento cr\u00edtico demonstrou toda a sua efic\u00e1cia. A proposta aos trabalhadores de fazer jornadas duplas foi unanimemente aceita, n\u00e3o s\u00f3 para n\u00e3o deixar de lado um trabalho, mas porque tinham confian\u00e7a nele e entre eles. Contra todas as previs\u00f5es t\u00e9cnicas, o trabalho foi feito nos prazos, e os pacientes \u00e0 espera receberam o tratamento no momento concordado.<strong><a href=\"https:\/\/www.focolare.org\/wp-content\/uploads\/2015\/12\/JorgeMarioContreras_a.jpg\"><img loading=\"lazy\" decoding=\"async\" class=\"alignleft wp-image-132857\" src=\"https:\/\/www.focolare.org\/wp-content\/uploads\/2015\/12\/JorgeMarioContreras_a.jpg\" alt=\"JorgeMarioContreras_a\" width=\"321\" height=\"239\" \/><\/a><\/strong>  <strong>Noutra ocasi\u00e3o Contreras recebeu um telefonema de um de seus dependentes.<\/strong> Era de manh\u00e3 cedo, um hor\u00e1rio em que normalmente n\u00e3o se deveria incomodar o patr\u00e3o. Mas a situa\u00e7\u00e3o era grave: a filha pequena estava passando mal e precisava urgentemente de um medicamento caro e o oper\u00e1rio n\u00e3o tinha dinheiro para compr\u00e1-lo. Contreras o ouviu como um irm\u00e3o: \u201cAgora come\u00e7o a rezar pela sua filha. \u2013 lhe disse \u2013 Assim que abrirem os bancos farei o dep\u00f3sito do dinheiro necess\u00e1rio\u201d. Contreras conta que sentiu que a sua empresa \u201ctinha se tornado uma fam\u00edlia\u201d.<\/p>\n","protected":false},"excerpt":{"rendered":"<p>O projeto Economia de Comunh\u00e3o (EdC) desembarca na Am\u00e9rica Central suscitando a curiosidade de empres\u00e1rios em busca de valores que humanizem trabalho e produ\u00e7\u00e3o. O testemunho de um arquiteto.<\/p>\n","protected":false},"author":34,"featured_media":0,"comment_status":"open","ping_status":"open","sticky":false,"template":"","format":"standard","meta":{"give_campaign_id":0,"_seopress_robots_primary_cat":"","_seopress_titles_title":"","_seopress_titles_desc":"","_seopress_robots_index":"","_et_pb_use_builder":"","_et_pb_old_content":"","_et_gb_content_width":"","footnotes":""},"categories":[909],"tags":[],"class_list":["post-334132","post","type-post","status-publish","format-standard","hentry","category-focolare-worldwide-2-4"],"_links":{"self":[{"href":"https:\/\/www.focolare.org\/pt-pt\/wp-json\/wp\/v2\/posts\/334132","targetHints":{"allow":["GET"]}}],"collection":[{"href":"https:\/\/www.focolare.org\/pt-pt\/wp-json\/wp\/v2\/posts"}],"about":[{"href":"https:\/\/www.focolare.org\/pt-pt\/wp-json\/wp\/v2\/types\/post"}],"author":[{"embeddable":true,"href":"https:\/\/www.focolare.org\/pt-pt\/wp-json\/wp\/v2\/users\/34"}],"replies":[{"embeddable":true,"href":"https:\/\/www.focolare.org\/pt-pt\/wp-json\/wp\/v2\/comments?post=334132"}],"version-history":[{"count":0,"href":"https:\/\/www.focolare.org\/pt-pt\/wp-json\/wp\/v2\/posts\/334132\/revisions"}],"wp:attachment":[{"href":"https:\/\/www.focolare.org\/pt-pt\/wp-json\/wp\/v2\/media?parent=334132"}],"wp:term":[{"taxonomy":"category","embeddable":true,"href":"https:\/\/www.focolare.org\/pt-pt\/wp-json\/wp\/v2\/categories?post=334132"},{"taxonomy":"post_tag","embeddable":true,"href":"https:\/\/www.focolare.org\/pt-pt\/wp-json\/wp\/v2\/tags?post=334132"}],"curies":[{"name":"wp","href":"https:\/\/api.w.org\/{rel}","templated":true}]}}