{"id":334140,"date":"2015-12-29T05:00:50","date_gmt":"2015-12-29T04:00:50","guid":{"rendered":"https:\/\/www.focolare.org\/palavra-de-vida-janeiro-de-2016\/"},"modified":"2024-05-16T15:26:22","modified_gmt":"2024-05-16T13:26:22","slug":"palavra-de-vida-janeiro-de-2016","status":"publish","type":"post","link":"https:\/\/www.focolare.org\/pt-pt\/palavra-de-vida-janeiro-de-2016\/","title":{"rendered":"Palavra de Vida \u2013 Janeiro de 2016"},"content":{"rendered":"<p>Quando Deus age, realiza grandes feitos. Quando criou o universo, logo \u201cviu que era bom\u201d (Gn 1,25); mas depois de ter criado o homem e a mulher, confiando-lhes toda a cria\u00e7\u00e3o, \u201cviu que era muito bom\u201d (Gn 1,31). Mas o seu feito que supera todos os outros \u00e9 aquele que Jesus realizou: com a sua morte e ressurrei\u00e7\u00e3o criou um mundo novo e um povo novo. Um povo ao qual Jesus deu a vida do C\u00e9u, uma fraternidade aut\u00eantica no acolhimento m\u00fatuo, na partilha, no dom de si. A carta de Pedro conscientiza os primeiros crist\u00e3os sobre o que o amor de Deus fez por eles: \u201cMas v\u00f3s sois a gente escolhida, o sacerd\u00f3cio r\u00e9gio, a na\u00e7\u00e3o santa, o povo que Ele adquiriu, a fim de que proclameis os grandes feitos daquele que vos chamou das trevas para a sua luz maravilhosa. V\u00f3s sois aqueles que antes n\u00e3o eram povo, agora, por\u00e9m, s\u00e3o povo de Deus; os que n\u00e3o eram objeto de miseric\u00f3rdia, agora, por\u00e9m, alcan\u00e7aram miseric\u00f3rdia\u201d (1Pd 2,9-10).  Se tamb\u00e9m n\u00f3s, como os primeiros crist\u00e3os, nos conscientiz\u00e1ssemos realmente daquilo que somos, de tudo o que a miseric\u00f3rdia de Deus realizou em n\u00f3s, entre n\u00f3s e ao nosso redor, ficar\u00edamos\u00a0 deslumbrados, n\u00e3o conseguir\u00edamos conter a alegria e sentir\u00edamos a necessidade de compartilh\u00e1-la com os outros, de  <strong> \u201cproclamar os grandes feitos do Senhor\u201d.<\/strong>  Mas ser\u00e1 dif\u00edcil, quase imposs\u00edvel, testemunhar de maneira eficaz a beleza da nova socialidade que Jesus fez surgir, se ficarmos isolados uns dos outros. Por isso \u00e9 l\u00f3gico que o convite de Pedro seja dirigido a todo o povo. N\u00e3o \u00e9 poss\u00edvel mostrarmos desaven\u00e7as e partidarismos, ou mesmo s\u00f3 indiferen\u00e7a de uns para com os outros, e depois proclamarmos: \u201cO Senhor criou um povo novo, libertou-nos do ego\u00edsmo, do \u00f3dio e dos rancores, deu-nos por lei o amor m\u00fatuo que faz de n\u00f3s um s\u00f3 cora\u00e7\u00e3o e uma s\u00f3 alma&#8230;\u201d. No nosso povo crist\u00e3o existem, sim, diferen\u00e7as nos modos de pensar, nas tradi\u00e7\u00f5es e culturas. Mas essas diversidades devem ser acolhidas com respeito, reconhecendo a beleza dessa grande variedade, com a consci\u00eancia de que a unidade n\u00e3o \u00e9 uniformidade.  \u00c9 esse o caminho a ser percorrido durante a Semana de Ora\u00e7\u00e3o pela Unidade dos Crist\u00e3os, que no hemisf\u00e9rio Norte se celebra de 18 a 25 de janeiro. Mas isso deve ser vivido tamb\u00e9m durante o ano todo. A Palavra de Vida nos convida a procurar conhecermo-nos melhor entre os crist\u00e3os de Igrejas e comunidades diferentes, a narrar uns aos outros os grandes feitos do Senhor. Ent\u00e3o, sim, haver\u00e1 credibilidade quando \u201cproclamarmos\u201d essas obras: se testemunharmos que estamos unidos entre n\u00f3s justamente nessa diversidade e que nos sustentamos concretamente uns aos outros.  Chiara Lubich incentivou com for\u00e7a esse caminho: \u201cO amor \u00e9 a mais potente for\u00e7a do mundo. Desencadeia a pac\u00edfica revolu\u00e7\u00e3o crist\u00e3 em torno de quem o vive, chegando a fazer o crist\u00e3o de hoje repetir aquilo que diziam os primeiros crist\u00e3os, muitos s\u00e9culos atr\u00e1s: \u2018Somos de ontem e j\u00e1 estamos espalhados no mundo inteiro\u2019. [&#8230;] O amor! Quanta necessidade de amor no mundo! E em n\u00f3s, crist\u00e3os! Todos n\u00f3s juntos, membros das diversas Igrejas, somos mais de um bilh\u00e3o. Muitos, portanto; e dever\u00edamos ser bem vis\u00edveis. Mas estamos t\u00e3o divididos entre n\u00f3s, que muitos n\u00e3o nos enxergam, nem enxergam Cristo atrav\u00e9s de n\u00f3s. Ele disse que o mundo haveria de nos reconhecer como disc\u00edpulos Dele e que, atrav\u00e9s de n\u00f3s, haveria de reconhec\u00ea-lo por meio do nosso amor rec\u00edproco, da unidade: \u2018Nisto conhecer\u00e3o todos que sois os meus disc\u00edpulos: se vos amardes uns aos outros\u2019 (Jo 13,35). [&#8230;] Dessa forma o tempo presente exige de cada um de n\u00f3s o amor, pede-nos unidade, comunh\u00e3o, solidariedade. E chama tamb\u00e9m as Igrejas a recompor a unidade rompida h\u00e1 s\u00e9culos\u201d.  Colabora\u00e7\u00e3o de Fabio Ciardi<\/p>\n","protected":false},"excerpt":{"rendered":"<p>\u201cSois chamados a proclamar os grandes feitos do Senhor.\u201d (1Pd 2,9)<\/p>\n","protected":false},"author":34,"featured_media":0,"comment_status":"open","ping_status":"open","sticky":false,"template":"","format":"standard","meta":{"give_campaign_id":0,"_seopress_robots_primary_cat":"","_seopress_titles_title":"","_seopress_titles_desc":"","_seopress_robots_index":"","_et_pb_use_builder":"","_et_pb_old_content":"","_et_gb_content_width":"","footnotes":""},"categories":[3160,129],"tags":[],"class_list":["post-334140","post","type-post","status-publish","format-standard","hentry","category-palavra-de-vida-pt-pt","category-sem-categoria"],"_links":{"self":[{"href":"https:\/\/www.focolare.org\/pt-pt\/wp-json\/wp\/v2\/posts\/334140","targetHints":{"allow":["GET"]}}],"collection":[{"href":"https:\/\/www.focolare.org\/pt-pt\/wp-json\/wp\/v2\/posts"}],"about":[{"href":"https:\/\/www.focolare.org\/pt-pt\/wp-json\/wp\/v2\/types\/post"}],"author":[{"embeddable":true,"href":"https:\/\/www.focolare.org\/pt-pt\/wp-json\/wp\/v2\/users\/34"}],"replies":[{"embeddable":true,"href":"https:\/\/www.focolare.org\/pt-pt\/wp-json\/wp\/v2\/comments?post=334140"}],"version-history":[{"count":0,"href":"https:\/\/www.focolare.org\/pt-pt\/wp-json\/wp\/v2\/posts\/334140\/revisions"}],"wp:attachment":[{"href":"https:\/\/www.focolare.org\/pt-pt\/wp-json\/wp\/v2\/media?parent=334140"}],"wp:term":[{"taxonomy":"category","embeddable":true,"href":"https:\/\/www.focolare.org\/pt-pt\/wp-json\/wp\/v2\/categories?post=334140"},{"taxonomy":"post_tag","embeddable":true,"href":"https:\/\/www.focolare.org\/pt-pt\/wp-json\/wp\/v2\/tags?post=334140"}],"curies":[{"name":"wp","href":"https:\/\/api.w.org\/{rel}","templated":true}]}}