{"id":334142,"date":"2015-12-29T05:00:52","date_gmt":"2015-12-29T04:00:52","guid":{"rendered":"https:\/\/www.focolare.org\/natal-no-morro\/"},"modified":"2024-05-16T15:26:22","modified_gmt":"2024-05-16T13:26:22","slug":"natal-no-morro","status":"publish","type":"post","link":"https:\/\/www.focolare.org\/pt-pt\/natal-no-morro\/","title":{"rendered":"Natal no Morro"},"content":{"rendered":"<p><strong><a href=\"https:\/\/www.focolare.org\/wp-content\/uploads\/2015\/12\/20151229-01.jpg\"><img loading=\"lazy\" decoding=\"async\" class=\"alignleft wp-image-133014\" src=\"https:\/\/www.focolare.org\/wp-content\/uploads\/2015\/12\/20151229-01.jpg\" alt=\"20151229-01\" width=\"388\" height=\"219\" \/><\/a>\u00abSonhei um focolare nos mocambos \u2013 escreve em seu di\u00e1rio <a href=\"https:\/\/www.focolare.org\/pt\/chiara-lubich\/chi-e-chiara\/\">Chiara Lubich<\/a>, no dia 21 de abril de 1964, durante uma viagem ao <a href=\"https:\/\/www.focolare.org\/pt\/focolare-worldwide\/america-sud\/brasile\/\">Brasil <\/a>\u2013 constru\u00eddo como um mocambo.<\/strong> Porque a nossa casa deve se assemelhar com o ambiente no qual se desenvolve o nosso principal apostolado \u00bb. Ainda que \u00e0 dist\u00e2ncia de anos, o sonho se realiza. Lucival, Helson, Keles (brasileiros), Estimable (haitiano), Fabrizio (italiano), h\u00e1 quase um ano deixaram a casa deles na capital Florian\u00f3polis para se transferir para o morro, uma das muitas \u201cperiferias existenciais\u201d do mundo. <strong>\u201cComo est\u00e1 indo?\u201d, perguntamos a estes <a href=\"https:\/\/www.focolare.org\/pt\/movimento-dei-focolari\/scelte-e-impegno\/focolarini\/\">focolarinos<\/a>.<\/strong> \u00abProcuramos sobretudo nos inserir no novo ambiente. Keles trabalha na escola Marista, que no morro desempenha grande import\u00e2ncia educativa e social para crian\u00e7as e adolescentes. Lucival \u2013 que trabalha na Fazenda da Esperan\u00e7a, uma comunidade de recupera\u00e7\u00e3o para jovens t\u00f3xico-dependentes \u2013 se empenhou na Associa\u00e7\u00e3o de Moradores \u201cAlto da Caieira\u201d, uma organiza\u00e7\u00e3o para tutelar os direitos dos habitantes do morro\u00bb.  <strong>Sabemos que ser aceitos pelas pessoas das favelas nem sempre \u00e9 f\u00e1cil.<\/strong> Estes cinco jovens est\u00e3o experimentando isso, ajudados tamb\u00e9m pelo padre Vilson Groh, que presta servi\u00e7o no morro h\u00e1 mais de trinta anos. \u00ab\u00c9 estando com as pessoas \u2013 dizem \u2013 que surgem as ideias. Por exemplo, algu\u00e9m lan\u00e7ou a proposta de celebrar a missa nas casas, por turnos. Assim faz uns dois meses que a cada quinta-feira se est\u00e1 fazendo isso. Enquanto que na quarta-feira, sempre em casas diferentes, se reza o ros\u00e1rio dos homens (uma pr\u00e1tica bastante comum no Brasil). N\u00e3o s\u00e3o grandes n\u00fameros (em torno de 10\/12 pessoas), mas \u00e9 uma semente lan\u00e7ada. Que j\u00e1 est\u00e1 dando os seus frutos, no sentido que, aos poucos, vemos aumentar o conhecimento e a confian\u00e7a, seja para conosco, seja rec\u00edproca entre eles. Cresce o senso de responsabilidade comunit\u00e1ria, sentir como pr\u00f3prias as car\u00eancias e as necessidades do outro\u00bb.  <strong><a href=\"https:\/\/www.focolare.org\/wp-content\/uploads\/2015\/12\/missa-con-Pe.Vilson.jpg\"><img loading=\"lazy\" decoding=\"async\" class=\"alignright wp-image-133018\" src=\"https:\/\/www.focolare.org\/wp-content\/uploads\/2015\/12\/missa-con-Pe.Vilson.jpg\" alt=\"missa con Pe.Vilson\" width=\"388\" height=\"291\" \/><\/a>Tem algum epis\u00f3dio para exemplificar?<\/strong> \u00abHavia um homem dependente de \u00e1lcool que dormia num \u201clix\u00e3o\u201d. Pe. Vilson falou disso com a comunidade, que \u201carrega\u00e7ou as mangas\u201d para inseri-lo num caminho de recupera\u00e7\u00e3o. Literalmente reconstru\u00edram a moradia dele (um barraco de madeira, de mais ou menos 3m x 4m), que inclusive mobiliaram, um trazendo um fog\u00e3o, outro a cama, outro ainda a geladeira, etc. Duas semanas atr\u00e1s, entre os 15 adolescentes crismados, ele tamb\u00e9m estava. E na quinta-feira da semana passada, a missa foi celebrada na sua casa. Tamb\u00e9m ficamos sabendo da situa\u00e7\u00e3o igualmente desumana de uma mulher e \u00e9 ainda a comunidade que est\u00e1 se ocupando para ajud\u00e1-la. Assim como s\u00e3o eles mesmos que distribuem, a quem tem mais necessidade, tudo o que conseguimos obter de roupas e alimenta\u00e7\u00e3o\u00bb. E como sinal de que os relacionamentos est\u00e3o realmente se aprofundando, contam que na \u00faltima sexta-feira umas vinte pessoas se encontraram no focolare para a \u201cconfraterniza\u00e7\u00e3o\u201d, um momento de festa pelo Natal, onde cada um levou alguma coisa. Tamb\u00e9m aqui, no morro, n\u00e3o s\u00f3 comeram juntos o \u201cchurrasco\u201d, c\u00e9lebre prato brasileiro \u00e0 base de carne, mas festejaram Jesus que mais uma vez n\u00e3o despreza nascer \u2013 como em Bel\u00e9m \u2013 na pobreza de uma favela.  &nbsp;  Chiara Lubich \u2013 Di\u00e1rio de Viagem 1964\/65 \u2013 Cidade Nova 1991.<\/p>\n","protected":false},"excerpt":{"rendered":"<p>Mont Serrat ou Servid\u00e3o de Felicidade \u00e9 um dos morros da encantadora ilha de Santa Catarina (Brasil). Tudo leva a pensar num lugar de f\u00e1bulas. Na verdade, se trata de uma favela, onde vivem tamb\u00e9m 5 focolarinos. Que festejam o Natal num barraco.<\/p>\n","protected":false},"author":34,"featured_media":0,"comment_status":"open","ping_status":"open","sticky":false,"template":"","format":"standard","meta":{"give_campaign_id":0,"_seopress_robots_primary_cat":"","_seopress_titles_title":"","_seopress_titles_desc":"","_seopress_robots_index":"","_et_pb_use_builder":"","_et_pb_old_content":"","_et_gb_content_width":"","footnotes":""},"categories":[909],"tags":[],"class_list":["post-334142","post","type-post","status-publish","format-standard","hentry","category-focolare-worldwide-2-4"],"_links":{"self":[{"href":"https:\/\/www.focolare.org\/pt-pt\/wp-json\/wp\/v2\/posts\/334142","targetHints":{"allow":["GET"]}}],"collection":[{"href":"https:\/\/www.focolare.org\/pt-pt\/wp-json\/wp\/v2\/posts"}],"about":[{"href":"https:\/\/www.focolare.org\/pt-pt\/wp-json\/wp\/v2\/types\/post"}],"author":[{"embeddable":true,"href":"https:\/\/www.focolare.org\/pt-pt\/wp-json\/wp\/v2\/users\/34"}],"replies":[{"embeddable":true,"href":"https:\/\/www.focolare.org\/pt-pt\/wp-json\/wp\/v2\/comments?post=334142"}],"version-history":[{"count":0,"href":"https:\/\/www.focolare.org\/pt-pt\/wp-json\/wp\/v2\/posts\/334142\/revisions"}],"wp:attachment":[{"href":"https:\/\/www.focolare.org\/pt-pt\/wp-json\/wp\/v2\/media?parent=334142"}],"wp:term":[{"taxonomy":"category","embeddable":true,"href":"https:\/\/www.focolare.org\/pt-pt\/wp-json\/wp\/v2\/categories?post=334142"},{"taxonomy":"post_tag","embeddable":true,"href":"https:\/\/www.focolare.org\/pt-pt\/wp-json\/wp\/v2\/tags?post=334142"}],"curies":[{"name":"wp","href":"https:\/\/api.w.org\/{rel}","templated":true}]}}