{"id":334192,"date":"2016-01-22T05:00:41","date_gmt":"2016-01-22T04:00:41","guid":{"rendered":"https:\/\/www.focolare.org\/constituir-um-povo-cristao\/"},"modified":"2024-05-16T15:26:33","modified_gmt":"2024-05-16T13:26:33","slug":"constituir-um-povo-cristao","status":"publish","type":"post","link":"https:\/\/www.focolare.org\/pt-pt\/constituir-um-povo-cristao\/","title":{"rendered":"Constituir um povo crist\u00e3o"},"content":{"rendered":"<p><strong><img loading=\"lazy\" decoding=\"async\" class=\"alignright wp-image-133835\" src=\"https:\/\/www.focolare.org\/wp-content\/uploads\/2016\/01\/20160122-a.jpg\" alt=\"20160122-a\" width=\"411\" height=\"196\" \/>\u00abCom os irm\u00e3os e irm\u00e3s das diversas Igrejas, esfor\u00e7ando-nos para viver o Evangelho juntos,<\/strong> conhecendo-nos, refor\u00e7ando o nosso amor m\u00fatuo, descobrimos como s\u00e3o grandes as riquezas do nosso patrim\u00f4nio comum: o Batismo, o Antigo e o Novo Testamento, os dogmas dos primeiros Conc\u00edlios que partilhamos, o Credo (niceno-constantinopolitano), os Padres da Igreja gregos e latinos, os m\u00e1rtires e, mais ainda, a vida da gra\u00e7a, a f\u00e9, a esperan\u00e7a, a caridade, e muitos outros dons interiores do Esp\u00edrito Santo. Al\u00e9m disso, estamos unidos pela <a href=\"https:\/\/www.focolare.org\/pt\/chiara-lubich\/spiritualita-dellunita\/\">espiritualidade da unidade<\/a>.  Antes, viv\u00edamos como se tudo isso n\u00e3o fosse realmente verdadeiro, ou n\u00e3o est\u00e1vamos cientes de tudo. Agora estamos percebendo que estas s\u00e3o as condi\u00e7\u00f5es para realizar um di\u00e1logo especial: o di\u00e1logo da vida.  Gra\u00e7as a isso, n\u00f3s j\u00e1 nos sentimos uma fam\u00edlia; percebemos que estamos compondo entre n\u00f3s \u201cum povo crist\u00e3o\u201d, que atrai leigos, mas n\u00e3o s\u00f3, tamb\u00e9m padres, pastores, bispos, etc. Logicamente ainda temos que resolver a comunh\u00e3o plena e vis\u00edvel entre as nossas Igrejas, mas j\u00e1 podemos viver assim.  N\u00e3o \u00e9 um di\u00e1logo da base que se op\u00f5e ou se justap\u00f5e ao di\u00e1logo dos l\u00edderes ou respons\u00e1veis de Igrejas, mas um di\u00e1logo do qual todos os crist\u00e3os podem participar. E este povo \u00e9 como um fermento no Movimento ecum\u00eanico que reaviva entre todos o sentido segundo o qual, sendo crist\u00e3os, batizados, e tendo a possibilidade de nos amarmos uns aos outros, todos n\u00f3s podemos contribuir para a realiza\u00e7\u00e3o do testamento de Jesus.  Ali\u00e1s, temos a esperan\u00e7a de que outras formas de di\u00e1logo &#8211; como o da caridade, do servi\u00e7o comum, da ora\u00e7\u00e3o e da teologia &#8211; podem ser potencializados pelo \u201cdi\u00e1logo da vida\u201d\u00bb.  Do livro <a href=\"http:\/\/old.cidadenova.org.br\/Livro\/309\/A-Unidade.aspx\" target=\"_blank\" rel=\"noopener\">CHIARA LUBICH &#8220;A Unidade&#8221;<\/a> (organizado por Falmi\/Gillet) &#8211; Cidade Nova<\/p>\n","protected":false},"excerpt":{"rendered":"<p>Hoje, Chiara Lubich teria completado 96 anos. Publicamos o seu testemunho dado diante de uma plen\u00e1ria do Conselho Ecum\u00eanico de Igrejas (Genebra 28.10.2002) ap\u00f3s quarenta anos de vida ecum\u00eanica dos Focolares. A contribui\u00e7\u00e3o espec\u00edfica da espiritualidade da unidade.<\/p>\n","protected":false},"author":34,"featured_media":0,"comment_status":"open","ping_status":"open","sticky":false,"template":"","format":"standard","meta":{"give_campaign_id":0,"_seopress_robots_primary_cat":"","_seopress_titles_title":"","_seopress_titles_desc":"","_seopress_robots_index":"","_et_pb_use_builder":"","_et_pb_old_content":"","_et_gb_content_width":"","footnotes":""},"categories":[910],"tags":[],"class_list":["post-334192","post","type-post","status-publish","format-standard","hentry","category-senza-categoria-2-4"],"_links":{"self":[{"href":"https:\/\/www.focolare.org\/pt-pt\/wp-json\/wp\/v2\/posts\/334192","targetHints":{"allow":["GET"]}}],"collection":[{"href":"https:\/\/www.focolare.org\/pt-pt\/wp-json\/wp\/v2\/posts"}],"about":[{"href":"https:\/\/www.focolare.org\/pt-pt\/wp-json\/wp\/v2\/types\/post"}],"author":[{"embeddable":true,"href":"https:\/\/www.focolare.org\/pt-pt\/wp-json\/wp\/v2\/users\/34"}],"replies":[{"embeddable":true,"href":"https:\/\/www.focolare.org\/pt-pt\/wp-json\/wp\/v2\/comments?post=334192"}],"version-history":[{"count":0,"href":"https:\/\/www.focolare.org\/pt-pt\/wp-json\/wp\/v2\/posts\/334192\/revisions"}],"wp:attachment":[{"href":"https:\/\/www.focolare.org\/pt-pt\/wp-json\/wp\/v2\/media?parent=334192"}],"wp:term":[{"taxonomy":"category","embeddable":true,"href":"https:\/\/www.focolare.org\/pt-pt\/wp-json\/wp\/v2\/categories?post=334192"},{"taxonomy":"post_tag","embeddable":true,"href":"https:\/\/www.focolare.org\/pt-pt\/wp-json\/wp\/v2\/tags?post=334192"}],"curies":[{"name":"wp","href":"https:\/\/api.w.org\/{rel}","templated":true}]}}