{"id":334200,"date":"2016-01-25T05:00:18","date_gmt":"2016-01-25T04:00:18","guid":{"rendered":"https:\/\/www.focolare.org\/argentina-misael-e-seu-sonho-de-paz\/"},"modified":"2024-05-16T15:26:34","modified_gmt":"2024-05-16T13:26:34","slug":"argentina-misael-e-seu-sonho-de-paz","status":"publish","type":"post","link":"https:\/\/www.focolare.org\/pt-pt\/argentina-misael-e-seu-sonho-de-paz\/","title":{"rendered":"Argentina: Misael e seu sonho de paz"},"content":{"rendered":"<p><strong><img loading=\"lazy\" decoding=\"async\" class=\"alignright\" src=\"https:\/\/www.focolare.org\/conosur\/files\/2015\/11\/007.jpg\" alt=\"\" width=\"320\" height=\"240\" \/>\u201cEu ensino em uma escola cat\u00f3lica da minha cidade, Salta, no norte da<\/strong> <a href=\"https:\/\/www.focolare.org\/pt\/focolare-worldwide\/america-sud\/argentina\/\" target=\"_blank\" rel=\"noopener\">Argentina<\/a>\u201d &#8211; diz <strong>Gabriela Carral<\/strong> -. No in\u00edcio de outubro de 2015 eu conheci <strong>Misael, um estudante de 10 anos<\/strong>, depois de um momento de ora\u00e7\u00e3o pela paz na S\u00edria, feito por ortodoxos e cat\u00f3licos. Naquele momento, a foto do pequeno Aylan, menino s\u00edrio, havia causado grande como\u00e7\u00e3o atrav\u00e9s dos meios de comunica\u00e7\u00e3o.  <strong>Misael me disse que gostaria de fazer algo pela paz em nossa escola<\/strong>, acrescentando que o que mais o fazia sofrer era saber que tantas crian\u00e7as ficaram \u00f3rf\u00e3s por causa da guerra. Combinamos de nos encontrar na hora do recreio e ele ent\u00e3o me contou que participava da comunidade ortodoxa, e estava convencido de que pod\u00edamos orar juntos pela paz: cat\u00f3licos e ortodoxos.  Alguns dias depois ele me mostrou um panfleto que tinha em sua pasta. O texto dizia: <strong>&#8220;A S\u00edria somos n\u00f3s, vamos rezar pela paz&#8221;<\/strong>. Fiquei surpresa ao ver que uma crian\u00e7a, em meio a quase 800 alunos entre ensino fundamental e m\u00e9dio, sentisse em seu cora\u00e7\u00e3o a dor de tantas pessoas que sofrem a milhares de quil\u00f4metros de dist\u00e2ncia.  Incentivando o seu desejo, eu o encorajei a expressar-se aos dirigentes da escola. Assim, <strong>nasceu a ideia de organizar uma ora\u00e7\u00e3o ecum\u00eanica pela paz<\/strong>. Pela primeira vez a palavra ecumenismo ressoou nos corredores dessa escola, entre os dirigentes, professores, estudantes.  Para concretizar o projeto, entrei em contato com um religioso da institui\u00e7\u00e3o, que compartilha comigo o ideal de realizar\u00a0 a ora\u00e7\u00e3o de Jesus:\u00a0 <a href=\"https:\/\/www.focolare.org\/pt\/chiara-lubich\/spiritualita-dellunita\/unita\/\" target=\"_blank\" rel=\"noopener\">\u201cQue todos sejam um&#8221;<\/a>. Tamb\u00e9m envolvemos nessa iniciativa padre Adolfo, da <strong>Igreja Ortodoxa de Antioquia<\/strong> e, juntos, organizamos todos os detalhes da celebra\u00e7\u00e3o.  Em um segundo momento tamb\u00e9m a <strong>Igreja Luterana<\/strong> se juntou a n\u00f3s, j\u00e1 que em nossa comunidade educativa temos um jovem volunt\u00e1rio alem\u00e3o luterano. Em seguida, foi a vez do presidente da <strong>Uni\u00e3o S\u00edrio-Libanesa<\/strong> da cidade, do <strong>c\u00f4nsul da Alemanha<\/strong> e da <strong>vice-consulesa da It\u00e1lia<\/strong>, um representante do <strong>Minist\u00e9rio da Educa\u00e7\u00e3o<\/strong>, alguns jornais e outras escolas.  <strong>O primeiro passo do projeto de Misael foi construir a paz em nossos relacionamentos cotidianos<\/strong>, e isso deu muita vida e fez brotar novas experi\u00eancias vividas entre as crian\u00e7as, a quem propusemos tamb\u00e9m o &#8220;<a href=\"https:\/\/www.focolare.org\/pt\/news\/2012\/12\/28\/riparte-il-time-out-per-la-pace\/\" target=\"_blank\" rel=\"noopener\">Time out&#8221;<\/a>, iniciativa dos\u00a0 <a href=\"https:\/\/www.focolare.org\/pt\/movimento-dei-focolari\/un-popolo\/giovani-per-un-mondo-unito\/\" target=\"_blank\" rel=\"noopener\">Jovens\u00a0 por um Mundo Unido<\/a>.  <strong><a href=\"https:\/\/www.focolare.org\/conosur\/files\/2015\/11\/001_opt.jpg\"><img loading=\"lazy\" decoding=\"async\" class=\"alignleft\" src=\"https:\/\/www.focolare.org\/conosur\/files\/2015\/11\/001_opt.jpg\" alt=\"\" width=\"387\" height=\"203\" \/><\/a><\/strong>E assim, com o cen\u00e1rio dos ataques em Paris, no dia 18 de novembro, esta iniciativa tornou-se, n\u00e3o somente um momento de ora\u00e7\u00e3o pela paz no mundo, mas tamb\u00e9m um testemunho de unidade.  Na homilia dos celebrantes conhecemos algumas <strong>hist\u00f3rias de crist\u00e3os da S\u00edria e da \u00c1frica<\/strong>; as inten\u00e7\u00f5es de paz foram lidas por uma jovem da Juventude Ortodoxa, uma senhora fez a ora\u00e7\u00e3o do Pai Nosso em \u00e1rabe e as bandeiras dos diferentes pa\u00edses nos dilataram o cora\u00e7\u00e3o, fazendo-nos sentir membros da \u00fanica fam\u00edlia humana.  Esta foi, enfim, uma celebra\u00e7\u00e3o que deixou no cora\u00e7\u00e3o de todos o sabor de algo que nunca hav\u00edamos experimentado antes de uma forma t\u00e3o forte: rela\u00e7\u00f5es fraternas, uni\u00f5es impens\u00e1veis. Os dirigentes da escola a definiram como um dia hist\u00f3rico.  &#8220;Agradecemos a Deus pela nossa liberdade \u2013 conclu\u00edam os jovens presentes \u2013 e <strong>nos empenhamos a n\u00e3o tomar partido de um lado ou do outro, mas estar do lado da paz.&#8221;<\/strong>  Gustavo Clari\u00e1<\/p>\n","protected":false},"excerpt":{"rendered":"<p>A iniciativa de um estudante de 10 anos, em uma das maiores escolas de Salta (Argentina), apoiada pela professora, abriu um espa\u00e7o de ora\u00e7\u00e3o ecum\u00eanica pela paz.<\/p>\n","protected":false},"author":34,"featured_media":0,"comment_status":"open","ping_status":"open","sticky":false,"template":"","format":"standard","meta":{"give_campaign_id":0,"_seopress_robots_primary_cat":"","_seopress_titles_title":"","_seopress_titles_desc":"","_seopress_robots_index":"","_et_pb_use_builder":"","_et_pb_old_content":"","_et_gb_content_width":"","footnotes":""},"categories":[909,910],"tags":[],"class_list":["post-334200","post","type-post","status-publish","format-standard","hentry","category-focolare-worldwide-2-4","category-senza-categoria-2-4"],"_links":{"self":[{"href":"https:\/\/www.focolare.org\/pt-pt\/wp-json\/wp\/v2\/posts\/334200","targetHints":{"allow":["GET"]}}],"collection":[{"href":"https:\/\/www.focolare.org\/pt-pt\/wp-json\/wp\/v2\/posts"}],"about":[{"href":"https:\/\/www.focolare.org\/pt-pt\/wp-json\/wp\/v2\/types\/post"}],"author":[{"embeddable":true,"href":"https:\/\/www.focolare.org\/pt-pt\/wp-json\/wp\/v2\/users\/34"}],"replies":[{"embeddable":true,"href":"https:\/\/www.focolare.org\/pt-pt\/wp-json\/wp\/v2\/comments?post=334200"}],"version-history":[{"count":0,"href":"https:\/\/www.focolare.org\/pt-pt\/wp-json\/wp\/v2\/posts\/334200\/revisions"}],"wp:attachment":[{"href":"https:\/\/www.focolare.org\/pt-pt\/wp-json\/wp\/v2\/media?parent=334200"}],"wp:term":[{"taxonomy":"category","embeddable":true,"href":"https:\/\/www.focolare.org\/pt-pt\/wp-json\/wp\/v2\/categories?post=334200"},{"taxonomy":"post_tag","embeddable":true,"href":"https:\/\/www.focolare.org\/pt-pt\/wp-json\/wp\/v2\/tags?post=334200"}],"curies":[{"name":"wp","href":"https:\/\/api.w.org\/{rel}","templated":true}]}}