{"id":334214,"date":"2016-01-30T05:00:36","date_gmt":"2016-01-30T04:00:36","guid":{"rendered":"https:\/\/www.focolare.org\/italia-o-municipio-de-asti-recebeu-o-premio-chiara-lubich-para-a-fraternidade\/"},"modified":"2024-05-16T15:26:38","modified_gmt":"2024-05-16T13:26:38","slug":"italia-o-municipio-de-asti-recebeu-o-premio-chiara-lubich-para-a-fraternidade","status":"publish","type":"post","link":"https:\/\/www.focolare.org\/pt-pt\/italia-o-municipio-de-asti-recebeu-o-premio-chiara-lubich-para-a-fraternidade\/","title":{"rendered":"It\u00e1lia: o munic\u00edpio de Asti recebeu o pr\u00eamio \u201cChiara Lubich para a fraternidade\u201d"},"content":{"rendered":"<p><strong><a href=\"https:\/\/www.focolare.org\/wp-content\/uploads\/2016\/01\/VII-premio-chiara-lubich.jpg\"><img loading=\"lazy\" decoding=\"async\" class=\"alignleft wp-image-134094\" src=\"https:\/\/www.focolare.org\/wp-content\/uploads\/2016\/01\/VII-premio-chiara-lubich.jpg\" alt=\"VII-premio-chiara-lubich\" width=\"420\" height=\"278\" \/><\/a>Asti, munic\u00edpio do Piemonte (<span id=\"result_box\" class=\"short_text\" lang=\"pt\"><span class=\"hps\">It\u00e1lia<\/span><\/span>) <\/strong>famoso no mundo pelos seus vinhos e antigo centro habitacional no per\u00edodo pr\u00e9-romano, agora conta com mais um primado: o de ser o primeiro munic\u00edpio italiano que incluiu na lei municipal o princ\u00edpio da fraternidade entre os valores inspiradores: \u201cO munic\u00edpio de Asti considera o valor da Fraternidade como condi\u00e7\u00e3o da a\u00e7\u00e3o pol\u00edtica, na consci\u00eancia comum de que a diversidade \u00e9 uma riqueza e que toda pessoa eleita nesta institui\u00e7\u00e3o \u00e9 sujeito a reconhecer igualdade de dignidade e respeito e \u00e9, portanto, chamada a antepor o bem comum aos interesses de parte, tanto pessoais quanto de grupo e de partido.\u201d Este foi o texto aprovado, em unanimidade, no dia 19 de fevereiro de 2015, texto pelo qual o munic\u00edpio mereceu o pr\u00eamio, recebido pelo prefeito Fabrizio Brignolo em Roma, no dia 22 de janeiro passado.  <strong>Como se manifesta na atua\u00e7\u00e3o da cidadania a inspira\u00e7\u00e3o a este princ\u00edpio?<\/strong> No recebimento do pr\u00eamio o prefeito de Asti frisou que a comunidade daquele munic\u00edpio \u00e9 muito ativa nos projetos que evidenciam, de maneira concreta, o valor da fraternidade: no que diz respeito \u00e0 acolhida de refugiados por meio de projetos individuais e, tamb\u00e9m, a exist\u00eancia de um sistema de servi\u00e7os sociais que miram a envolver os beneficiados em projetos de recupera\u00e7\u00e3o e autonomia de trabalho e social, para citar alguns exemplos.  <strong>Tudo simples, ent\u00e3o, na atividade pol\u00edtica do munic\u00edpio? Absolutamente n\u00e3o!<\/strong> \u201cPermanece o fato de que n\u00e3o ser\u00e3o niveladas as nossas diferen\u00e7as pol\u00edticas, ideais e culturais \u2013 afirma um vereador \u2013 e, \u00e9 verdade que, no nosso debate pol\u00edtico-administrativo, n\u00e3o faltar\u00e3o ainda os momentos de tens\u00e3o e conflitos. Mas, \u00e9 tamb\u00e9m verdade que, de hoje em diante, temos um encorajamento e um instrumento precioso a mais, que nos estimula a procurar um espa\u00e7o de concord\u00e2ncia, no qual exercitar com serenidade, a busca da edifica\u00e7\u00e3o fraterna. \u00c9, certamente, um desafio dif\u00edcil que acolhemos com confian\u00e7a e corajosamente temos a inten\u00e7\u00e3o de venc\u00ea-lo\u201d.  <strong>O pr\u00eamio da <\/strong><a href=\"http:\/\/www.cittaperlafraternita.org\/\" target=\"_blank\" rel=\"noopener\">Associa\u00e7\u00e3o Cidade pela Fraternidade<\/a><strong> foi entregue no dia 22 de janeiro passado<\/strong> pela presidente Milvia Monachesi, prefeita de Castelgandolfo e, tamb\u00e9m por Alba Sgariglia e Jo\u00e3o Manoel Motta, do Centro Chiara Lubich, do Movimento dos Focolares. A cerim\u00f4nia fez parte do simp\u00f3sio \u201cPode-se normatizar a fraternidade?\u201d moderado pelo jornalista Gianni Bianco, realizado na Sala Capitular do Pio Sodalizio dei Piceni (assista v\u00eddeo). Foram importantes os pronunciamentos do prof. Filippo Pizzolato, da Universidade Bicocca, de Mil\u00e3o, e do prof. Tiziano Vecchiato, diretor cient\u00edfico da Funda\u00e7\u00e3o Zancan, de P\u00e1dua. Igualmente importante a mesa-redonda e as experi\u00eancias dos representantes dos mun\u00edcipios que inseriram o Princ\u00edpio da Fraternidade nas respectivas leis municipais: Asti, Bra, Grottaferrata e Rocca di Papa.  Foram outorgadas men\u00e7\u00f5es a outros tr\u00eas munic\u00edpios: <\/p>\n<ul>\n<li>Men\u00e7\u00e3o honrosa especial \u00e0 <strong>cidade de Rocca di Papa<\/strong>, na qual teve in\u00edcio o projeto de cidades unidas pela fraternidade, com o projeto: \u00abDa escurid\u00e3o \u00e0 luz: \u201cquarta-feira na cidade\u201d \u00bb, com a miss\u00e3o de \u201ciluminar o que h\u00e1 de melhor e reunir cora\u00e7\u00f5es e mentes\u201d dos habitantes \u2013 italianos e estrangeiros \u2013 de Rocca di Papa.<\/li>\n<li>Men\u00e7\u00e3o honrosa ao <strong>munic\u00edpio de Tolentino,<\/strong> pelo projeto \u201cTolentino, cidade pela fraternidade\u201d e pela realiza\u00e7\u00e3o do \u201cJantar da fraternidade\u201d, tradicional evento que conta com a colabora\u00e7\u00e3o das associa\u00e7\u00f5es de voluntariado e dos cidad\u00e3os, cujo valor arrecadado \u00e9 destinado \u00e0s localidades municipais de maior pobreza.<\/li>\n<li>Men\u00e7\u00e3o honrosa ao <strong>munic\u00edpio di Grottaferrata,<\/strong> pela inclus\u00e3o do valor da fraternidade na lei municipal como condi\u00e7\u00e3o da a\u00e7\u00e3o pol\u00edtica, aprovado pela unanimidade de votos da C\u00e2mara de vereadores, no dia 27 de abril de 2015.<\/li>\n<\/ul>\n<p> https:\/\/www.youtube.com\/watch?v=cEtFoAdo6IE  https:\/\/www.youtube.com\/watch?v=P9bfpKF30Wk<\/p>\n","protected":false},"excerpt":{"rendered":"<p>O munic\u00edpio de Asti recebeu o \u201cPr\u00eamio Internacional Chiara Lubich para a fraternidade\u201d \u2013 VII edi\u00e7\u00e3o \u2013 pela atua\u00e7\u00e3o no setor pol\u00edtico inspirando-se no princ\u00edpio da fraternidade.<\/p>\n","protected":false},"author":34,"featured_media":0,"comment_status":"open","ping_status":"open","sticky":false,"template":"","format":"standard","meta":{"give_campaign_id":0,"_seopress_robots_primary_cat":"","_seopress_titles_title":"","_seopress_titles_desc":"","_seopress_robots_index":"","_et_pb_use_builder":"","_et_pb_old_content":"","_et_gb_content_width":"","footnotes":""},"categories":[909],"tags":[],"class_list":["post-334214","post","type-post","status-publish","format-standard","hentry","category-focolare-worldwide-2-4"],"_links":{"self":[{"href":"https:\/\/www.focolare.org\/pt-pt\/wp-json\/wp\/v2\/posts\/334214","targetHints":{"allow":["GET"]}}],"collection":[{"href":"https:\/\/www.focolare.org\/pt-pt\/wp-json\/wp\/v2\/posts"}],"about":[{"href":"https:\/\/www.focolare.org\/pt-pt\/wp-json\/wp\/v2\/types\/post"}],"author":[{"embeddable":true,"href":"https:\/\/www.focolare.org\/pt-pt\/wp-json\/wp\/v2\/users\/34"}],"replies":[{"embeddable":true,"href":"https:\/\/www.focolare.org\/pt-pt\/wp-json\/wp\/v2\/comments?post=334214"}],"version-history":[{"count":0,"href":"https:\/\/www.focolare.org\/pt-pt\/wp-json\/wp\/v2\/posts\/334214\/revisions"}],"wp:attachment":[{"href":"https:\/\/www.focolare.org\/pt-pt\/wp-json\/wp\/v2\/media?parent=334214"}],"wp:term":[{"taxonomy":"category","embeddable":true,"href":"https:\/\/www.focolare.org\/pt-pt\/wp-json\/wp\/v2\/categories?post=334214"},{"taxonomy":"post_tag","embeddable":true,"href":"https:\/\/www.focolare.org\/pt-pt\/wp-json\/wp\/v2\/tags?post=334214"}],"curies":[{"name":"wp","href":"https:\/\/api.w.org\/{rel}","templated":true}]}}