{"id":334220,"date":"2016-02-02T05:00:35","date_gmt":"2016-02-02T04:00:35","guid":{"rendered":"https:\/\/www.focolare.org\/vida-consagrada-irmaos-e-irmas-por-vocacao\/"},"modified":"2024-05-16T15:26:39","modified_gmt":"2024-05-16T13:26:39","slug":"vida-consagrada-irmaos-e-irmas-por-vocacao","status":"publish","type":"post","link":"https:\/\/www.focolare.org\/pt-pt\/vida-consagrada-irmaos-e-irmas-por-vocacao\/","title":{"rendered":"Vida consagrada: irm\u00e3os e irm\u00e3s por voca\u00e7\u00e3o"},"content":{"rendered":"<p><strong><a href=\"https:\/\/www.focolare.org\/wp-content\/uploads\/2016\/02\/20160201-01.jpg\"><img loading=\"lazy\" decoding=\"async\" class=\"alignleft wp-image-134156\" src=\"https:\/\/www.focolare.org\/wp-content\/uploads\/2016\/02\/20160201-01.jpg\" alt=\"20160201-01\" width=\"360\" height=\"240\" \/><\/a>Pe. Salvo, pode ajudar-nos a fazer um balan\u00e7o deste ano?<\/strong>  \u00abFoi a passagem de uma gra\u00e7a muito forte que tocou muitos \u00e2mbitos da Igreja para al\u00e9m, naturalmente, de incidir em todos os consagrados. O Papa Francisco, por meio da Congrega\u00e7\u00e3o para os Institutos de Vida Consagrada e as Sociedades de Vida Apost\u00f3lica (<a href=\"http:\/\/www.congregazionevitaconsacrata.va\/content\/vitaconsacrata\/it.html\" target=\"_blank\" rel=\"noopener\">CIVCSVA<\/a>), tamb\u00e9m animou este ano a n\u00f3s dedicado com conte\u00fados e eventos particularmente inspirados. Ainda \u00e9 cedo para fazer um balan\u00e7o. Estou convencido de que o ano foi vivido com profundidade e os frutos poder\u00e3o ser visto no tempo\u00bb.<strong>\u00a0<\/strong>  <strong>Que papel tiveram os Religiosos ligados aos Focolares?<\/strong>  \u00abA particular sensibilidade \u00e0 unidade, t\u00edpica do carisma de Chiara Lubich, oferece \u00e0s pessoas do Movimento uma esp\u00e9cie de <em>know how<\/em> que leva a privilegiar os relacionamentos e a criar comunh\u00e3o. <a href=\"https:\/\/www.focolare.org\/pt\/movimento-dei-focolari\/scelte-e-impegno\/religiosi\/\" target=\"_blank\" rel=\"noopener\">As religiosas e os religiosos ligados aos Focolares<\/a> empenharam-se nas iniciativas das pr\u00f3prias comunidades e dioceses, ou tamb\u00e9m nas atividades nacionais e da Igreja universal, levando um timbre da comunh\u00e3o. Um esp\u00edrito ansiado por toda a Igreja no seu tornar-se cada vez mais \u201ccasa e escola de comunh\u00e3o\u201d. Numa na\u00e7\u00e3o europeia foram precisamente os religiosos e as consagradas do Movimento que propuseram \u00e0 Confer\u00eancia dos Superiores Maiores o projeto de um encontro para jovens consagrados. Os respons\u00e1veis apreciaram tanto os conte\u00fados e as modalidades do projeto que assumiram a iniciativa como pr\u00f3pria. Participaram mais de 250 jovens religiosos, com impress\u00f5es e frutos realmente significativos\u00bb.  <strong>Como v\u00ea as iniciativas lan\u00e7adas pelo Santo Padre e pela Congrega\u00e7\u00e3o dos Consagrados?<\/strong>  Foram muito importantes os convites do Papa Francisco a mostrar a alegria de viver a consagra\u00e7\u00e3o e a agir profeticamente nas \u201cperiferias existenciais\u201d, como est\u00e1 escrito na sua <em><a href=\"http:\/\/w2.vatican.va\/content\/francesco\/it\/apost_letters\/documents\/papa-francesco_lettera-ap_20141121_lettera-consacrati.html\" target=\"_blank\" rel=\"noopener\">Carta Apost\u00f3lica a todos os consagrados<\/a><\/em>: \u201cEspero que \u00abfa\u00e7am despertar o mundo\u00bb, porque a nota que caracteriza a vida consagrada \u00e9 a profecia\u201d. Ele salienta um <em>proprium<\/em> da Vida Religiosa caracterizado pelo ser portadores de carismas, isto \u00e9, de dons para o bem de toda a Igreja. A CIVCSVA aprofundou o pensamento do Papa Francisco com tr\u00eas cartas: uma dedicada \u00e0 Alegria que deve distinguir os consagrados (Alegrai-vos); uma outra \u00e0 sua capacidade de ser profecia para o mundo (Despertai o mundo) e a terceira \u00e0 dimens\u00e3o contemplativa da sua vida (Contemplai). Estes tr\u00eas documentos constituem um ponto de refer\u00eancia para o futuro da Vida Consagrada na Igreja. Em rela\u00e7\u00e3o aos eventos n\u00e3o se pode n\u00e3o lembrar o encontro em Roma dos jovens religiosos no \u00faltimo m\u00eas de setembro. Foi um encontro de grande impacto, com 5 mil participantes do mundo inteiro, juntos por quatro dias. N\u00e3o \u00e9 uma coisa que si v\u00ea com muita frequ\u00eancia. Tamb\u00e9m impressionou muito, pelo significado que traz, o Col\u00f3quio ecum\u00eanico de religiosos e religiosas, realizado de 22 a 25 de janeiro de 2015. Foi o primeiro acontecimento deste g\u00eanero no Vaticano, desejado expressamente pelo Papa Francisco. Foi um sinal do progresso no caminho entre os crist\u00e3os de confiss\u00f5es diferentes. A vida consagrada, disse durante o encontro padre Jose\u0301 M. Herna\u0301ndez, Claretiano, \u00e9 chamada a \u201cser ponte e n\u00e3o um fosso\u201d entre os crist\u00e3os. Parece-me um belo aug\u00fario que exprime muito bem o caminho que nos resta percorrer\u00bb.<\/p>\n","protected":false},"excerpt":{"rendered":"<p>Conclui-se o ano dedicado pelo Papa Francisco \u00e0 Vida Consagrada. Entrevista ao padre Salvo D\u2019Orto, da Ordem dos Oblatas de Maria Imaculada, respons\u00e1vel pelo setor dos Religiosos ligados ao Movimento dos Focolares.<\/p>\n","protected":false},"author":34,"featured_media":0,"comment_status":"open","ping_status":"open","sticky":false,"template":"","format":"standard","meta":{"give_campaign_id":0,"_seopress_robots_primary_cat":"","_seopress_titles_title":"","_seopress_titles_desc":"","_seopress_robots_index":"","_et_pb_use_builder":"","_et_pb_old_content":"","_et_gb_content_width":"","footnotes":""},"categories":[129],"tags":[],"class_list":["post-334220","post","type-post","status-publish","format-standard","hentry","category-sem-categoria"],"_links":{"self":[{"href":"https:\/\/www.focolare.org\/pt-pt\/wp-json\/wp\/v2\/posts\/334220","targetHints":{"allow":["GET"]}}],"collection":[{"href":"https:\/\/www.focolare.org\/pt-pt\/wp-json\/wp\/v2\/posts"}],"about":[{"href":"https:\/\/www.focolare.org\/pt-pt\/wp-json\/wp\/v2\/types\/post"}],"author":[{"embeddable":true,"href":"https:\/\/www.focolare.org\/pt-pt\/wp-json\/wp\/v2\/users\/34"}],"replies":[{"embeddable":true,"href":"https:\/\/www.focolare.org\/pt-pt\/wp-json\/wp\/v2\/comments?post=334220"}],"version-history":[{"count":0,"href":"https:\/\/www.focolare.org\/pt-pt\/wp-json\/wp\/v2\/posts\/334220\/revisions"}],"wp:attachment":[{"href":"https:\/\/www.focolare.org\/pt-pt\/wp-json\/wp\/v2\/media?parent=334220"}],"wp:term":[{"taxonomy":"category","embeddable":true,"href":"https:\/\/www.focolare.org\/pt-pt\/wp-json\/wp\/v2\/categories?post=334220"},{"taxonomy":"post_tag","embeddable":true,"href":"https:\/\/www.focolare.org\/pt-pt\/wp-json\/wp\/v2\/tags?post=334220"}],"curies":[{"name":"wp","href":"https:\/\/api.w.org\/{rel}","templated":true}]}}