{"id":334292,"date":"2016-02-28T05:00:07","date_gmt":"2016-02-28T04:00:07","guid":{"rendered":"https:\/\/www.focolare.org\/maria-voce-a-importancia-do-dialogo-no-mundo-de-hoje\/"},"modified":"2024-05-16T15:26:56","modified_gmt":"2024-05-16T13:26:56","slug":"maria-voce-a-importancia-do-dialogo-no-mundo-de-hoje","status":"publish","type":"post","link":"https:\/\/www.focolare.org\/pt-pt\/maria-voce-a-importancia-do-dialogo-no-mundo-de-hoje\/","title":{"rendered":"Maria Voce: A import\u00e2ncia do di\u00e1logo no mundo de hoje"},"content":{"rendered":"<p><strong><a href=\"https:\/\/www.focolare.org\/wp-content\/uploads\/2016\/02\/20160117_Delhi_community_G.Taliana.jpg\"><img loading=\"lazy\" decoding=\"async\" class=\"alignleft wp-image-135373\" src=\"https:\/\/www.focolare.org\/wp-content\/uploads\/2016\/02\/20160117_Delhi_community_G.Taliana.jpg\" alt=\"20160117\" width=\"386\" height=\"290\" \/><\/a>Ap\u00f3s tracejar alguns desafios do mundo de hoje \u2013<\/strong> a amea\u00e7a \u00e0 paz e a busca da afirma\u00e7\u00e3o da pr\u00f3pria identidade \u2013 Maria Voce oferece algumas reflex\u00f5es a partir da experi\u00eancia carism\u00e1tica de di\u00e1logo proposta por <a href=\"https:\/\/www.focolare.org\/pt\/chiara-lubich\/\">Chiara Lubich.<\/a> \u00c9 o dia 26 de janeiro, no <a href=\"https:\/\/www.focolare.org\/news\/2016\/02\/17\/portugues-in-india-un-dialogo-di-cuori-e-menti\/\" target=\"_blank\" rel=\"noopener\">India International Centre<\/a> de Nova Deli.  \u00abSe procurarmos compreender quais s\u00e3o as caracter\u00edsticas espec\u00edficas que o di\u00e1logo do <a href=\"https:\/\/www.focolare.org\/pt\/movimento-dei-focolari\/\" target=\"_blank\" rel=\"noopener\">Movimento <\/a>prop\u00f5e, a primeira delas nos parece o seu fundamento. Chiara [Lubich] sempre nos ensinou a olhar para Deus como Pai de todos e, consequentemente, a olhar para cada homem e mulher que encontramos como seu filho ou sua filha e, portanto, como nosso irm\u00e3o ou irm\u00e3. Ela mesma revelou esta descoberta, escrevendo \u00e0s suas companheiras j\u00e1 em 1947: \u201cDirigir sempre o olhar para o \u00fanico Pai de tantos filhos. Depois, ver todas as criaturas como filhos do \u00fanico Pai. Com o pensamento e com o afeto do cora\u00e7\u00e3o, ultrapassar sempre todos os limites interpostos pela vida simplesmente humana e tender, constantemente e por h\u00e1bito adquirido, \u00e0 fraternidade universal num \u00fanico Pai: Deus<a href=\"#_ftn1\" name=\"_ftnref1\">[1]<\/a>\u201d.  Lembro-me com que alegria Chiara nos relatou o coment\u00e1rio da nossa car\u00edssima irm\u00e3, a prof. Kala Acharya, aqui presente, ap\u00f3s o encontro delas na \u00cdndia em 2001: \u201cCada um cresceu fechado dentro dos pr\u00f3prios muros, admirando o pr\u00f3prio jardim, sem saber que do outro lado destes muros alt\u00edssimos, existem bel\u00edssimos jardins a serem contemplados. Chegou a hora de abater estes muros e descobrir o jardim do outro\u201d.  <strong>Se este \u00e9 o fundamento, o m\u00e9todo do di\u00e1logo que Chiara nos ensina n\u00e3o pode ser sen\u00e3o o amor!<\/strong> \u00c9 um di\u00e1logo entre irm\u00e3os, portanto um di\u00e1logo entre pessoas, n\u00e3o entre ideologias ou sistemas filos\u00f3ficos. \u00c9 um di\u00e1logo que deve necessariamente ser apoiado e substanciado pela miseric\u00f3rdia, pela compaix\u00e3o, pela caridade, assim como est\u00e1 sintetizado na Regra de Ouro [Faz aos outros o que gostarias que os outros fizessem a ti].  <strong>O amor e a miseric\u00f3rdia, colocados na base do di\u00e1logo<\/strong>, n\u00e3o s\u00f3 nos permitem ver quem est\u00e1 ao nosso lado com uma nova luz, mas nos fazem descobrir a diversidade, seja ela qual for, como um dom. Chiara disse: \u201cQuem me est\u00e1 pr\u00f3ximo foi criado como um dom para mim e eu fui criada como um dom para quem me est\u00e1 pr\u00f3ximo. Na terra tudo est\u00e1 em rela\u00e7\u00e3o de amor com tudo: cada coisa com cada coisa. Mas \u00e9 preciso ser o Amor para encontrar o fio de ouro entre os seres\u201d<a href=\"#_ftn2\" name=\"_ftnref2\">2<\/a>.  <strong>Atualmente, os contatos, em virtude das imensas possibilidades <\/strong>oferecidas pelos meios de comunica\u00e7\u00e3o, se multiplicam, mas se tornam breves, ef\u00eameros, desprovidos de significado, enquanto as rela\u00e7\u00f5es se rompem ou diminuem. Somente quando se insere no relacionamento eu-tu um amor que supera a dimens\u00e3o puramente natural, os contatos podem se transformar em rela\u00e7\u00f5es, ou seja, podemos construir redes de verdadeira fraternidade. E deste ponto de vista, a religi\u00e3o \u00e9 chamada em causa para dar um sentido, uma alma, respostas verdadeiras e satisfat\u00f3rias \u00e0 humanidade confusa, traumatizada e desorientada de hoje. Constatamos nestes anos o papel insubstitu\u00edvel das religi\u00f5es para levarem os seus adeptos a se reconhecerem reciprocamente e se respeitarem, a colaborarem, e a se tornarem protagonistas na constru\u00e7\u00e3o de um mundo de paz, onde reinem a justi\u00e7a e o respeito pela pessoa humana.  Tamb\u00e9m Chiara Lubich, fundadora do Movimento dos Focolares, viveu e contagiou todos os que nela se inspiram, a viverem esta extraordin\u00e1ria aventura, na qual n\u00e3o \u00e9 suficiente um amor qualquer, mas \u00e9 necess\u00e1rio aprender uma arte, como ela mesma a definiu: a \u201carte de amar\u201d. (\u2026) Se todos vivermos esta \u201carte\u201d, atuaremos tamb\u00e9m alguns princ\u00edpios indispens\u00e1veis no di\u00e1logo entre as religi\u00f5es. Menciono alguns:  <strong>\u00a0<\/strong><strong>Unidade na diversidade. <\/strong>\u00c9 preciso que cada religi\u00e3o seja acolhida no pleno respeito a tudo o que ela considera sagrado, segundo a sua tradi\u00e7\u00e3o. Proselitismo e sincretismo s\u00e3o incompat\u00edveis com a paz. (\u2026)  <strong>Reciprocidade nos relacionamentos.<\/strong> Na partilha da espiritualidade vivida, cada um se enriquece n\u00e3o s\u00f3 sem o perigo de comprometer a pr\u00f3pria f\u00e9, mas com a possibilidade de aprofund\u00e1-la. (\u2026)  <strong>Igualdade na dignidade humana comum. <\/strong>\u00c9 a chave para qualquer relacionamento harmonioso de colabora\u00e7\u00e3o na constru\u00e7\u00e3o de sociedades democr\u00e1ticas fundamentadas na paz.  Muitos sabem como o carisma de Chiara Lubich pode ser sintetizado numa \u00fanica palavra: unidade. \u00c9 a voca\u00e7\u00e3o espec\u00edfica de todo o Movimento, que se empenha em viv\u00ea-la este ano com particular intensidade: trabalhar, empenhar-se em todas as frentes para contribuir na constru\u00e7\u00e3o de um mundo unido, e levar a unidade, a paz e a reciprocidade em todos os ambientes.  \u00c9 o que exige a fidelidade ao nosso Carisma, \u00e0quela primeira intui\u00e7\u00e3o que Chiara assim expressava desde 1946: \u201c<em>Em nosso cora\u00e7\u00e3o experimentamos algo muito evidente: a unidade \u00e9 o que Deus quer de n\u00f3s. N\u00f3s vivemos para ser uma s\u00f3 coisa com Ele, uma s\u00f3 coisa entre n\u00f3s e com todos. Esta espl\u00eandida voca\u00e7\u00e3o nos liga ao C\u00e9u e ao mesmo tempo nos imerge na fraternidade universal. N\u00e3o h\u00e1 nada maior que isto. Para n\u00f3s, nenhum ideal supera este<\/em>\u201d<a href=\"#_ftn3\" name=\"_ftnref3\">3<\/a>\u00bb.  Nova Deli, 20 de janeiro de 2016  <a href=\"#_ftnref1\" name=\"_ftn1\">[1]<\/a>LUBICH, <em>A <\/em><em>arte de amar<\/em>, Cidade Nova, S\u00e3o Paulo 2006, p. 33  <a href=\"#_ftnref2\" name=\"_ftn2\">2<\/a>LUBICH, <em>Escritos Espirituais 1, \u201cA atra\u00e7\u00e3o do tempo moderno\u201d<\/em>, Cidade Nova, S\u00e3o Paulo 1998, p. 138.  <a href=\"#_ftnref3\" name=\"_ftn3\">3<\/a>LUBICH, <em>A unidade e Jesus Abandonado<\/em>, Cidade Nova, S\u00e3o Paulo 1985, p. 29.  &nbsp;<\/p>\n","protected":false},"excerpt":{"rendered":"<p>Durante a viagem de Maria Voce, presidente dos Focolares, \u00e0 \u00cdndia, houve diversos\u00a0 encontros de car\u00e1ter inter-religioso. Propomos um trecho do seu discurso no India International Centre de Nova Deli.<\/p>\n","protected":false},"author":34,"featured_media":0,"comment_status":"open","ping_status":"open","sticky":false,"template":"","format":"standard","meta":{"give_campaign_id":0,"_seopress_robots_primary_cat":"","_seopress_titles_title":"","_seopress_titles_desc":"","_seopress_robots_index":"","_et_pb_use_builder":"","_et_pb_old_content":"","_et_gb_content_width":"","footnotes":""},"categories":[909],"tags":[],"class_list":["post-334292","post","type-post","status-publish","format-standard","hentry","category-focolare-worldwide-2-4"],"_links":{"self":[{"href":"https:\/\/www.focolare.org\/pt-pt\/wp-json\/wp\/v2\/posts\/334292","targetHints":{"allow":["GET"]}}],"collection":[{"href":"https:\/\/www.focolare.org\/pt-pt\/wp-json\/wp\/v2\/posts"}],"about":[{"href":"https:\/\/www.focolare.org\/pt-pt\/wp-json\/wp\/v2\/types\/post"}],"author":[{"embeddable":true,"href":"https:\/\/www.focolare.org\/pt-pt\/wp-json\/wp\/v2\/users\/34"}],"replies":[{"embeddable":true,"href":"https:\/\/www.focolare.org\/pt-pt\/wp-json\/wp\/v2\/comments?post=334292"}],"version-history":[{"count":0,"href":"https:\/\/www.focolare.org\/pt-pt\/wp-json\/wp\/v2\/posts\/334292\/revisions"}],"wp:attachment":[{"href":"https:\/\/www.focolare.org\/pt-pt\/wp-json\/wp\/v2\/media?parent=334292"}],"wp:term":[{"taxonomy":"category","embeddable":true,"href":"https:\/\/www.focolare.org\/pt-pt\/wp-json\/wp\/v2\/categories?post=334292"},{"taxonomy":"post_tag","embeddable":true,"href":"https:\/\/www.focolare.org\/pt-pt\/wp-json\/wp\/v2\/tags?post=334292"}],"curies":[{"name":"wp","href":"https:\/\/api.w.org\/{rel}","templated":true}]}}