{"id":334382,"date":"2016-03-28T03:00:58","date_gmt":"2016-03-28T01:00:58","guid":{"rendered":"https:\/\/www.focolare.org\/apos-grand-bassan-um-depoimento-da-costa-do-marfim\/"},"modified":"2024-05-16T15:27:16","modified_gmt":"2024-05-16T13:27:16","slug":"apos-grand-bassan-um-depoimento-da-costa-do-marfim","status":"publish","type":"post","link":"https:\/\/www.focolare.org\/pt-pt\/apos-grand-bassan-um-depoimento-da-costa-do-marfim\/","title":{"rendered":"Ap\u00f3s Grand Bassan: um depoimento da Costa do Marfim"},"content":{"rendered":"<p><strong><img loading=\"lazy\" decoding=\"async\" class=\"alignright wp-image-136730 size-full\" src=\"https:\/\/www.focolare.org\/wp-content\/uploads\/2016\/03\/20160329-01.jpg\" alt=\"20160329-01\" width=\"320\" height=\"214\" \/>No dia 13 de mar\u00e7o passado, a Costa do Marfim e o mundo inteiro foram tomados pelo estupor <\/strong>ao saber que o balne\u00e1rio de Grand-Bassam havia sido duramente atacado por desconhecidos e que era ainda dif\u00edcil contar o n\u00famero de v\u00edtimas\u00bb, escrevem Jeanne Kabaga e Damase Djato, dos Focolares de Abidjan. \u00abPodemos imaginar a carnificina, porque durante o fim de semana muitas pessoas de Abidjan, cidade situada a 40 km, e de outras partes da regi\u00e3o, v\u00e3o repousar nesta praia, diante do hotel que \u00e9 chamado \u201cl\u2019\u00e9toile du SUD\u201d. \u00c9 um lugar frequentado especialmente por turistas de muitos lugares. Grand-Bassam \u2013 recordamos \u2013 foi a primeira capital da Costa do Marfim e foi designada como patrim\u00f4nio mundial da\u00a0UNESCO\u00bb.  <div id=\"attachment_136729\" style=\"width: 310px\" class=\"wp-caption alignleft\"><img loading=\"lazy\" decoding=\"async\" aria-describedby=\"caption-attachment-136729\" class=\"wp-image-136729\" src=\"https:\/\/www.focolare.org\/wp-content\/uploads\/2016\/03\/MonsJosephSpiter.jpg\" alt=\"MonsJosephSpiteri\" width=\"300\" height=\"200\" \/><p id=\"caption-attachment-136729\" class=\"wp-caption-text\">D. Joseph Spiteri<\/p><\/div>  <strong>Naquele mesmo dia, 180 pessoas estavam reunidas em Abidjan para ressaltar a atualidade da mensagem de<\/strong> <a href=\"https:\/\/www.focolare.org\/pt\/chiara-lubich\/chi-e-chiara\/\" target=\"_blank\" rel=\"noopener\">Chiara Lubich<\/a>, que em 1996 havia recebido o pr\u00eamio UNESCO pela educa\u00e7\u00e3o \u00e0 paz, e cujo anivers\u00e1rio de morte \u00e9 o dia 14 de mar\u00e7o. Entre eles estavam o N\u00fancio Apost\u00f3lico na Costa do Marfim, D. Joseph Spiteri, e o im\u00e3 Diara. Este \u00faltimo convida, todos os anos, a comunidade dos Focolares para participar da celebra\u00e7\u00e3o do Maouloud (comemora\u00e7\u00e3o do nascimento do Profeta) em sua mesquita. \u00abPelas palavras deles \u2013 e partindo do convite feito por Chiara aos l\u00edderes pol\u00edticos, para viver a arte de amar como verdadeira terapia para o nosso tempo \u2013 redescobrimos o nosso dever comum de exercitarmo-nos, com fidelidade, em amar a todos sem distin\u00e7\u00e3o, para n\u00e3o nos perdermos no fundamentalismo, mas cultivar a esperan\u00e7a e a miseric\u00f3rdia\u00bb. \u00abA nossa tend\u00eancia \u2013 mostrou o N\u00fancio \u2013 \u00e9, ao contr\u00e1rio, deixar o julgamento passar \u00e0 frente da miseric\u00f3rdia\u00bb, enquanto que, \u00abse mu\u00e7ulmanos e crist\u00e3os se amassem\u00bb, ressaltou o im\u00e3, \u00abo mundo se salvaria\u00bb.  <strong>Os jovens e adolescentes contaram sobre a sua a\u00e7\u00e3o de coleta de assinaturas pela paz.<\/strong> Depois de terem preparado mensagens de Gandhi, Madre Teresa de Calcut\u00e1, Chiara Lubich e Dalai Lama, sa\u00edram para as ruas. \u00abN\u00e3o era f\u00e1cil aproximar-nos dos adultos para apresentar o projeto \u2013 que continuaremos tamb\u00e9m durante a Semana Mundo Unido \u2013 mas vencemos o medo\u00bb. O que mais tocou as pessoas presentes foram os depoimentos das crian\u00e7as, porque condensados com tantos epis\u00f3dios concretos que mostram o compromisso deles em serem \u201cmensageiros de paz\u201d em seu ambiente. \u00abUma vez, em casa \u2013 contou Marie Lucie \u2013 a minha irm\u00e3 menor n\u00e3o tinha lavado os pratos e, por isso, na hora do almo\u00e7o n\u00e3o t\u00ednhamos como comer. Eu disse a ela para faz\u00ea-lo, mas n\u00e3o quis. Ent\u00e3o pensei que se eu os lavasse faria um gesto de paz. Assim fiz e ent\u00e3o fomos comer\u00bb. \u00abNo col\u00e9gio \u2013 contou Prince \u2013 alguns colegas estavam gozando de outro, mais fraco, insultando-o e batendo nele. Eu e outro amigo decidimos intervir, falar com eles e explicar os nossos ideais de paz, e pedir que o deixassem. Eles aceitaram e agora somos amigos\u00bb.  <strong><img loading=\"lazy\" decoding=\"async\" class=\"alignright wp-image-136727 size-full\" src=\"https:\/\/www.focolare.org\/wp-content\/uploads\/2016\/03\/160220_Abidjan_06_rid.jpg\" alt=\"160220_Abidjan_06_rid\" width=\"300\" height=\"191\" \/>Neste contexto, a apresenta\u00e7\u00e3o da Economia de Comunh\u00e3o<\/strong>, que na Costa do Marfim j\u00e1 deu alguns passos, mostrou-se como um poss\u00edvel ant\u00eddoto \u00e0 pobreza e \u00e0 mis\u00e9ria; a\u00e7\u00f5es, tamb\u00e9m pequenas, como a atividade de Firmin em favor da instru\u00e7\u00e3o em um dos bairros de Abidjan, assumem um grande significado. E a coleta de assinaturas pela paz mostrou o compromisso pessoal assumido.  \u00abSomente ao voltar para casa \u2013 continuam Jeanne a Damase \u2013 soubemos, pela televis\u00e3o, a not\u00edcia do atentado em Grand-Bassam. Depois desse dia, no qual ouvimos falar e experimentamos a paz, <strong>\u00e9 claro<\/strong> <strong>o chamado a ser operadores de paz<\/strong>, colocando em pr\u00e1tica o que aprendemos e procurando, antes de tudo, conservar a paz em n\u00f3s, para depois do\u00e1-la ao nosso redor. Somente assim, parece-nos, podemos dar a nossa contribui\u00e7\u00e3o para desmantelar o terrorismo e qualquer tipo de \u00f3dio\u00bb.  &nbsp;<\/p>\n","protected":false},"excerpt":{"rendered":"<p>O atentado terrorista do dia 13 de mar\u00e7o, que deixou 18 mortos, trouxe grande instabilidade \u00e0 regi\u00e3o. Continuam as amea\u00e7as em v\u00e1rios pontos chave. A pequena comunidade dos Focolares n\u00e3o se rende \u00e0 viol\u00eancia, no trabalho di\u00e1rio de constru\u00e7\u00e3o da paz. As palavras do n\u00fancio e do im\u00e3.<\/p>\n","protected":false},"author":34,"featured_media":0,"comment_status":"open","ping_status":"open","sticky":false,"template":"","format":"standard","meta":{"give_campaign_id":0,"_seopress_robots_primary_cat":"","_seopress_titles_title":"","_seopress_titles_desc":"","_seopress_robots_index":"","_et_pb_use_builder":"","_et_pb_old_content":"","_et_gb_content_width":"","footnotes":""},"categories":[909],"tags":[],"class_list":["post-334382","post","type-post","status-publish","format-standard","hentry","category-focolare-worldwide-2-4"],"_links":{"self":[{"href":"https:\/\/www.focolare.org\/pt-pt\/wp-json\/wp\/v2\/posts\/334382","targetHints":{"allow":["GET"]}}],"collection":[{"href":"https:\/\/www.focolare.org\/pt-pt\/wp-json\/wp\/v2\/posts"}],"about":[{"href":"https:\/\/www.focolare.org\/pt-pt\/wp-json\/wp\/v2\/types\/post"}],"author":[{"embeddable":true,"href":"https:\/\/www.focolare.org\/pt-pt\/wp-json\/wp\/v2\/users\/34"}],"replies":[{"embeddable":true,"href":"https:\/\/www.focolare.org\/pt-pt\/wp-json\/wp\/v2\/comments?post=334382"}],"version-history":[{"count":0,"href":"https:\/\/www.focolare.org\/pt-pt\/wp-json\/wp\/v2\/posts\/334382\/revisions"}],"wp:attachment":[{"href":"https:\/\/www.focolare.org\/pt-pt\/wp-json\/wp\/v2\/media?parent=334382"}],"wp:term":[{"taxonomy":"category","embeddable":true,"href":"https:\/\/www.focolare.org\/pt-pt\/wp-json\/wp\/v2\/categories?post=334382"},{"taxonomy":"post_tag","embeddable":true,"href":"https:\/\/www.focolare.org\/pt-pt\/wp-json\/wp\/v2\/tags?post=334382"}],"curies":[{"name":"wp","href":"https:\/\/api.w.org\/{rel}","templated":true}]}}