{"id":334436,"date":"2016-04-13T03:00:08","date_gmt":"2016-04-13T01:00:08","guid":{"rendered":"https:\/\/www.focolare.org\/projeto-guarani-animado-pelos-focolares-no-paraguai\/"},"modified":"2024-05-16T15:27:29","modified_gmt":"2024-05-16T13:27:29","slug":"projeto-guarani-animado-pelos-focolares-no-paraguai","status":"publish","type":"post","link":"https:\/\/www.focolare.org\/pt-pt\/projeto-guarani-animado-pelos-focolares-no-paraguai\/","title":{"rendered":"Projeto Guarani, animado pelos Focolares, no Paraguai"},"content":{"rendered":"<p><strong><img alt=\"\" alt=\"\" loading=\"lazy\" decoding=\"async\" class=\"alignright wp-image-137228\" src=\"https:\/\/www.focolare.org\/wp-content\/uploads\/2016\/04\/20160413-05.jpg\" alt=\"\" width=\"368\" height=\"276\" \/>\u00abOs estudiosos calculam que, aproximadamente, desde o ano 3000 a.C<\/strong>. chegaram ao continente americano popula\u00e7\u00f5es provenientes do sudeste asi\u00e1tico.\u00a0<strong>Trata-se do povo Guarani<\/strong> (e n\u00e3o somente), composto por muitas etnias e que, com o passar dos s\u00e9culos, difundiu-se das Ilhas Cara\u00edbas at\u00e9 o extremo sul do continente\u00bb, explica Diana Dur\u00e1n, soci\u00f3loga paraguaia, estudiosa dos povos origin\u00e1rios da Am\u00e9rica.  <strong>O encontro com uma pequena comunidade das etnias Av\u00e1 Guarani e Mbya<\/strong> aconteceu dois anos atr\u00e1s, quando uma grande inunda\u00e7\u00e3o do rio <a href=\"https:\/\/www.focolare.org\/pt\/focolare-worldwide\/america-sud\/paraguay\/\" target=\"_blank\" rel=\"noopener\">Paraguai <\/a>obrigou o grupo ind\u00edgena, composto por 33 fam\u00edlias (115 membros) a abandonar a prec\u00e1ria col\u00f4nia, \u00e0s margens do rio, onde viviam recolhendo do adjacente dep\u00f3sito de lixo.  \u00abNo in\u00edcio procur\u00e1vamos ajud\u00e1-los com roupas, alimentos, rem\u00e9dios, apoios na sa\u00fade, como a interna\u00e7\u00e3o de um diab\u00e9tico ou a interven\u00e7\u00e3o quando um deles foi ferido com arma de fogo; ou alugar sanit\u00e1rios m\u00f3veis quando tiveram que se alojar num terreno baldio; ou ainda depois de uma tempestade, quando encontramos barracas e \u00e1gua pot\u00e1vel&#8230; mas perceb\u00edamos que essas ajudas n\u00e3o eram suficientes. <strong>Eles precisavam de um terreno que lhes desse abrigo e seguran\u00e7a\u00bb.<\/strong>  <strong>Depois de uma longa procura encontra-se um local<\/strong>: 5,5 hectares, a 4,5 km da cidade de Ita, com uma escola e o ambulat\u00f3rio m\u00e9dico pr\u00f3ximos, tudo cercado de verde e, principalmente, com a possibilidade que eles pr\u00f3prios produzissem uma horta comunit\u00e1ria para o seu sustento, e o espa\u00e7o para construir um local para cursos de forma\u00e7\u00e3o. O desafio era encontrar recursos para comprar o terreno.  <strong>\u00abBatemos em muitas portas<\/strong> \u2013 conta Diana -. Uma pessoa especializada facilitou os tr\u00e2mites para obter o status jur\u00eddico de Comunidade Ind\u00edgena, de maneira que a propriedade fosse registrada em nome deles. Al\u00e9m disso, um amigo da comunidade Menonita ofereceu-se para antecipar o pagamento do terreno, o que para n\u00f3s teria sido imposs\u00edvel. Assumimos o compromisso, junto com nossos amigos Av\u00e0, de restituir o valor um pouco de cada vez\u00bb.  <strong><img loading=\"lazy\" decoding=\"async\" class=\"alignleft wp-image-137224\" src=\"https:\/\/www.focolare.org\/wp-content\/uploads\/2016\/04\/20160413-01.jpg\" alt=\"20160413-01\" width=\"368\" height=\"276\" \/>\u00abDeus olhou-nos com um amor especial\u00bb<\/strong>, diz Bernardo Ben\u00edtez, chefe da comunidade. Um Deus que, para eles, \u00e9 \u201cPai Primitivo\u201d, e cujo principal mandato \u00e9 o do amor m\u00fatuo; est\u00e1 presente nas a\u00e7\u00f5es cotidiana e doa a terra, lugar sagrado que deve ser cuidado e onde devem ser constru\u00eddas rela\u00e7\u00f5es fraternas.  <strong>\u00abAcompanhar a comunidade Yary Mir\u00ec n\u00e3o est\u00e1 isento de sofrimentos<\/strong> \u2013 afirma ainda Diana -, devido a discrimina\u00e7\u00e3o que eles sofrem por antigos preconceitos, e tamb\u00e9m pela mis\u00e9ria em que vivem. Mas \u00e9 tamb\u00e9m uma alegria conhecer e compartilhar os seus valores comunit\u00e1rios e solid\u00e1rios, que conservam h\u00e1 s\u00e9culos, al\u00e9m de constatar o amor e a confian\u00e7a que cresce entre n\u00f3s e eles. Hoje n\u00e3o estamos sozinhos, muitos amigos nos ajudam: duas associa\u00e7\u00f5es ligadas aos Focolares (Unipar e Yvy Por\u00e0, que se ocupar\u00e1 do desenvolvimento da horta comunit\u00e1ria), dois bispos, alguns funcion\u00e1rios de institui\u00e7\u00f5es banc\u00e1rias, dois crist\u00e3os menonitas e a Pastoral Ind\u00edgena. Obtivemos quatro bolsas de estudo em Ci\u00eancias da Educa\u00e7\u00e3o para o l\u00edder deles e tr\u00eas jovens. Eles mesmos decidiram escolher esse curso \u201cporque o nosso povo precisa de instru\u00e7\u00e3o\u201d, dizem\u00bb.  <strong>\u00abAgora estou escrevendo um livro sobre a hist\u00f3ria dessa comunidade<\/strong> \u2013 conclui Diana Dur\u00e1n -, n\u00e3o apenas como den\u00fancia e para dar voz a quem n\u00e3o tem, mas como um dever para com eles, por quanto sofreram e por quanto devemos a eles. Eu o considero um passo rumo \u00e0 fraternidade universal, o ideal que nos anima\u00bb.<\/p>\n","protected":false},"excerpt":{"rendered":"<p>\u201cPequeno cedro\u201d, \u00e9 o significado sagrado do nome Yary Mir\u00ec, a comunidade Av\u00e0 Guarani com a qual um grupo do Movimento dos Focolares no Paraguai teve contato. Uma amizade com consequ\u00eancias concretas e significativas.<\/p>\n","protected":false},"author":34,"featured_media":0,"comment_status":"open","ping_status":"open","sticky":false,"template":"","format":"standard","meta":{"give_campaign_id":0,"_seopress_robots_primary_cat":"","_seopress_titles_title":"","_seopress_titles_desc":"","_seopress_robots_index":"","_et_pb_use_builder":"","_et_pb_old_content":"","_et_gb_content_width":"","footnotes":""},"categories":[909,910],"tags":[],"class_list":["post-334436","post","type-post","status-publish","format-standard","hentry","category-focolare-worldwide-2-4","category-senza-categoria-2-4"],"_links":{"self":[{"href":"https:\/\/www.focolare.org\/pt-pt\/wp-json\/wp\/v2\/posts\/334436","targetHints":{"allow":["GET"]}}],"collection":[{"href":"https:\/\/www.focolare.org\/pt-pt\/wp-json\/wp\/v2\/posts"}],"about":[{"href":"https:\/\/www.focolare.org\/pt-pt\/wp-json\/wp\/v2\/types\/post"}],"author":[{"embeddable":true,"href":"https:\/\/www.focolare.org\/pt-pt\/wp-json\/wp\/v2\/users\/34"}],"replies":[{"embeddable":true,"href":"https:\/\/www.focolare.org\/pt-pt\/wp-json\/wp\/v2\/comments?post=334436"}],"version-history":[{"count":0,"href":"https:\/\/www.focolare.org\/pt-pt\/wp-json\/wp\/v2\/posts\/334436\/revisions"}],"wp:attachment":[{"href":"https:\/\/www.focolare.org\/pt-pt\/wp-json\/wp\/v2\/media?parent=334436"}],"wp:term":[{"taxonomy":"category","embeddable":true,"href":"https:\/\/www.focolare.org\/pt-pt\/wp-json\/wp\/v2\/categories?post=334436"},{"taxonomy":"post_tag","embeddable":true,"href":"https:\/\/www.focolare.org\/pt-pt\/wp-json\/wp\/v2\/tags?post=334436"}],"curies":[{"name":"wp","href":"https:\/\/api.w.org\/{rel}","templated":true}]}}