{"id":334454,"date":"2016-04-20T14:22:55","date_gmt":"2016-04-20T12:22:55","guid":{"rendered":"https:\/\/www.focolare.org\/portugal-alta-resolucao-ajusta-o-foco-a-paz\/"},"modified":"2024-05-16T15:27:33","modified_gmt":"2024-05-16T13:27:33","slug":"portugal-alta-resolucao-ajusta-o-foco-a-paz","status":"publish","type":"post","link":"https:\/\/www.focolare.org\/pt-pt\/portugal-alta-resolucao-ajusta-o-foco-a-paz\/","title":{"rendered":"Portugal. &#8220;Alta Resolu\u00e7\u00e3o \u2013 Ajusta o foco \u00e0 Paz\u201d"},"content":{"rendered":"<p><strong>Os <\/strong><a href=\"https:\/\/www.focolare.org\/es\/movimento-dei-focolari\/un-popolo\/giovani-per-un-mondo-unito\/\" target=\"_blank\" rel=\"noopener\">Jovens para o Mundo Unido<\/a> ir\u00e3o realizar a iniciativa \u201c<em>Alta Resolu\u00e7\u00e3o \u2013 Ajusta o foco \u00e0 Paz\u201d<\/em>,\u00a0uma jornada dedicada \u00e0 Paz, no pr\u00f3ximo dia 1 de maio, na Cidadela Arco-\u00ad\u00edris (Abrigada, Portugal).  Trata-\u00adse de um evento j\u00e1 com hist\u00f3ria em <a href=\"https:\/\/www.focolare.org\/pt\/focolare-worldwide\/europa\/portogallo\/\" target=\"_blank\" rel=\"noopener\">Portugal<\/a>. Realiza-\u00adse desde 2002, de dois em dois anos\u00a0(com a caracter\u00edstica de ser sempre no dia 1 de maio), e tem contado com a participa\u00e7\u00e3o de cerca de\u00a0mil jovens portugueses e tamb\u00e9m de outras nacionalidades.  <strong>Em 2016<\/strong>, a proposta \u00e9 uma <em>alta resolu\u00e7\u00e3o<\/em> &#8211; convidar os jovens a serem protagonistas de\u00a0Fraternidade e construtores de Paz. Atrav\u00e9s de m\u00fasica, coreografias, testemunhos e uma expo de\u00a0a\u00e7\u00f5es j\u00e1 em concretiza\u00e7\u00e3o, pretende\u2010se apresentar respostas concretas em vista da persecu\u00e7\u00e3o\u00a0destes objetivos.  <strong>Este ano, o programa contar\u00e1 ainda com diversos Laborat\u00f3rios<\/strong>, onde se ir\u00e1 testar a constru\u00e7\u00e3o da\u00a0paz em v\u00e1rias \u00e1reas da sociedade como a ecologia, a arte, o di\u00e1logo intercultural, a economia, o\u00a0desporto, a comunica\u00e7\u00e3o, a ci\u00eancia e a tecnologia, entre outros.  <strong>Esta jornada insere-\u00adse no <\/strong><a href=\"http:\/\/www.unitedworldproject.org\/en\/\" target=\"_blank\" rel=\"noopener\">United World Project<\/a> (<strong>Projeto Mundo Unido<\/strong>), um projeto internacional que prop\u00f5e a fraternidade universal como paradigma das rela\u00e7\u00f5es humanas, promovendo a identifica\u00e7\u00e3o, sistematiza\u00e7\u00e3o e divulga\u00e7\u00e3o das a\u00e7\u00f5es que j\u00e1 se fazem a n\u00edvel mundial em prol da fraternidade.  <strong><a href=\"http:\/\/focolares.pt\/wp-content\/uploads\/2016\/02\/convite_1Maio.pdf\" target=\"_blank\" rel=\"noopener\">Convite<\/a><\/strong> 1 de maio 2016  https:\/\/youtu.be\/x3QV_pYb1j8  &nbsp;<\/p>\n","protected":false},"excerpt":{"rendered":"<p>Centenas de jovens re\u00fanem-\u00adse numa Jornada para afirmar o seu compromisso na constru\u00e7\u00e3o da Paz.<\/p>\n","protected":false},"author":34,"featured_media":0,"comment_status":"open","ping_status":"open","sticky":false,"template":"","format":"standard","meta":{"give_campaign_id":0,"_seopress_robots_primary_cat":"","_seopress_titles_title":"","_seopress_titles_desc":"","_seopress_robots_index":"","_et_pb_use_builder":"","_et_pb_old_content":"","_et_gb_content_width":"","footnotes":""},"categories":[129],"tags":[],"class_list":["post-334454","post","type-post","status-publish","format-standard","hentry","category-sem-categoria"],"_links":{"self":[{"href":"https:\/\/www.focolare.org\/pt-pt\/wp-json\/wp\/v2\/posts\/334454","targetHints":{"allow":["GET"]}}],"collection":[{"href":"https:\/\/www.focolare.org\/pt-pt\/wp-json\/wp\/v2\/posts"}],"about":[{"href":"https:\/\/www.focolare.org\/pt-pt\/wp-json\/wp\/v2\/types\/post"}],"author":[{"embeddable":true,"href":"https:\/\/www.focolare.org\/pt-pt\/wp-json\/wp\/v2\/users\/34"}],"replies":[{"embeddable":true,"href":"https:\/\/www.focolare.org\/pt-pt\/wp-json\/wp\/v2\/comments?post=334454"}],"version-history":[{"count":0,"href":"https:\/\/www.focolare.org\/pt-pt\/wp-json\/wp\/v2\/posts\/334454\/revisions"}],"wp:attachment":[{"href":"https:\/\/www.focolare.org\/pt-pt\/wp-json\/wp\/v2\/media?parent=334454"}],"wp:term":[{"taxonomy":"category","embeddable":true,"href":"https:\/\/www.focolare.org\/pt-pt\/wp-json\/wp\/v2\/categories?post=334454"},{"taxonomy":"post_tag","embeddable":true,"href":"https:\/\/www.focolare.org\/pt-pt\/wp-json\/wp\/v2\/tags?post=334454"}],"curies":[{"name":"wp","href":"https:\/\/api.w.org\/{rel}","templated":true}]}}