{"id":334458,"date":"2016-04-22T03:00:35","date_gmt":"2016-04-22T01:00:35","guid":{"rendered":"https:\/\/www.focolare.org\/argentina-turismo-sustentavel-em-povos-isolados\/"},"modified":"2024-05-16T15:27:34","modified_gmt":"2024-05-16T13:27:34","slug":"argentina-turismo-sustentavel-em-povos-isolados","status":"publish","type":"post","link":"https:\/\/www.focolare.org\/pt-pt\/argentina-turismo-sustentavel-em-povos-isolados\/","title":{"rendered":"Argentina: turismo sustent\u00e1vel em povos isolados"},"content":{"rendered":"<p><strong><img loading=\"lazy\" decoding=\"async\" class=\"alignleft wp-image-137546\" src=\"https:\/\/www.focolare.org\/wp-content\/uploads\/2016\/04\/20160422-01.jpg\" alt=\"20160422-01\" width=\"368\" height=\"207\" \/>Salta. Uma das prov\u00edncias mais bonitas da <\/strong><a href=\"https:\/\/www.focolare.org\/pt\/focolare-worldwide\/america-sud\/argentina\/\" target=\"_blank\" rel=\"noopener\">Argentina<\/a><strong>,<\/strong> com riquezas naturais e culturas milenares que resistiram \u00e0 conquista dos espanh\u00f3is, praticamente mais de 500 anos atr\u00e1s. Com a chegada do novo mil\u00eanio se potencializou como local tur\u00edstico, se tornando o centro indiscut\u00edvel da regi\u00e3o Noroeste argentina.  <strong>\u00abO Programa de Turismo Sustent\u00e1vel nasceu em 2010<\/strong> sob impulso da Comiss\u00e3o episcopal para as Migra\u00e7\u00f5es e o Turismo\u00bb, explica a coordenadora Paula Gonz\u00e1lez. \u00abO Noroeste argentino se comp\u00f5e essencialmente de popula\u00e7\u00f5es descendentes de povos primitivos; atualmente algumas constituem comunidades ind\u00edgenas, enquanto outras s\u00e3o camponesas. Isto demonstra o grande senso de perten\u00e7a \u00e0 terra, seja pelas atividades produtivas, seja pelas artesanais\u00bb.  <strong>Os importantes fluxos migrat\u00f3rios, vindos da Europa e Oriente M\u00e9dio e da America Latina<\/strong>, especialmente da <a href=\"https:\/\/www.focolare.org\/pt\/focolare-worldwide\/america-sud\/bolivia\/\" target=\"_blank\" rel=\"noopener\">Bol\u00edvia<\/a>, levaram a uma \u00abconviv\u00eancia de culturas, com um componente ind\u00edgena muito presente, que torna esta regi\u00e3o muito singular e com grandes desafios culturais\u00bb.  <strong>O programa nasceu para responder \u00e0 falta de trabalho<\/strong>: s\u00f3 39% da popula\u00e7\u00e3o economicamente ativa tinha um emprego. \u00abPropusemos trabalhar nas \u00e1reas rurais e mais isoladas, que eram as regi\u00f5es mais atingidas\u00bb, explica ancora a coordenadora. De fato, a geografia apresenta grandes vales, zonas rochosas e planaltos (inclusive acima dos 3000 m). \u00abIdentificamos que as maiores necessidades eram ocasionadas pelo isolamento \u2013 continua Paula Gonz\u00e1lez \u2013, que impede a venda dos seus produtos e, em algumas comunidades, tamb\u00e9m o acesso \u00e0 \u00e1gua e \u00e0 energia. As pessoas que mais sofriam as consequ\u00eancias disso eram as mulheres e os jovens\u00bb.  <strong>A Argentina naquele per\u00edodo estava se munindo de um plano nacional de desenvolvimento tur\u00edstico,<\/strong> do qual, por\u00e9m, ficavam exclu\u00eddas as comunidades rurais. Foi ent\u00e3o que a Igreja evidenciou a necessidade de se mover para criar ofertas mais equ\u00e2nimes e inclusivas. O objetivo foi gerar novas destina\u00e7\u00f5es tur\u00edsticas, baseadas nas atividades produtivo-agr\u00edcolas e artesanais, que est\u00e3o na base do sustento delas.  <strong><img loading=\"lazy\" decoding=\"async\" class=\"alignright wp-image-137547\" src=\"https:\/\/www.focolare.org\/wp-content\/uploads\/2016\/04\/20160422-02.jpg\" alt=\"20160422-02\" width=\"420\" height=\"236\" \/>\u00ab<\/strong><strong>No primeiro ano, identificamos 30 comunidades e 7 \u00e1reas-chave de desenvolvimento em 5 Prov\u00edncias<\/strong>. Hoje, ap\u00f3s quase 6 anos, estamos trabalhando in 5 \u00e1reas; s\u00e3o cerca de cinquenta os empres\u00e1rios ligados \u00e0 \u201cRede de empres\u00e1rios Turismo solid\u00e1rio NOA\u201d e se tiv\u00e9ssemos que evidenciar algo, seria a rede de organiza\u00e7\u00f5es que se associaram para trabalhar de forma articulada \u2013 nacionais, provinciais e locais \u2013 universidade, ONG e empresas. Entre as organiza\u00e7\u00f5es associadas, tivemos sempre uma estreita rela\u00e7\u00e3o com <a href=\"http:\/\/www.edc-online.org\/it\/\" target=\"_blank\" rel=\"noopener\">Economia de Comunh\u00e3o<\/a> e <a href=\"http:\/\/www.mppu.org\/it\/\" target=\"_blank\" rel=\"noopener\">Movimento pol\u00edtico pela unidade,<\/a> que foram aliados-chave. Nestes anos \u2013 conclui Paula \u2013 aquilo que deu for\u00e7a e efetividade ao desenvolvimento do projeto, foi o trabalho sobre todos os elos da corrente de valor e os relacionamentos estabelecidos entre os v\u00e1rios atores\u00bb.  <strong>J\u00e1 se percorreu um bom trecho de estrada.<\/strong> Concretizam-se projetos locais, nascem novos l\u00edderes a quem se pode delegar as atividades e podem ser vislumbrados resultados muito satisfat\u00f3rios como, por exemplo, a intera\u00e7\u00e3o e a m\u00fatua colabora\u00e7\u00e3o entre diversas comunidades que saem do anonimato e se tornam geradoras da pr\u00f3pria hist\u00f3ria.  <strong>Para saber mais:<\/strong>  <a href=\"https:\/\/programatsnoa.wordpress.com\/\" target=\"_blank\" rel=\"noopener\">Site <\/a>  <a href=\"https:\/\/youtu.be\/5yQx_hZmVec\" target=\"_blank\" rel=\"noopener\">V\u00eddeo<\/a>  &nbsp;<\/p>\n","protected":false},"excerpt":{"rendered":"<p>Na regi\u00e3o Noroeste, um projeto de turismo sustent\u00e1vel e solid\u00e1rio valoriza as comunidades rurais.<\/p>\n","protected":false},"author":34,"featured_media":0,"comment_status":"open","ping_status":"open","sticky":false,"template":"","format":"standard","meta":{"give_campaign_id":0,"_seopress_robots_primary_cat":"","_seopress_titles_title":"","_seopress_titles_desc":"","_seopress_robots_index":"","_et_pb_use_builder":"","_et_pb_old_content":"","_et_gb_content_width":"","footnotes":""},"categories":[909,910],"tags":[],"class_list":["post-334458","post","type-post","status-publish","format-standard","hentry","category-focolare-worldwide-2-4","category-senza-categoria-2-4"],"_links":{"self":[{"href":"https:\/\/www.focolare.org\/pt-pt\/wp-json\/wp\/v2\/posts\/334458","targetHints":{"allow":["GET"]}}],"collection":[{"href":"https:\/\/www.focolare.org\/pt-pt\/wp-json\/wp\/v2\/posts"}],"about":[{"href":"https:\/\/www.focolare.org\/pt-pt\/wp-json\/wp\/v2\/types\/post"}],"author":[{"embeddable":true,"href":"https:\/\/www.focolare.org\/pt-pt\/wp-json\/wp\/v2\/users\/34"}],"replies":[{"embeddable":true,"href":"https:\/\/www.focolare.org\/pt-pt\/wp-json\/wp\/v2\/comments?post=334458"}],"version-history":[{"count":0,"href":"https:\/\/www.focolare.org\/pt-pt\/wp-json\/wp\/v2\/posts\/334458\/revisions"}],"wp:attachment":[{"href":"https:\/\/www.focolare.org\/pt-pt\/wp-json\/wp\/v2\/media?parent=334458"}],"wp:term":[{"taxonomy":"category","embeddable":true,"href":"https:\/\/www.focolare.org\/pt-pt\/wp-json\/wp\/v2\/categories?post=334458"},{"taxonomy":"post_tag","embeddable":true,"href":"https:\/\/www.focolare.org\/pt-pt\/wp-json\/wp\/v2\/tags?post=334458"}],"curies":[{"name":"wp","href":"https:\/\/api.w.org\/{rel}","templated":true}]}}