{"id":334516,"date":"2016-05-11T07:37:46","date_gmt":"2016-05-11T05:37:46","guid":{"rendered":"https:\/\/www.focolare.org\/semana-de-oracao-pela-unidade-dos-cristaos-no-hemisferio-sul\/"},"modified":"2024-05-16T15:27:47","modified_gmt":"2024-05-16T13:27:47","slug":"semana-de-oracao-pela-unidade-dos-cristaos-no-hemisferio-sul","status":"publish","type":"post","link":"https:\/\/www.focolare.org\/pt-pt\/semana-de-oracao-pela-unidade-dos-cristaos-no-hemisferio-sul\/","title":{"rendered":"Semana de ora\u00e7\u00e3o pela unidade dos crist\u00e3os no hemisf\u00e9rio sul"},"content":{"rendered":"<p><img loading=\"lazy\" decoding=\"async\" class=\"alignleft wp-image-138305\" src=\"https:\/\/www.focolare.org\/wp-content\/uploads\/2016\/05\/2015-Posadas-preghiera.jpg\" alt=\"2015-Posadas-preghiera\" width=\"360\" height=\"269\" \/>Na proximidade da festa de Pentecoste, em todo o hemisf\u00e9rio sul, assim como em algumas igrejas evang\u00e9licas do norte, a convite do Conselho Ecum\u00eanico de Igrejas e juntamente com a Igreja Cat\u00f3lica, celebra-se a <a href=\"http:\/\/www.vatican.va\/roman_curia\/pontifical_councils\/chrstuni\/weeks-prayer-doc\/rc_pc_chrstuni_doc_20150526_week-prayer-2016_po.html\" target=\"_blank\" rel=\"noopener\">Semana de Ora\u00e7\u00e3o pela unidade dos crist\u00e3os<\/a>, com o tema \u201cProclamai os altos feitos do Senhor\u201d (1Pe 2,9).  O Movimento dos Focolares, em v\u00e1rias partes do mundo, trabalha ativamente, com os representantes das v\u00e1rias igrejas, na prepara\u00e7\u00e3o de momentos de encontro e reflex\u00e3o entre os fi\u00e9is e de a\u00e7\u00f5es compartilhadas entre as igrejas locais em favor dos mais necessitados. Por exemplo, em Ros\u00e1rio, Argentina, no ano passado foram coletados fundos para auxiliar um albergue de acolhida noturna para moradores de rua. No Chile, reuniram-se v\u00e1rias autoridades eclesi\u00e1sticas: o cardeal de Santiago, o arcebispo da Igreja S\u00edrio-Ortodoxa, o bispo luterano e numerosos pastores e dirigentes de movimentos e comunidades crist\u00e3s.  A Semana de Ora\u00e7\u00e3o \u00e9 ainda um ponto de partida para outras atividades durante o ano.<a href=\"https:\/\/www.focolare.org\/wp-content\/uploads\/2016\/05\/souc_nova.jpg\"><img loading=\"lazy\" decoding=\"async\" class=\"wp-image-138336 alignleft\" src=\"https:\/\/www.focolare.org\/wp-content\/uploads\/2016\/05\/souc_nova-199x200.jpg\" alt=\"souc_nova\" width=\"145\" height=\"146\" \/><\/a><\/p>\n","protected":false},"excerpt":{"rendered":"<p>Algo a mais no di\u00e1logo ecum\u00eanico<\/p>\n","protected":false},"author":34,"featured_media":0,"comment_status":"open","ping_status":"open","sticky":false,"template":"","format":"standard","meta":{"give_campaign_id":0,"_seopress_robots_primary_cat":"","_seopress_titles_title":"","_seopress_titles_desc":"","_seopress_robots_index":"","_et_pb_use_builder":"","_et_pb_old_content":"","_et_gb_content_width":"","footnotes":""},"categories":[909],"tags":[],"class_list":["post-334516","post","type-post","status-publish","format-standard","hentry","category-focolare-worldwide-2-4"],"_links":{"self":[{"href":"https:\/\/www.focolare.org\/pt-pt\/wp-json\/wp\/v2\/posts\/334516","targetHints":{"allow":["GET"]}}],"collection":[{"href":"https:\/\/www.focolare.org\/pt-pt\/wp-json\/wp\/v2\/posts"}],"about":[{"href":"https:\/\/www.focolare.org\/pt-pt\/wp-json\/wp\/v2\/types\/post"}],"author":[{"embeddable":true,"href":"https:\/\/www.focolare.org\/pt-pt\/wp-json\/wp\/v2\/users\/34"}],"replies":[{"embeddable":true,"href":"https:\/\/www.focolare.org\/pt-pt\/wp-json\/wp\/v2\/comments?post=334516"}],"version-history":[{"count":0,"href":"https:\/\/www.focolare.org\/pt-pt\/wp-json\/wp\/v2\/posts\/334516\/revisions"}],"wp:attachment":[{"href":"https:\/\/www.focolare.org\/pt-pt\/wp-json\/wp\/v2\/media?parent=334516"}],"wp:term":[{"taxonomy":"category","embeddable":true,"href":"https:\/\/www.focolare.org\/pt-pt\/wp-json\/wp\/v2\/categories?post=334516"},{"taxonomy":"post_tag","embeddable":true,"href":"https:\/\/www.focolare.org\/pt-pt\/wp-json\/wp\/v2\/tags?post=334516"}],"curies":[{"name":"wp","href":"https:\/\/api.w.org\/{rel}","templated":true}]}}