{"id":334558,"date":"2016-05-28T03:00:27","date_gmt":"2016-05-28T01:00:27","guid":{"rendered":"https:\/\/www.focolare.org\/filipinas-economia-de-comunhao-uma-economia-para-todos\/"},"modified":"2024-05-16T15:27:56","modified_gmt":"2024-05-16T13:27:56","slug":"filipinas-economia-de-comunhao-uma-economia-para-todos","status":"publish","type":"post","link":"https:\/\/www.focolare.org\/pt-pt\/filipinas-economia-de-comunhao-uma-economia-para-todos\/","title":{"rendered":"Filipinas: Economia de Comunh\u00e3o,  uma economia para todos"},"content":{"rendered":"<p><strong><a href=\"https:\/\/www.focolare.org\/wp-content\/uploads\/2016\/05\/EoC_03.jpg\"><img loading=\"lazy\" decoding=\"async\" class=\"alignright wp-image-139108\" src=\"https:\/\/www.focolare.org\/wp-content\/uploads\/2016\/05\/EoC_03.jpg\" alt=\"EoC_03\" width=\"368\" height=\"245\" \/><\/a>Foi no dia 29 de maio de 1991, que<\/strong> <a href=\"https:\/\/www.focolare.org\/pt\/chiara-lubich\/chi-e-chiara\/\">Chiara Lubich<\/a> <strong>lan\u00e7ou, em<\/strong> <a href=\"https:\/\/www.focolare.org\/pt\/focolare-worldwide\/america-sud\/brasile\/\" target=\"_blank\" rel=\"noopener\">S\u00e3o Paulo<\/a><strong>, a<\/strong> <a href=\"http:\/\/www.edc-online.org\/it\/\" target=\"_blank\" rel=\"noopener\">Economia de Comunh\u00e3o <\/a>[EdC]. Constatando as desigualdades sociais do pa\u00eds, que se tornaram evidentes pelas grandes favelas que, como \u201cuma coroa de espinhos\u201d circundam partes das metr\u00f3poles. Chiara Lubich deu origem a uma novidade que, em seguida, envolveu empres\u00e1rios e trabalhadores, estudantes, professores e pesquisadores, ricos e pobres.  <strong>Para Luigino Bruni<\/strong>, atual coordenador deste projeto, at\u00e9 hoje, os pobres permanecem no centro da EdC: \u201c\u00c9 imposs\u00edvel esquecer as in\u00fameras vezes nas quais Chiara Lubich, quando trabalh\u00e1vamos juntos, me repetia: \u2018N\u00e3o esque\u00e7a nunca que a Economia de Comunh\u00e3o, eu a fiz nascer para os pobres\u2019. Atualmente temos o dever \u00e9tico e espiritual de recolocar a pobreza e os exclu\u00eddos no centro do sistema econ\u00f4mico, pol\u00edtico e social. \u201d.  Os pobres s\u00e3o as primeiras testemunhas da experi\u00eancia nascente dos Focolares, em Trento, quando, em plena guerra, Chiara Lubich e as suas primeiras companheiras \u2013 elas tamb\u00e9m sem recursos \u2013 convidavam os pobres \u00e0 mesa e colocavam em comum o que haviam recebido.  Aquela mesma comunh\u00e3o, espiritual e material, caracteriza tamb\u00e9m hoje os protagonistas da EdC, que s\u00e3o o seu principal recurso: uma comunidade de pessoas, unidas por uma vis\u00e3o do mundo e da economia, que assume a luta pela redu\u00e7\u00e3o das pobrezas e das desigualdades. O empres\u00e1rio de comunh\u00e3o \u00e9 o ponto de refer\u00eancia do entrela\u00e7amento entre comunidade e empresas.  <strong><a href=\"https:\/\/www.focolare.org\/wp-content\/uploads\/2016\/05\/EoC_07.jpg\"><img loading=\"lazy\" decoding=\"async\" class=\"alignleft wp-image-139111\" src=\"https:\/\/www.focolare.org\/wp-content\/uploads\/2016\/05\/EoC_07.jpg\" alt=\"EoC_07\" width=\"378\" height=\"252\" \/><\/a>Os 25 anos da EdC ter\u00e3o uma express\u00e3o vis\u00edvel em um congresso internacional em <\/strong><a href=\"https:\/\/www.focolare.org\/pt\/focolare-worldwide\/asia\/filippine\/\" target=\"_blank\" rel=\"noopener\">Filipinas<\/a>,<span id=\"result_box\" class=\"short_text\" lang=\"pt\"><span class=\"\">Tagaytay<\/span><\/span> (Manila), cujo t\u00edtulo \u00e9 \u201c<em>Economia de Comunh\u00e3o, uma economia para todos<\/em>\u201d. De 25 a 29 de maio de 2016, 250 participantes far\u00e3o uma avalia\u00e7\u00e3o sobre o caminho percorrido e far\u00e3o um debate sobre as principais linhas de a\u00e7\u00e3o, em n\u00edvel mundial, para os pr\u00f3ximos anos: <\/p>\n<ul>\n<li>Formar uma rede internacional de incubadoras de empresas, com espa\u00e7os e recursos nos polos empresariais origin\u00e1rios na EdC, dispon\u00edveis a sustentar especialmente projetos de jovens empres\u00e1rios.<\/li>\n<li>Constituir um Observat\u00f3rio da Pobreza, para acertar-se que fazer frente \u00e0 pobreza seja sempre colocado ao centro e seja conforme o esp\u00edrito da EdC, uma contribui\u00e7\u00e3o para identificar as suas periferias,<\/li>\n<li>Multiplicar os Lab-Schools, laborat\u00f3rios de forma\u00e7\u00e3o no campo t\u00e9cnico, profissional e empresarial, destinados particularmente aos jov<\/li>\n<\/ul>\n<p> <strong>A escolha da \u00c1sia para esta reuni\u00e3o mundial n\u00e3o foi por acaso<\/strong>. \u201cAqui se encontram sinais do mesmo panorama que Chiara encontrou no Brasil, em 1991. Mas, aqui existem tamb\u00e9m riqueza, jovens e esp\u00edrito de empreendimento. \u00c9 evidente a liga\u00e7\u00e3o entre cria\u00e7\u00e3o de riqueza e a pobreza. A Economia de Comunh\u00e3o vive at\u00e9 que mantenha juntas ambas as coisas\u201d, afirma Luigino Bruni. \u201cDaqui a 15 anos a cota do PIB da \u00c1sia ser\u00e1 o dobro em rela\u00e7\u00e3o \u00e0 dos Estados Unidos e da Europa Ocidental. O futuro do mundo, portanto, depender\u00e1 muito do tipo de economia que se desenvolver\u00e1 na \u00c1sia. Celebrar aqui os 25 anos da Economia de Comunh\u00e3o significa reconhecer que o futuro da EdC no continente asi\u00e1tico \u00e9 uma quest\u00e3o crucial\u201d.  Contemporaneamente ao congresso nas Filipinas, outros est\u00e3o sendo realizados em v\u00e1rias partes do mundo. <a href=\"https:\/\/www.youtube.com\/watch?v=pQpqh4REvWc&amp;list=PLseXirhCvXpHfSeiIcXBqicR4Hfl4dxuB&amp;index=9\" target=\"_blank\" rel=\"noopener\">S\u00e1bado, 28 de maio, \u00e0s 21h, hora de Manila, uma conex\u00e3o via Internet <\/a>permitir\u00e1 a intera\u00e7\u00e3o com a Bol\u00edvia (Escola Interamericana de empres\u00e1rios), It\u00e1lia (Polo Lionello Bonfanti, Loppiano), M\u00e9xico (Conven\u00e7\u00e3o de empres\u00e1rios em Puebla), Eslov\u00e1quia (Conven\u00e7\u00e3o de empres\u00e1rios da Eslov\u00e1quia e Rep\u00fablica Tcheca). Participar\u00e3o da conex\u00e3o, entre outros, grupos da EdC do Brasil, Costa do Marfim, Espanha, Guatemala, Madagascar, Panam\u00e1, Portugal, R\u00fassia, e Uganda. Uma verdadeira festa. \u201cE de bodas se trata\u201d, nas palavras de Luigino Bruni. \u201cEm um mundo no qual falta a capacidade para festejar, a Economia de Comunh\u00e3o parece o milagre do p\u00e3o que se multiplica para os pobres, mas, tamb\u00e9m o milagre do vinho nas bodas que chega para os pobres e para todos, o milagre da festa da fraternidade\u201d.  <a href=\"http:\/\/www.edc-online.org\/br\/\">Edc-online.org\/br\/<\/a>  SERVI\u00c7O DE \u00a0INFORMA\u00c7\u00c3O &#8211; <a href=\"https:\/\/www.focolare.org\/press\/files\/2016\/05\/20160527_25-anni-di-Economia-di-comunione_CS_PT.pdf\" target=\"_blank\" rel=\"noopener\">Comunicado \u2013 27 de maio de 2016<\/a>  https:\/\/www.youtube.com\/playlist?list=PLseXirhCvXpHfSeiIcXBqicR4Hfl4dxuB<\/p>\n","protected":false},"excerpt":{"rendered":"<p>No 25\u00ba anivers\u00e1rio da Economia de Comunh\u00e3o, um Congresso internacional nas Filipinas, de 25 a 29 de maio de 2016, com muitos pa\u00edses conectados na rede. Uma &#8220;festa da fraternidade&#8221;.<\/p>\n","protected":false},"author":34,"featured_media":0,"comment_status":"open","ping_status":"open","sticky":false,"template":"","format":"standard","meta":{"give_campaign_id":0,"_seopress_robots_primary_cat":"","_seopress_titles_title":"","_seopress_titles_desc":"","_seopress_robots_index":"","_et_pb_use_builder":"","_et_pb_old_content":"","_et_gb_content_width":"","footnotes":""},"categories":[909],"tags":[],"class_list":["post-334558","post","type-post","status-publish","format-standard","hentry","category-focolare-worldwide-2-4"],"_links":{"self":[{"href":"https:\/\/www.focolare.org\/pt-pt\/wp-json\/wp\/v2\/posts\/334558","targetHints":{"allow":["GET"]}}],"collection":[{"href":"https:\/\/www.focolare.org\/pt-pt\/wp-json\/wp\/v2\/posts"}],"about":[{"href":"https:\/\/www.focolare.org\/pt-pt\/wp-json\/wp\/v2\/types\/post"}],"author":[{"embeddable":true,"href":"https:\/\/www.focolare.org\/pt-pt\/wp-json\/wp\/v2\/users\/34"}],"replies":[{"embeddable":true,"href":"https:\/\/www.focolare.org\/pt-pt\/wp-json\/wp\/v2\/comments?post=334558"}],"version-history":[{"count":0,"href":"https:\/\/www.focolare.org\/pt-pt\/wp-json\/wp\/v2\/posts\/334558\/revisions"}],"wp:attachment":[{"href":"https:\/\/www.focolare.org\/pt-pt\/wp-json\/wp\/v2\/media?parent=334558"}],"wp:term":[{"taxonomy":"category","embeddable":true,"href":"https:\/\/www.focolare.org\/pt-pt\/wp-json\/wp\/v2\/categories?post=334558"},{"taxonomy":"post_tag","embeddable":true,"href":"https:\/\/www.focolare.org\/pt-pt\/wp-json\/wp\/v2\/tags?post=334558"}],"curies":[{"name":"wp","href":"https:\/\/api.w.org\/{rel}","templated":true}]}}