{"id":334600,"date":"2016-06-12T03:00:26","date_gmt":"2016-06-12T01:00:26","guid":{"rendered":"https:\/\/www.focolare.org\/a-misericordia-na-espiritualidade-de-chiara-lubich\/"},"modified":"2024-05-16T15:28:05","modified_gmt":"2024-05-16T13:28:05","slug":"a-misericordia-na-espiritualidade-de-chiara-lubich","status":"publish","type":"post","link":"https:\/\/www.focolare.org\/pt-pt\/a-misericordia-na-espiritualidade-de-chiara-lubich\/","title":{"rendered":"A miseric\u00f3rdia na espiritualidade de Chiara Lubich"},"content":{"rendered":"<p><strong><a href=\"https:\/\/www.focolare.org\/wp-content\/uploads\/2016\/06\/20160612-01.jpg\"><img loading=\"lazy\" decoding=\"async\" class=\"wp-image-139713 alignleft\" src=\"https:\/\/www.focolare.org\/wp-content\/uploads\/2016\/06\/20160612-01.jpg\" alt=\"20160612-01\" width=\"386\" height=\"232\" \/><\/a>\u201cMisericordiosos como o Pai\u201d \u00e9 o programa de vida proposto pelo papa Francisco<\/strong> para o Ano Santo. \u201cDe fato, na miseric\u00f3rdia \u2013 se l\u00ea na <a href=\"https:\/\/w2.vatican.va\/content\/francesco\/pt\/apost_letters\/documents\/papa-francesco_bolla_20150411_misericordiae-vultus.html\" target=\"_blank\" rel=\"noopener\">Bula de proclama\u00e7\u00e3o<\/a> \u2013, temos a prova de como Deus ama. Ele d\u00e1 tudo de Si mesmo, para sempre, gratuitamente e sem pedir nada em troca. Vem em nosso aux\u00edlio, quando O invocamos. (\u2026). E a ajuda d\u2019Ele consiste em fazer-nos sentir a sua presen\u00e7a e proximidade\u201d (MV 14). E \u00e9 este rosto de Amor \u2013 Miseric\u00f3rdia que revela plenamente a Paternidade de Deus. Deus \u00e9 Amor: \u00e9 a centelha inspiradora na origem do <a href=\"https:\/\/www.focolare.org\/pt\/chiara-lubich\/spiritualita-dellunita\/\" target=\"_blank\" rel=\"noopener\">carisma da unidade<\/a>, que o Esp\u00edrito Santo na nossa \u00e9poca doou a <a href=\"https:\/\/www.focolare.org\/pt\/chiara-lubich\/chi-e-chiara\/\" target=\"_blank\" rel=\"noopener\">Chiara Lubich.<\/a> (\u2026) Ent\u00e3o, Chiara descobre n\u00e3o um Deus distante, inacess\u00edvel, estranho \u00e0 sua vida, mas o rosto paterno d\u2019Ele (\u2026). Portanto, tudo o que acontece \u00e9 visto como realiza\u00e7\u00e3o do seu plano de amor sobre cada um, como prova tang\u00edvel do seu olhar vigilante, da sua presen\u00e7a e proximidade. \u201cQuanto a v\u00f3s, at\u00e9 os cabelos da cabe\u00e7a est\u00e3o todos contados\u201d (Mt 10,30). \u00c9 um amor paterno que prov\u00ea a todas as necessidades, inclusive as mais insignificantes, at\u00e9 preencher tamb\u00e9m os vazios deixados pelas nossas imperfei\u00e7\u00f5es, pelas nossas faltas, pelos nossos pecados. \u00c9 o rosto do Pai misericordioso que \u2013 mediante o Filho encarnado \u2013 se manifesta, que revela plenamente o seu amor de miseric\u00f3rdia.  <strong>Epis\u00f3dios evang\u00e9licos sobre a miseric\u00f3rdia<\/strong>  Nos v\u00e1rios documentos magisteriais dedicados ao tema da miseric\u00f3rdia, se faz sempre refer\u00eancia \u00e0quelas passagens evang\u00e9licas que melhor o ilustram. Um exemplo cl\u00e1ssico \u00e9 a par\u00e1bola do filho pr\u00f3digo (Lc 15,11-32). (\u2026) Uma vez, Chiara se encontrou ilustrando esta par\u00e1bola a um numeroso grupo de jovens reunidos na Catedral de Paderborn, na Alemanha. Foi no dia 12 de junho de 1999. Eis as suas palavras:  <strong>\u201cO pai do filho pr\u00f3digo devia ter muito trabalho<\/strong>: administrar a fazenda, seguir os empregados, a fam\u00edlia, mas a sua atitude principal era a da espera, da espera do filho que tinha ido embora. Todos os dias ele subia \u00e0 torre de sua casa e olhava ao horizonte. O Pai Celeste faz o mesmo conosco. Imaginem, jovens, se puderem, a divina, alt\u00edssima e din\u00e2mica vida trinit\u00e1ria de Deus, a sua atividade cont\u00ednua para sustentar a cria\u00e7\u00e3o, para dar o lugar a quem sobe ao Para\u00edso.  <strong>E no entanto, ele faz sobretudo uma coisa: ele espera. Quem? N\u00f3s, eu, voc\u00eas,<\/strong> especialmente se nos encontr\u00e1ssemos afastados dele. Um belo dia aquele filho, que o pai terreno tanto amava, tendo esbanjado todos os seus bens, volta para casa. O pai o abra\u00e7a, o veste com uma roupa fina, coloca um anel em seu dedo, pede que se prepare um novilho gordo para a festa.<strong> <\/strong>  <strong>O que isso nos faz pensar? Que Ele deseja ver o seu filho todo renovado<\/strong>. N\u00e3o quer mais lembrar como ele era antes. E n\u00e3o s\u00f3 quer perdo\u00e1-lo, mas chega at\u00e9 mesmo a esquecer o seu passado. Este \u00e9 o seu amor por ele na par\u00e1bola. Assim \u00e9 o amor de Deus Pai por n\u00f3s na vida: nos perdoa e esquece\u201d.  Fonte: <a href=\"http:\/\/www.centrochiaralubich.org\/pt\/\" target=\"_blank\" rel=\"noopener\">Centro Chiara Lubich<\/a>  <a href=\"http:\/\/centrochiaralubich.org\/it\/pdf\/eventi\/2036-sgariglia-20160514-1-1.html\" target=\"_blank\" rel=\"noopener\">Texto integral de Alba Sgariglia (em italiano)<\/a><\/p>\n","protected":false},"excerpt":{"rendered":"<p>Alba Sgariglia, correspons\u00e1vel do Centro Chiara Lubich, rel\u00ea os pontos da espiritualidade da unidade \u00e0 luz da Miseric\u00f3rdia, com uma imers\u00e3o nos textos de Chiara. Publicamos em tr\u00eas partes o seu discurso pronunciado num ciclo de confer\u00eancias sobre a Miseric\u00f3rdia.<\/p>\n","protected":false},"author":34,"featured_media":0,"comment_status":"open","ping_status":"open","sticky":false,"template":"","format":"standard","meta":{"give_campaign_id":0,"_seopress_robots_primary_cat":"","_seopress_titles_title":"","_seopress_titles_desc":"","_seopress_robots_index":"","_et_pb_use_builder":"","_et_pb_old_content":"","_et_gb_content_width":"","footnotes":""},"categories":[129],"tags":[],"class_list":["post-334600","post","type-post","status-publish","format-standard","hentry","category-sem-categoria"],"_links":{"self":[{"href":"https:\/\/www.focolare.org\/pt-pt\/wp-json\/wp\/v2\/posts\/334600","targetHints":{"allow":["GET"]}}],"collection":[{"href":"https:\/\/www.focolare.org\/pt-pt\/wp-json\/wp\/v2\/posts"}],"about":[{"href":"https:\/\/www.focolare.org\/pt-pt\/wp-json\/wp\/v2\/types\/post"}],"author":[{"embeddable":true,"href":"https:\/\/www.focolare.org\/pt-pt\/wp-json\/wp\/v2\/users\/34"}],"replies":[{"embeddable":true,"href":"https:\/\/www.focolare.org\/pt-pt\/wp-json\/wp\/v2\/comments?post=334600"}],"version-history":[{"count":0,"href":"https:\/\/www.focolare.org\/pt-pt\/wp-json\/wp\/v2\/posts\/334600\/revisions"}],"wp:attachment":[{"href":"https:\/\/www.focolare.org\/pt-pt\/wp-json\/wp\/v2\/media?parent=334600"}],"wp:term":[{"taxonomy":"category","embeddable":true,"href":"https:\/\/www.focolare.org\/pt-pt\/wp-json\/wp\/v2\/categories?post=334600"},{"taxonomy":"post_tag","embeddable":true,"href":"https:\/\/www.focolare.org\/pt-pt\/wp-json\/wp\/v2\/tags?post=334600"}],"curies":[{"name":"wp","href":"https:\/\/api.w.org\/{rel}","templated":true}]}}