{"id":334632,"date":"2016-06-27T06:34:48","date_gmt":"2016-06-27T04:34:48","guid":{"rendered":"https:\/\/www.focolare.org\/europa-encontro-reconciliacao-futuro\/"},"modified":"2024-05-16T15:28:14","modified_gmt":"2024-05-16T13:28:14","slug":"europa-encontro-reconciliacao-futuro","status":"publish","type":"post","link":"https:\/\/www.focolare.org\/pt-pt\/europa-encontro-reconciliacao-futuro\/","title":{"rendered":"Europa: Encontro. Reconcilia\u00e7\u00e3o. Futuro."},"content":{"rendered":"<p><a href=\"http:\/\/www.together4europe.org\/\"><img loading=\"lazy\" decoding=\"async\" class=\"alignnone wp-image-140075\" src=\"https:\/\/www.focolare.org\/wp-content\/uploads\/2016\/06\/Slide_Together4Unity_b.jpg\" alt=\"Slide_Together4Unity_b\" width=\"600\" height=\"125\" \/><\/a>  <strong>O resultado do recente referendum brit\u00e2nico<\/strong> \u00e9 um dos muitos sintomas da fragmenta\u00e7\u00e3o da Europa, ulterior confirma\u00e7\u00e3o que n\u00e3o bastam medidas <em>funcionais<\/em> para dar sentido e convic\u00e7\u00e3o a uma perten\u00e7a comum. Tempo de crise que requer novas reflex\u00f5es e propostas corajosas. Momento prop\u00edcio de <em>Juntos pela Europa<\/em>, claro sinal p\u00fablico de renova\u00e7\u00e3o do continente, com a pr\u00f3xima etapa em Munique, de 30 de junho a 2 de julho de 2016.  <strong>Quem conhece <em>Juntos pela Europa<\/em><\/strong> sabe que n\u00e3o \u00e9 um evento, mas, um caminho de unidade na diversidade que iniciado em 1999, envolve um n\u00famero sempre crescente \u2013 atualmente mais de 300 \u2013 de Movimentos e Comunidades de v\u00e1rias Igrejas de diversos pa\u00edses da Europa, cientes de fazer parte de uma minoria esperan\u00e7osa. Um processo que, atrav\u00e9s do encontro e da reconcilia\u00e7\u00e3o, produziu os seus efeitos: Comunidade e Movimentos valorizam o ato de encontrar-se, de descobrirem-se complementares, a confian\u00e7a rec\u00edproca transforma as pessoas.  <strong>\u00a0<\/strong><strong>Programa. <\/strong>No dia 30 de junho e 1\u00ba de julho haver\u00e1 um Congresso, no Circus-Krone-Bau, para 1500 respons\u00e1veis e colaboradores, articulado em 36 f\u00f3runs e mesas-redondas. Entre os participantes especialistas est\u00e1 o Cardeal Peter Turkson. No dia 2 de julho haver\u00e1 uma manifesta\u00e7\u00e3o na central Karlsplatz (Stachus) de Munique, aberta ao p\u00fablico. Est\u00e3o previstos, entre outros, o discurso do Secret\u00e1rio geral do Conselho Ecum\u00eanico das Igrejas, Olav Fykse Tveit, dos cardeais cat\u00f3licos Kurt Koch e Reinhard Marx, dos bispos evang\u00e9licos Frank Otfried July e Heinrich Bedford-Strohm, do metropolita ortodoxo Serafim Joanta, representado as v\u00e1rias Igrejas. Os pronunciamentos dos Movimentos e Comunidades ser\u00e3o feitos por Maria Voce (Movimento dos Focolares), Gerhard Pross (YMCA Esslingen), Andrea Riccardi (Comunidade Santo Eg\u00eddio), Michelle Moran (ICCRS), Walter Heidenreich (FCJG L\u00fcdenscheid), P. Heinrich Walter (Movimento Schoenstatt).\u00a0<span style=\"color: #000000\">Ativa e criativa a participa\u00e7\u00e3o dos jovens desde a prepara\u00e7\u00e3o. <\/span>  Papa Francisco e o Patriarca ecum\u00eanico Bartolomeu I enviar\u00e3o mensagens pessoais gravadas em v\u00eddeo.  Haver\u00e1 uma transmiss\u00e3o direta, com tradu\u00e7\u00e3o em sete l\u00ednguas que permitir\u00e1 seguir o programa (<a href=\"http:\/\/www.togheter4europe.org\">www.togheter4europe.org<\/a>).  <strong>Nas tem\u00e1ticas que ser\u00e3o tratadas<\/strong>, entre as quais integra\u00e7\u00e3o e reconcilia\u00e7\u00e3o, solidariedade com os mais fracos, sustentabilidade e tutela ambiental, crist\u00e3os e mu\u00e7ulmanos em di\u00e1logo, matrim\u00f4nio e fam\u00edlia, economia, quer-se colocar em relevo uma responsabilidade que vai al\u00e9m da Europa, porque esta, segundo Maria Voce, \u00ab<em>possui, para doar ao mundo, a experi\u00eancia desses dois mil anos de cristianismo, que fez maturar ideias, cultura, vida, a\u00e7\u00f5es que servem para o mundo de hoje e que, infelizmente, at\u00e9 agora n\u00e3o vieram muito em evid\u00eancia<\/em>. \u00bb  <strong>O evento de Munique<\/strong> fundamenta-se em uma consistente trajet\u00f3ria de reflex\u00e3o, debate e partilha de contatos e experi\u00eancias. Muito importante a mesa-redonda, realizada em Genebra no dia 21 de abril passado, organizada pelo Conselho Ecum\u00eanico das Igrejas e pelo Movimento dos Focolares, com o t\u00edtulo: \u201cEuropa, qual identidade, quais valores.\u201d Naquela ocasi\u00e3o, Pasquale Ferrara, diplomata e professor universit\u00e1rio, afirmou que atualmente, na Europa, mais que falar de refer\u00eancia \u00e0s pr\u00f3prias ra\u00edzes crist\u00e3s, \u00e9 necess\u00e1rio produzir juntos \u00ab<em>frutos crist\u00e3os<\/em>\u00bb. E apresentar como parte da solu\u00e7\u00e3o \u00ab\u2018<em>a regra de ouro<\/em>\u2019<em>, que nos exorta a fazer aos outros o que gostar\u00edamos fosse feito a n\u00f3s<\/em>\u00bb. Essa regra \u2013 afirmou Ferrara \u2013 \u00ab<em>n\u00e3o \u00e9 somente um valor \u00e9tico, mas, assume uma dimens\u00e3o pol\u00edtica, uma vez que se trata de repensar a natureza e o car\u00e1ter da comunidade pol\u00edtica<\/em>\u00bb.  <em>Juntos pela Europa<\/em> mostra-se como um dos sujeitos capazes de interpretar esta dimens\u00e3o, inspirando e motivando pessoas de diversas gera\u00e7\u00f5es e comunidades, pertencentes de maneira transversal aos povos da Europa, encarnando no cotidiano os valores da justi\u00e7a, acolhida, reconcilia\u00e7\u00e3o e paz. Uma componente para edificar aquela \u00abE<em>uropa protagonista<\/em>\u00bb que, nas palavras do papa Francisco ao Parlamento Europeu, em novembro de 2014, \u00ab<em>contempla o c\u00e9u e segue ideais, olha, defende e tutela o homem, caminha na terra segura e firme, precioso ponto de refer\u00eancia para toda a humanidade<\/em>\u00bb\u201d  <em>A manifesta\u00e7\u00e3o em Munique tem o patroc\u00ednio da Unesco, do Conselho da Europa, do Parlamento Europeu e da Comiss\u00e3o Europeia.<\/em>  <a href=\"https:\/\/www.focolare.org\/press\/files\/2016\/06\/20160627-Incontro-Riconciliazione-Futuro_Insieme-per-lEuropa_PT.pdf\" target=\"_blank\" rel=\"noopener\">Release SIF\u00a0<\/a><\/p>\n","protected":false},"excerpt":{"rendered":"<p>De 30 de junho a 2 de julho de 2016, em Munique, Alemanha, crist\u00e3os de mais de 300 Movimentos e Comunidades da rede ecum\u00eanica Juntos pela Europa. Release.<\/p>\n","protected":false},"author":34,"featured_media":0,"comment_status":"open","ping_status":"open","sticky":false,"template":"","format":"standard","meta":{"give_campaign_id":0,"_seopress_robots_primary_cat":"","_seopress_titles_title":"","_seopress_titles_desc":"","_seopress_robots_index":"","_et_pb_use_builder":"","_et_pb_old_content":"","_et_gb_content_width":"","footnotes":""},"categories":[909],"tags":[],"class_list":["post-334632","post","type-post","status-publish","format-standard","hentry","category-focolare-worldwide-2-4"],"_links":{"self":[{"href":"https:\/\/www.focolare.org\/pt-pt\/wp-json\/wp\/v2\/posts\/334632","targetHints":{"allow":["GET"]}}],"collection":[{"href":"https:\/\/www.focolare.org\/pt-pt\/wp-json\/wp\/v2\/posts"}],"about":[{"href":"https:\/\/www.focolare.org\/pt-pt\/wp-json\/wp\/v2\/types\/post"}],"author":[{"embeddable":true,"href":"https:\/\/www.focolare.org\/pt-pt\/wp-json\/wp\/v2\/users\/34"}],"replies":[{"embeddable":true,"href":"https:\/\/www.focolare.org\/pt-pt\/wp-json\/wp\/v2\/comments?post=334632"}],"version-history":[{"count":0,"href":"https:\/\/www.focolare.org\/pt-pt\/wp-json\/wp\/v2\/posts\/334632\/revisions"}],"wp:attachment":[{"href":"https:\/\/www.focolare.org\/pt-pt\/wp-json\/wp\/v2\/media?parent=334632"}],"wp:term":[{"taxonomy":"category","embeddable":true,"href":"https:\/\/www.focolare.org\/pt-pt\/wp-json\/wp\/v2\/categories?post=334632"},{"taxonomy":"post_tag","embeddable":true,"href":"https:\/\/www.focolare.org\/pt-pt\/wp-json\/wp\/v2\/tags?post=334632"}],"curies":[{"name":"wp","href":"https:\/\/api.w.org\/{rel}","templated":true}]}}