{"id":334642,"date":"2016-07-01T15:36:49","date_gmt":"2016-07-01T13:36:49","guid":{"rendered":"https:\/\/www.focolare.org\/a-europa-hoje-o-mandamento-novo-gera-uma-cultura-de-uniao\/"},"modified":"2024-05-16T15:28:15","modified_gmt":"2024-05-16T13:28:15","slug":"a-europa-hoje-o-mandamento-novo-gera-uma-cultura-de-uniao","status":"publish","type":"post","link":"https:\/\/www.focolare.org\/pt-pt\/a-europa-hoje-o-mandamento-novo-gera-uma-cultura-de-uniao\/","title":{"rendered":"A Europa hoje: o mandamento novo gera uma cultura de uni\u00e3o"},"content":{"rendered":"<p><strong><a href=\"https:\/\/www.focolare.org\/news\/2016\/07\/01\/dalla-notte-del-sogno-europeo-a-una-nuova-cultura-dinsieme\/20160701_124157_1533mfe_frplenum2_fotohaaf\/\" rel=\"attachment wp-att-140183\"><img loading=\"lazy\" decoding=\"async\" class=\"alignleft wp-image-140183\" src=\"https:\/\/www.focolare.org\/wp-content\/uploads\/2016\/07\/20160701_124157_1533MfE_FrPlenum2_FotoHaaf-e1467385006641.jpg\" alt=\"(C) Foto Haaf\" width=\"400\" height=\"267\" \/><\/a>\u00ab\u00c9 paradoxal que a nova Europa, que surgiu com a queda do Muro de Berlim,<\/strong> seja agora, tomada pelo medo, tentada a fechar-se, dentro de novas trincheiras, construindo outros muros, com a ilus\u00e3o de conseguir deter a Hist\u00f3ria, que, uma vez mais, bate \u00e0s suas portas.  <strong>O projeto da moeda \u00fanica queria ter sido um grande passo novo para a uni\u00e3o pol\u00edtica<\/strong>, um novo grande momento de identidade, em que a solidariedade e a partilha da soberania deveriam representar os pilares fundamentais para o \u00eaxito dos objetivos comuns.  <strong>De facto, h\u00e1 dois exemplos que nos mostram que isso n\u00e3o se realizou:<\/strong> por um lado, os graves atrasos e acalorados debates que se seguiram \u00e0 crise da d\u00edvida na Gr\u00e9cia e que prejudicaram muito as bases da solidariedade entre os pa\u00edses membros da Uni\u00e3o, chegando at\u00e9 a p\u00f4r-se a hip\u00f3tese da sa\u00edda da Gr\u00e9cia do Euro; por outro lado, a quest\u00e3o do Brexit e outras tend\u00eancias separatistas semelhantes, p\u00f5em em crise a solidariedade.  <strong>Porque sair da Uni\u00e3o n\u00e3o \u00e9 o mesmo que deixar um clube,<\/strong> mas equivale a deixar muito mais, abandonando radicalmente os parceiros com os quais j\u00e1 n\u00e3o se partilha o mesmo interesse de viver juntos o pacto que originou a sua funda\u00e7\u00e3o.  <strong>A Europa est\u00e1 a viver a noite dos seus princ\u00edpios, a noite do seu papel no mundo, a crise dos seus sonhos.<\/strong> Concretamente, no nosso continente, reina uma grande confus\u00e3o, pelo aparecimento de tr\u00eas crises simult\u00e2neas: uma crise migrat\u00f3ria sem precedentes, juntamente com uma profunda crise econ\u00f3mica, no contexto de uma crise demogr\u00e1fica.  Deixando que outros fa\u00e7am a an\u00e1lise dos motivos dessas crises, eu penso que <strong>as mais profundas causas desta situa\u00e7\u00e3o de fragilidade da Europa atual, podem provir da nega\u00e7\u00e3o de Deus<\/strong> e do transcendente, que \u00e9 consequ\u00eancia da afirma\u00e7\u00e3o e dissemina\u00e7\u00e3o gradual da cultura laicista, que quer prescindir de qualquer rela\u00e7\u00e3o com o sobrenatural.  <strong>A Europa, na busca de uma total liberdade,<\/strong> esquece-se que a sua cultura se formou durante estes 2.000 anos de tradi\u00e7\u00e3o crist\u00e3. Renegar essa realidade significa cortar as pr\u00f3prias ra\u00edzes e encontrar-se como uma \u00e1rvore sem vida.  <strong>E ent\u00e3o, tudo se desmorona? O sonho de unidade do continente est\u00e1 a desvanecer? N\u00e3o.<\/strong> N\u00f3s, movimentos e comunidades crist\u00e3s da Europa, estamos aqui juntos porque acreditamos que existe qualquer coisa que n\u00e3o desmorona. \u00c9 o Amor. \u00c9 Deus Amor (<a href=\"https:\/\/www.focolare.org\/press\/files\/2016\/06\/IpE_20160701_Europa-oggi-comandamento-nuovo-crea-cultura-d%E2%80%99insieme_Maria-Voce_PT.pdf\" target=\"_blank\" rel=\"noopener\">Leia o discurso completo<\/a>)\u00bb.  &nbsp;<\/p>\n","protected":false},"excerpt":{"rendered":"<p>Discurso de Maria Voce ao Congresso de Juntos pela Europa, 01\/07\/2016<\/p>\n","protected":false},"author":34,"featured_media":0,"comment_status":"open","ping_status":"open","sticky":false,"template":"","format":"standard","meta":{"give_campaign_id":0,"_seopress_robots_primary_cat":"","_seopress_titles_title":"","_seopress_titles_desc":"","_seopress_robots_index":"","_et_pb_use_builder":"","_et_pb_old_content":"","_et_gb_content_width":"","footnotes":""},"categories":[909],"tags":[],"class_list":["post-334642","post","type-post","status-publish","format-standard","hentry","category-focolare-worldwide-2-4"],"_links":{"self":[{"href":"https:\/\/www.focolare.org\/pt-pt\/wp-json\/wp\/v2\/posts\/334642","targetHints":{"allow":["GET"]}}],"collection":[{"href":"https:\/\/www.focolare.org\/pt-pt\/wp-json\/wp\/v2\/posts"}],"about":[{"href":"https:\/\/www.focolare.org\/pt-pt\/wp-json\/wp\/v2\/types\/post"}],"author":[{"embeddable":true,"href":"https:\/\/www.focolare.org\/pt-pt\/wp-json\/wp\/v2\/users\/34"}],"replies":[{"embeddable":true,"href":"https:\/\/www.focolare.org\/pt-pt\/wp-json\/wp\/v2\/comments?post=334642"}],"version-history":[{"count":0,"href":"https:\/\/www.focolare.org\/pt-pt\/wp-json\/wp\/v2\/posts\/334642\/revisions"}],"wp:attachment":[{"href":"https:\/\/www.focolare.org\/pt-pt\/wp-json\/wp\/v2\/media?parent=334642"}],"wp:term":[{"taxonomy":"category","embeddable":true,"href":"https:\/\/www.focolare.org\/pt-pt\/wp-json\/wp\/v2\/categories?post=334642"},{"taxonomy":"post_tag","embeddable":true,"href":"https:\/\/www.focolare.org\/pt-pt\/wp-json\/wp\/v2\/tags?post=334642"}],"curies":[{"name":"wp","href":"https:\/\/api.w.org\/{rel}","templated":true}]}}