{"id":334708,"date":"2016-08-03T07:37:21","date_gmt":"2016-08-03T05:37:21","guid":{"rendered":"https:\/\/www.focolare.org\/a-jmj-comeca-agora\/"},"modified":"2024-05-16T15:28:31","modified_gmt":"2024-05-16T13:28:31","slug":"a-jmj-comeca-agora","status":"publish","type":"post","link":"https:\/\/www.focolare.org\/pt-pt\/a-jmj-comeca-agora\/","title":{"rendered":"A JMJ come\u00e7a agora"},"content":{"rendered":"<p><strong><img loading=\"lazy\" decoding=\"async\" class=\"alignright size-full wp-image-140892\" src=\"https:\/\/www.focolare.org\/wp-content\/uploads\/2016\/08\/2016-LA-STANCHEZZA-e1470218584912.jpg\" alt=\"2016-LA STANCHEZZA\" width=\"400\" height=\"300\" \/>Anthony \u00e9 de Chicago, veio com outros 26 amigos para a JMJ.<\/strong> Ele conta: <em>\u00abEstou habituado, na minha cidade, que cada um cuida de si mesmo, sem se preocupar com os outros. Quando est\u00e1vamos caminhando, para chegar ao Campus Miseric\u00f3rdia, uma pessoa saiu de casa e nos deu uma bandeja cheia de sorvetes&#8230; outra nos deu \u00e1gua&#8230; n\u00e3o podia acreditar no que eu estava vendo!\u00bb<\/em>.  <strong>Antonel \u00e9 romeno, de origem h\u00fangara:<\/strong> <em>\u00abMesmo se moro na Rom\u00eania falo pouco a l\u00edngua e tenho pouco contato com os romenos. Na verdade, n\u00f3s nos sentimos h\u00fangaros, n\u00e3o romenos. Na JMJ est\u00e1vamos num grupo juntos, romenos e h\u00fangaros, e foi uma experi\u00eancia inacredit\u00e1vel! Aprendi mais a l\u00edngua romena naqueles dias do que em toda a minha vida, senti que \u00e9ramos realmente irm\u00e3os. Muitos preconceitos desmoronaram!\u00bb<\/em>.  <strong>E Anna, da It\u00e1lia:<\/strong> <em>\u00abN\u00f3s t\u00ednhamos malas muito pesadas, uma fam\u00edlia nos convidou a entrar em casa e se ofereceu a guard\u00e1-las at\u00e9 o dia seguinte, quando volt\u00e1ssemos do Campo Miseric\u00f3rdia. N\u00e3o nos parecia verdade! Na volta eles nos fizeram entrar, nos ofereceram sucos, nos fizeram descansar. Ficamos um pouco com eles e depois retomamos o caminho&#8230;\u00bb<\/em>.  <strong><img loading=\"lazy\" decoding=\"async\" class=\"alignright size-full wp-image-140887\" src=\"https:\/\/www.focolare.org\/wp-content\/uploads\/2016\/08\/20160308messaGMG-e1470217257392.jpg\" alt=\"20160308messaGMG\" width=\"400\" height=\"267\" \/>Eles s\u00e3o como um rio em plena cheia&#8230; acabaram de chegar de Crac\u00f3via, mais de 10 horas para uma viagem de apenas 180 km<\/strong>. Cansados, mas felizes, cheios de \u00e2nimo e entusiasmo. As palavras do Papa entraram profundamente nos cora\u00e7\u00f5es. \u00abA JMJ, podemos dizer, come\u00e7a hoje e continua amanh\u00e3, em casa, porque \u00e9 l\u00e1 que Jesus quer encontrar voc\u00ea de agora em diante \u2013 disse o Papa Francisco durante a Missa no Campus Miseric\u00f3rdia -. O Senhor n\u00e3o quer ficar apenas nesta linda cidade ou nas belas recorda\u00e7\u00f5es, mas deseja ir para a sua casa, habitar a sua vida de cada dia:<strong> o estudo e os primeiros anos de trabalho, as amizades e os afetos, os projetos e os sonhos\u00bb.<\/strong>  <strong>S\u00e3o mais de 600, e depois da inesquec\u00edvel experi\u00eancia da JMJ, re\u00fanem-se por cinco dias em Jasna<\/strong>, nos Montes Tatra, na Eslov\u00e1quia. Desejam fazer com que as palavras do Papa penetrem em suas vidas, e entender como coloc\u00e1-las em pr\u00e1tica. <strong>S\u00e3o jovens do<\/strong> <a href=\"https:\/\/www.focolare.org\/pt\/chi-siamo\/\" target=\"_blank\" rel=\"noopener\">Movimento dos Focolares<\/a>, <strong>de 33 pa\u00edses, da Austr\u00e1lia ao Brasil e Argentina, de Portugal \u00e0 R\u00fassia.<\/strong>  Al\u00e9m das palavras do Papa, eles jamais esquecer\u00e3o a experi\u00eancia de acolhida e fraternidade que viveram.  S\u00e3o dias intensos que os esperam. O t\u00edtulo do encontro \u00e9 significativo: <strong>\u201cYou Got(d) Me!\u201d (\u201cRaptaste-me\u201d ou \u201cTu, Deus, Eu\u201d)<\/strong>. Na \u00a0programa\u00e7\u00e3o, al\u00e9m da imers\u00e3o na maravilhosa natureza dos Montes Tatra, h\u00e1 tr\u00eas tem\u00e1ticas essenciais: o relacionamento com Deus, o relacionamento consigo mesmo e o relacionamento com o outro. Tudo com o pano de fundo das palavras do Papa e com o desejo de n\u00e3o permitir que ningu\u00e9m \u201clhes tire a liberdade\u201d de cumprir escolhas corajosas para tornarem-se verdadeiros \u201cconstrutores do futuro\u201d.  <img loading=\"lazy\" decoding=\"async\" class=\"alignright size-full wp-image-140889\" src=\"https:\/\/www.focolare.org\/wp-content\/uploads\/2016\/08\/20160308VegliaGMG.jpg\" alt=\"20160308VegliaGMG\" width=\"480\" height=\"270\" \/>O primeiro dia foi cheio de hist\u00f3rias&#8230; da acolhida, das ajudas m\u00fatuas, dos sorrisos, das trocas&#8230; e, certamente, do Papa! Falam sobre o convite que lhes fez a sentir que \u00abJesus lhe chama a deixar a sua marca na vida, um sinal que marque a hist\u00f3ria, a sua hist\u00f3ria e a de tantos outros\u00bb. A n\u00e3o ser \u00abjovens-sof\u00e1, mas jovens com sapatos, melhor ainda, cal\u00e7ados com botas\u00bb.  <strong>Domingos, dos Camar\u00f5es, resume em poucas palavras a impress\u00e3o de muitos outros<\/strong>, a de que \u00abo mundo unido \u00e9 poss\u00edvel, que podemos chegar \u00e0 fraternidade universal\u00bb. <em>\u00abComo dizia o Papa, devemos construir pontes e dar-nos as m\u00e3os. Eu julgava os pa\u00edses que provocam tantas guerras na \u00c1frica e, enquanto o Papa falava, sentia que devo mudar a minha mentalidade e come\u00e7ar a construir pontes. Construindo pontes chegamos \u00e0 fraternidade, mas com o \u00f3dio as destru\u00edmos. Assim Jesus permitiu duplicar a minha f\u00e9. Muitas vezes, na minha vida, questionei porque existe o sofrimento no mundo, e entendi que l\u00e1 est\u00e1 Jesus, que tornou-se \u201cfeio\u201d para depois \u201cembelezar\u201d. Quero ser um instrumento para os outros, ser protagonista na edifica\u00e7\u00e3o de pontes. Se colocarmos a m\u00e3o na massa chegaremos a viver o testamento de Jesus: \u201cque todos sejam um\u201d\u00bb.<\/em>  <strong>E Eva, da Eslov\u00e1quia<\/strong>: <em>\u00abFicamos tocados quando o Papa Francisco aben\u00e7oou os nossos sonhos e os nossos p\u00e9s, dando um significado a todo esfor\u00e7o que fizemos\u00bb<\/em>.  \u00abA JMJ nos faz ver que \u00e9 poss\u00edvel um mundo novo \u2013 concluem -. Cabe a n\u00f3s constru\u00ed-lo, com os pequenos passos que damos todos os dias\u201d\u00bb.  <a href=\"http:\/\/w2.vatican.va\/content\/francesco\/pt\/homilies\/2016\/documents\/papa-francesco_20160731_omelia-polonia-gmg.html\" target=\"_blank\" rel=\"noopener\">Homilia do Papa Francisco na Missa da JMJ \u2013 Campus Miseric\u00f3rdia, 31 de julho de 2016<\/a>  <a href=\"http:\/\/w2.vatican.va\/content\/francesco\/pt\/speeches\/2016\/july\/documents\/papa-francesco_20160730_polonia-veglia-giovani.html\" target=\"_blank\" rel=\"noopener\">Vig\u00edlia de Ora\u00e7\u00e3o com os jovens \u2013 Discurso do Santo Padre, 30 de julho de 2016<\/a>  <a href=\"http:\/\/w2.vatican.va\/content\/francesco\/pt\/speeches\/2016\/july\/documents\/papa-francesco_20160729_polonia-via-crucis.html\" target=\"_blank\" rel=\"noopener\">Via Sacra com os jovens \u2013 As palavras do Papa<\/a><\/p>\n","protected":false},"excerpt":{"rendered":"<p>Retornando da inesquec\u00edvel experi\u00eancia de Crac\u00f3via, 600 jovens dos Focolares re\u00fanem-se na Eslov\u00e1quia, nos Montes Tatra, para colocar \u00e0 foco o relacionamento com Deus, consigo mesmos e com os outros. #JMJ2016<\/p>\n","protected":false},"author":34,"featured_media":0,"comment_status":"open","ping_status":"open","sticky":false,"template":"","format":"standard","meta":{"give_campaign_id":0,"_seopress_robots_primary_cat":"","_seopress_titles_title":"","_seopress_titles_desc":"","_seopress_robots_index":"","_et_pb_use_builder":"","_et_pb_old_content":"","_et_gb_content_width":"","footnotes":""},"categories":[909],"tags":[],"class_list":["post-334708","post","type-post","status-publish","format-standard","hentry","category-focolare-worldwide-2-4"],"_links":{"self":[{"href":"https:\/\/www.focolare.org\/pt-pt\/wp-json\/wp\/v2\/posts\/334708","targetHints":{"allow":["GET"]}}],"collection":[{"href":"https:\/\/www.focolare.org\/pt-pt\/wp-json\/wp\/v2\/posts"}],"about":[{"href":"https:\/\/www.focolare.org\/pt-pt\/wp-json\/wp\/v2\/types\/post"}],"author":[{"embeddable":true,"href":"https:\/\/www.focolare.org\/pt-pt\/wp-json\/wp\/v2\/users\/34"}],"replies":[{"embeddable":true,"href":"https:\/\/www.focolare.org\/pt-pt\/wp-json\/wp\/v2\/comments?post=334708"}],"version-history":[{"count":0,"href":"https:\/\/www.focolare.org\/pt-pt\/wp-json\/wp\/v2\/posts\/334708\/revisions"}],"wp:attachment":[{"href":"https:\/\/www.focolare.org\/pt-pt\/wp-json\/wp\/v2\/media?parent=334708"}],"wp:term":[{"taxonomy":"category","embeddable":true,"href":"https:\/\/www.focolare.org\/pt-pt\/wp-json\/wp\/v2\/categories?post=334708"},{"taxonomy":"post_tag","embeddable":true,"href":"https:\/\/www.focolare.org\/pt-pt\/wp-json\/wp\/v2\/tags?post=334708"}],"curies":[{"name":"wp","href":"https:\/\/api.w.org\/{rel}","templated":true}]}}