{"id":334770,"date":"2016-09-01T13:40:38","date_gmt":"2016-09-01T11:40:38","guid":{"rendered":"https:\/\/www.focolare.org\/fontem-republica-dos-camaroes-golden-jubilee-celebration-1966-2016\/"},"modified":"2024-05-16T15:28:45","modified_gmt":"2024-05-16T13:28:45","slug":"fontem-republica-dos-camaroes-golden-jubilee-celebration-1966-2016","status":"publish","type":"post","link":"https:\/\/www.focolare.org\/pt-pt\/fontem-republica-dos-camaroes-golden-jubilee-celebration-1966-2016\/","title":{"rendered":"Fontem (Rep\u00fablica dos Camar\u00f5es): Golden Jubilee Celebration 1966-2016"},"content":{"rendered":"<p><a href=\"https:\/\/www.focolare.org\/wp-content\/uploads\/2016\/09\/Official-Invitation.jpg\"><img loading=\"lazy\" decoding=\"async\" class=\"wp-image-141772 alignleft\" src=\"https:\/\/www.focolare.org\/wp-content\/uploads\/2016\/09\/Official-Invitation.jpg\" alt=\"Official Invitation\" width=\"343\" height=\"483\" \/><\/a>A diocese de Mamfe, a fam\u00edlia dos Focolares e a Associa\u00e7\u00e3o dos ex-alunos da escola \u201cOur Lady Seat of Wisdom\u201d (Sede da Sabedoria), convidam todos para as celebra\u00e7\u00f5es do <strong>50\u00ba anivers\u00e1rio (1966-2016) da chegada do Movimento dos Focolares a Fontem (<\/strong><strong>Rep\u00fablica dos Camar\u00f5es) e da abertura da escola.<\/strong>  As comemora\u00e7\u00f5es se realizar\u00e3o <strong>de 14 a 17 de dezembro de 2016<\/strong>, na cidadezinha \u201c<a href=\"http:\/\/www.focolare-fontem.org\" target=\"_blank\" rel=\"noopener\">Mari\u00e1polis M\u00e1fua Ndem Chiara Lubich\u201d<\/a> (Fontem).  <strong>Para informa\u00e7\u00f5es:<\/strong> info@focolare-fontem.org <strong>Site em ingl\u00eas:<\/strong> <a href=\"http:\/\/www.focolare-fontem.org\" target=\"_blank\" rel=\"noopener\">www.focolare-fontem.org<\/a><\/p>\n","protected":false},"excerpt":{"rendered":"<p>As comemora\u00e7\u00f5es se realizar\u00e3o de 14 a 17 de dezembro de 2016, na cidadezinha \u201cMari\u00e1polis M\u00e1fua Ndem Chiara Lubich\u201d (Fontem).<\/p>\n","protected":false},"author":34,"featured_media":0,"comment_status":"open","ping_status":"open","sticky":false,"template":"","format":"standard","meta":{"give_campaign_id":0,"_seopress_robots_primary_cat":"","_seopress_titles_title":"","_seopress_titles_desc":"","_seopress_robots_index":"","_et_pb_use_builder":"","_et_pb_old_content":"","_et_gb_content_width":"","footnotes":""},"categories":[129],"tags":[],"class_list":["post-334770","post","type-post","status-publish","format-standard","hentry","category-sem-categoria"],"_links":{"self":[{"href":"https:\/\/www.focolare.org\/pt-pt\/wp-json\/wp\/v2\/posts\/334770","targetHints":{"allow":["GET"]}}],"collection":[{"href":"https:\/\/www.focolare.org\/pt-pt\/wp-json\/wp\/v2\/posts"}],"about":[{"href":"https:\/\/www.focolare.org\/pt-pt\/wp-json\/wp\/v2\/types\/post"}],"author":[{"embeddable":true,"href":"https:\/\/www.focolare.org\/pt-pt\/wp-json\/wp\/v2\/users\/34"}],"replies":[{"embeddable":true,"href":"https:\/\/www.focolare.org\/pt-pt\/wp-json\/wp\/v2\/comments?post=334770"}],"version-history":[{"count":0,"href":"https:\/\/www.focolare.org\/pt-pt\/wp-json\/wp\/v2\/posts\/334770\/revisions"}],"wp:attachment":[{"href":"https:\/\/www.focolare.org\/pt-pt\/wp-json\/wp\/v2\/media?parent=334770"}],"wp:term":[{"taxonomy":"category","embeddable":true,"href":"https:\/\/www.focolare.org\/pt-pt\/wp-json\/wp\/v2\/categories?post=334770"},{"taxonomy":"post_tag","embeddable":true,"href":"https:\/\/www.focolare.org\/pt-pt\/wp-json\/wp\/v2\/tags?post=334770"}],"curies":[{"name":"wp","href":"https:\/\/api.w.org\/{rel}","templated":true}]}}