{"id":334788,"date":"2016-09-10T03:00:42","date_gmt":"2016-09-10T01:00:42","guid":{"rendered":"https:\/\/www.focolare.org\/na-periferia-de-buenos-aires\/"},"modified":"2024-05-16T15:28:49","modified_gmt":"2024-05-16T13:28:49","slug":"na-periferia-de-buenos-aires","status":"publish","type":"post","link":"https:\/\/www.focolare.org\/pt-pt\/na-periferia-de-buenos-aires\/","title":{"rendered":"Na periferia de Buenos Aires"},"content":{"rendered":"<p><strong><img loading=\"lazy\" decoding=\"async\" class=\"wp-image-142067 alignleft\" src=\"https:\/\/www.focolare.org\/wp-content\/uploads\/2016\/09\/20160910-01.jpg\" alt=\"20160910-01\" width=\"250\" height=\"263\" \/>Grande festa no dia 14 de agosto em Jos\u00e9 C. Paz<\/strong> (a uns 50 km de Buenos Aires, <a href=\"https:\/\/www.focolare.org\/pt\/focolare-worldwide\/america-sud\/argentina\/\" target=\"_blank\" rel=\"noopener\">Argentina<\/a>), para celebrar o 10\u00b0 anivers\u00e1rio da inaugura\u00e7\u00e3o da sede que hospeda as atividades do projeto social \u201cJuntos por el Barrio\u201d (Juntos pelo Bairro), uma obra social endere\u00e7ada especialmente \u00e0s crian\u00e7as e adolescentes do bairro e \u00e0s suas fam\u00edlias. Mas se \u00e9 verdade que o edif\u00edcio completa dez anos, n\u00e3o se deve esquecer que as atividades do projeto come\u00e7aram bem antes e, como frequentemente acontece, suscitadas por obra das pessoas que viviam h\u00e1 tempo naquele bairro.  <strong>Quando Francisco, o papa argentino,<\/strong> convidou para que se cuidasse das periferias, provavelmente tinha no cora\u00e7\u00e3o assentamentos como o <em>barrio<\/em> onde surge este centro social. Trata-se de um aglomerado habitacional formado de maneira confusa circundado por outras constru\u00e7\u00f5es, constitu\u00eddo por n\u00facleos familiares que chegaram ali em busca de fortuna. Fortuna que infelizmente n\u00e3o encontraram porque n\u00e3o havia nem ali. O desemprego alastrado os tornou ainda mais pobres e vulner\u00e1veis a todas as suas consequ\u00eancias: marginaliza\u00e7\u00e3o, alcoolismo, droga, viol\u00eancia, prostitui\u00e7\u00e3o. Perigos que amea\u00e7avam inclusive os muitas crian\u00e7as e adolescentes que passavam quase todo o tempo pelas ruas.  <strong><img loading=\"lazy\" decoding=\"async\" class=\"wp-image-142065 alignright\" src=\"https:\/\/www.focolare.org\/wp-content\/uploads\/2016\/09\/20160810-02.jpg\" alt=\"20160810-02\" width=\"368\" height=\"214\" \/>Desde 1999, alguns habitantes \u2018hist\u00f3ricos\u2019 do bairro<\/strong>, apoiados pelos Focolares que t\u00eam nas proximidades um centro de congressos, se lan\u00e7aram juntos a fazer algo por aqueles novos que chegavam. Como primeira coisa, procuraram identificar qual era a solicita\u00e7\u00e3o mais forte que emergia do <em>barrio<\/em>. E era: poder dispor de um local de acolhida diurna para crian\u00e7as e adolescentes para tir\u00e1-los das ruas. Assim nasceu o projeto \u201c<em>Juntos por el Barrio<\/em>\u201d. Numa sala improvisada iniciou-se uma primeira atividade de apoio escolar. Tendo em vista o sucesso da iniciativa (em parte financiada pelo apoio \u00e0 dist\u00e2ncia de <a href=\"http:\/\/www.afnonlus.org\/\" target=\"_blank\" rel=\"noopener\">AFN onlus<\/a>), as ideias come\u00e7aram a se multiplicar em outras iniciativas. E com doa\u00e7\u00f5es provenientes inclusive do exterior, depois foi constru\u00eddo um edif\u00edcio para se desenvolver estas atividades, que se tornou bem cedo ponto de encontro e de refer\u00eancia para todo o <em>barrio<\/em>.  <strong><img loading=\"lazy\" decoding=\"async\" class=\"alignleft wp-image-142064\" src=\"https:\/\/www.focolare.org\/wp-content\/uploads\/2016\/09\/20160910-03.jpg\" alt=\"20160910-03\" width=\"368\" height=\"245\" \/><\/strong>Portanto, era realmente o caso de festejar, at\u00e9 porque o bairro est\u00e1, de verdade, mudando de aspecto. No centro \u201cJuntos por el barrio\u201d se realizam atualmente m\u00faltiplas atividades, muitas delas dirigidas aos menores, mas tamb\u00e9m a pessoas de todas as idades: integra\u00e7\u00e3o alimentar, preven\u00e7\u00e3o sanit\u00e1ria, alfabetiza\u00e7\u00e3o, laborat\u00f3rios de serigrafia e artesanato, cursos para jardineiros, cabelereiros, costureiros, atividades l\u00fadicas. Deste modo, se d\u00e1 suporte a mais de 70 fam\u00edlias, enquanto todas as semanas o centro \u00e9 frequentado em m\u00e9dia por umas 200 pessoas.  Os 220 que participaram da celebra\u00e7\u00e3o de 14 de agosto, entre os quais uma centena de crian\u00e7as, espirravam alegria por todos os poros. E todos se sentiam protagonistas n\u00e3o s\u00f3 da <a href=\"https:\/\/www.focolare.org\/conosur\/?s=juntos+por+el+barrio\" target=\"_blank\" rel=\"noopener\">festa<\/a>, mas tamb\u00e9m do pr\u00f3prio resgate, talvez por se sentir \u2018parte\u2019 de um processo no qual mais do que dar e receber, vem em luz a reciprocidade.<\/p>\n","protected":false},"excerpt":{"rendered":"<p>Festejados os 10 anos de um centro social num bairro perif\u00e9rico de Jos\u00e9 C. Paz, cidadezinha no cintur\u00e3o da capital argentina. Os primeiros benefici\u00e1rios s\u00e3o as crian\u00e7as e as suas fam\u00edlias.<\/p>\n","protected":false},"author":34,"featured_media":0,"comment_status":"open","ping_status":"open","sticky":false,"template":"","format":"standard","meta":{"give_campaign_id":0,"_seopress_robots_primary_cat":"","_seopress_titles_title":"","_seopress_titles_desc":"","_seopress_robots_index":"","_et_pb_use_builder":"","_et_pb_old_content":"","_et_gb_content_width":"","footnotes":""},"categories":[909,910],"tags":[],"class_list":["post-334788","post","type-post","status-publish","format-standard","hentry","category-focolare-worldwide-2-4","category-senza-categoria-2-4"],"_links":{"self":[{"href":"https:\/\/www.focolare.org\/pt-pt\/wp-json\/wp\/v2\/posts\/334788","targetHints":{"allow":["GET"]}}],"collection":[{"href":"https:\/\/www.focolare.org\/pt-pt\/wp-json\/wp\/v2\/posts"}],"about":[{"href":"https:\/\/www.focolare.org\/pt-pt\/wp-json\/wp\/v2\/types\/post"}],"author":[{"embeddable":true,"href":"https:\/\/www.focolare.org\/pt-pt\/wp-json\/wp\/v2\/users\/34"}],"replies":[{"embeddable":true,"href":"https:\/\/www.focolare.org\/pt-pt\/wp-json\/wp\/v2\/comments?post=334788"}],"version-history":[{"count":0,"href":"https:\/\/www.focolare.org\/pt-pt\/wp-json\/wp\/v2\/posts\/334788\/revisions"}],"wp:attachment":[{"href":"https:\/\/www.focolare.org\/pt-pt\/wp-json\/wp\/v2\/media?parent=334788"}],"wp:term":[{"taxonomy":"category","embeddable":true,"href":"https:\/\/www.focolare.org\/pt-pt\/wp-json\/wp\/v2\/categories?post=334788"},{"taxonomy":"post_tag","embeddable":true,"href":"https:\/\/www.focolare.org\/pt-pt\/wp-json\/wp\/v2\/tags?post=334788"}],"curies":[{"name":"wp","href":"https:\/\/api.w.org\/{rel}","templated":true}]}}