{"id":334796,"date":"2016-09-13T08:38:49","date_gmt":"2016-09-13T06:38:49","guid":{"rendered":"https:\/\/www.focolare.org\/o-rei-fon-do-povo-bangwa-de-fontem-republica-dos-camaroes-em-peregrinacao-a-roma-visitara-loppiano-e-trento\/"},"modified":"2024-05-16T15:28:50","modified_gmt":"2024-05-16T13:28:50","slug":"o-rei-fon-do-povo-bangwa-de-fontem-republica-dos-camaroes-em-peregrinacao-a-roma-visitara-loppiano-e-trento","status":"publish","type":"post","link":"https:\/\/www.focolare.org\/pt-pt\/o-rei-fon-do-povo-bangwa-de-fontem-republica-dos-camaroes-em-peregrinacao-a-roma-visitara-loppiano-e-trento\/","title":{"rendered":"O rei (Fon) do povo bangwa, de Fontem (Rep\u00fablica dos Camar\u00f5es), em peregrina\u00e7\u00e3o a Roma, visitar\u00e1 Loppiano e Trento"},"content":{"rendered":"<p><strong>19-20 de setembro: <\/strong>chegada em Roma.  <strong>21 de setembro<\/strong>: audi\u00eancia com Papa Francisco, no Vaticano. Depois da audi\u00eancia, visita ao t\u00famulo de S\u00e3o Pedro e dos papas. Visita a alguns lugares sagrados.  <strong>22 de setembro:<\/strong> visita tur\u00edstica em Roma. Partida para Loppiano (primeira Mari\u00e1polis permanente dos Focolares).  <strong>23 de setembro:<\/strong> visita a Loppiano e reuni\u00e3o com os habitantes.  <strong>24 de setembro<\/strong>: partida para Trento, cidade natal de Chiara Lubich.  <strong>25 de setembro<\/strong>: visita a Trento, reuni\u00e3o com alguns dos seus habitantes e representantes de institui\u00e7\u00f5es, com o prefeito e o arcebispo de Trento.  <strong>26 de setembro<\/strong>: partida de Trento para Roma. Visita tur\u00edstica a Veneza. Chegada a Castel Gandolfo, \u00e0 noite.  <strong>27 de setembro<\/strong>: visita ao t\u00famulo de Chiara Lubich, intitulada <em>Mafua Ndem<\/em> (Rainha enviada por Deus) pelos <em>bangwas<\/em>, no Centro Internacional dos Focolares (Rocca di Papa). Reuni\u00e3o com os membros do Conselho Geral dos Focolares.  <strong>28 de setembro<\/strong>: conclus\u00e3o da peregrina\u00e7\u00e3o e partida.  <\/p>\n<hr \/>\n<p>  <img loading=\"lazy\" decoding=\"async\" class=\"alignnone wp-image-142192\" src=\"https:\/\/www.focolare.org\/wp-content\/uploads\/2016\/09\/Map_Fontem-a.gif\" alt=\"Map_Fontem-a\" width=\"360\" height=\"195\" \/><\/p>\n","protected":false},"excerpt":{"rendered":"<p>Na comemora\u00e7\u00e3o do 50\u00ba anivers\u00e1rio da chegada dos Focolares em Fontem, um grupo de reis (Fon) de alguns povos da Rep\u00fablica dos Camar\u00f5es visitar\u00e3o Roma, Loppiano e Trento. Visitar\u00e3o tamb\u00e9m o Centro Internacional dos Focolares (Rocca di Papa), para agradecer e seguir os passos de Chiara Lubich.<\/p>\n","protected":false},"author":34,"featured_media":0,"comment_status":"open","ping_status":"open","sticky":false,"template":"","format":"standard","meta":{"give_campaign_id":0,"_seopress_robots_primary_cat":"","_seopress_titles_title":"","_seopress_titles_desc":"","_seopress_robots_index":"","_et_pb_use_builder":"","_et_pb_old_content":"","_et_gb_content_width":"","footnotes":""},"categories":[129],"tags":[],"class_list":["post-334796","post","type-post","status-publish","format-standard","hentry","category-sem-categoria"],"_links":{"self":[{"href":"https:\/\/www.focolare.org\/pt-pt\/wp-json\/wp\/v2\/posts\/334796","targetHints":{"allow":["GET"]}}],"collection":[{"href":"https:\/\/www.focolare.org\/pt-pt\/wp-json\/wp\/v2\/posts"}],"about":[{"href":"https:\/\/www.focolare.org\/pt-pt\/wp-json\/wp\/v2\/types\/post"}],"author":[{"embeddable":true,"href":"https:\/\/www.focolare.org\/pt-pt\/wp-json\/wp\/v2\/users\/34"}],"replies":[{"embeddable":true,"href":"https:\/\/www.focolare.org\/pt-pt\/wp-json\/wp\/v2\/comments?post=334796"}],"version-history":[{"count":0,"href":"https:\/\/www.focolare.org\/pt-pt\/wp-json\/wp\/v2\/posts\/334796\/revisions"}],"wp:attachment":[{"href":"https:\/\/www.focolare.org\/pt-pt\/wp-json\/wp\/v2\/media?parent=334796"}],"wp:term":[{"taxonomy":"category","embeddable":true,"href":"https:\/\/www.focolare.org\/pt-pt\/wp-json\/wp\/v2\/categories?post=334796"},{"taxonomy":"post_tag","embeddable":true,"href":"https:\/\/www.focolare.org\/pt-pt\/wp-json\/wp\/v2\/tags?post=334796"}],"curies":[{"name":"wp","href":"https:\/\/api.w.org\/{rel}","templated":true}]}}