{"id":334846,"date":"2016-10-02T03:00:08","date_gmt":"2016-10-02T01:00:08","guid":{"rendered":"https:\/\/www.focolare.org\/klaus-hemmerle-o-sol-no-vale\/"},"modified":"2024-05-16T15:29:00","modified_gmt":"2024-05-16T13:29:00","slug":"klaus-hemmerle-o-sol-no-vale","status":"publish","type":"post","link":"https:\/\/www.focolare.org\/pt-pt\/klaus-hemmerle-o-sol-no-vale\/","title":{"rendered":"Klaus Hemmerle: O sol no vale"},"content":{"rendered":"<div id=\"attachment_142965\" style=\"width: 396px\" class=\"wp-caption alignright\"><a href=\"http:\/\/www.klaus-hemmerle.de\/index.php?option=com_joomgallery&amp;func=viewcategory&amp;catid=9&amp;startpage=4&amp;Itemid=63#category\"><img loading=\"lazy\" decoding=\"async\" aria-describedby=\"caption-attachment-142965\" class=\"wp-image-142965\" src=\"https:\/\/www.focolare.org\/wp-content\/uploads\/2016\/10\/1980-Aquarell-Matterhorn-mit-Zermatt-Schweiz_Klaus-Hemmerle.de_.jpg\" alt=\"1980 - Aquarell - Matterhorn mit Zermatt, Schweiz_Klaus-Hemmerle.de\" width=\"386\" height=\"291\" \/><\/a><p id=\"caption-attachment-142965\" class=\"wp-caption-text\">1980 &#8211; Aquarell &#8211; Matterhorn mit Zermatt, Schweiz. http:\/\/www.klaus-hemmerle.de<\/p><\/div>\n<p class=\"western\"><span lang=\"pt-BR\">\u00abDurante estes passeios percorria uma estrada que se encontra a 1.250 metros de altura e que contorna um cume. Podia-se ver o vale, o cume dos montes. Era bel\u00edssimo! Eu queria pintar tudo isto, ao voltar para casa. Parava a cada dez metros para fixar na minha alma uma situa\u00e7\u00e3o, uma bela vista em perspectiva. E ap\u00f3s outros cinco metros, mais outra vista completamente diferente. <\/span><\/p>\n<p class=\"western\"><span lang=\"pt-BR\">Na minha vida nunca tinha observado com que velocidade as perspectivas mudam. E n\u00e3o saberia dizer que perspectiva podia ser a mais bonita. Cada combina\u00e7\u00e3o, cada constela\u00e7\u00e3o era um evento diferente e uma surpresa sempre nova. E assim eu vi o mundo de uma maneira completamente diferente. Vi um peda\u00e7o de c\u00e9u e entendi que estas rela\u00e7\u00f5es, este se relacionar de cada coisa com as outras, estes tra\u00e7os em que as linhas se dividem e depois se cruzam de novo, tudo isto \u00e9 realmente uma plenitude infinita de todos os poss\u00edveis encontros de uma s\u00f3 e \u00fanica realidade: este monte, este outro monte, este outro ainda e este vale. Mas sempre em perspectivas novas, pelas quais n\u00e3o posso dizer: \u201cEsta \u00e9 a vista em perspectiva justa e aquela outra n\u00e3o \u00e9\u201d, mas devo ir em frente, deixando que estas perspectivas e estas linhas diferentes se encontrem. Deste modo devo ver que no \u00fanico Deus em que cremos, todas as realidades criadas, todas as pessoas criadas, todas as coisas se encontram l\u00e1 para um encontro sempre novo e um cruzamento sempre novo, para m\u00faltiplas belezas que n\u00e3o se excluem, mas se incluem reciprocamente e s\u00e3o um \u00fanico encanto e um \u00fanico canto da Beleza. <\/span><\/p>\n<p class=\"western\"><span lang=\"pt-BR\">Entre n\u00f3s acontece a mesma coisa: devo estar pronto a deixar um ponto de vista e uma perspectiva para poder ter outra. Em Deus deixo uma perspectiva, mas esta permanece. Assim existe uma simultaneidade que n\u00e3o me esmaga na sua universalidade, mas que \u00e9 uma \u00fanica dan\u00e7a, um \u00fanico encontro, um \u00fanico jogo, um canto novo. E pensei que embora entre as Igrejas existam obst\u00e1culos e barreiras, existam coisas que se contrap\u00f5em e que devem ser vividas e sofridas, para que possam se resolver, existe tamb\u00e9m um encontrar-se sempre novo de carismas, luz e gra\u00e7a. <\/span><\/p>\n<p class=\"western\"><span lang=\"pt-BR\">[\u2026] N\u00f3s dever\u00edamos permitir uns aos outros poder tocar com as m\u00e3os um fragmento desta infinidade do para\u00edso e este jogo celeste e trinit\u00e1rio das rela\u00e7\u00f5es rec\u00edprocas. Quanto mais nos encontramos nesta beleza, estamos uns dentro dos outros e nos apreciamos mutuamente, tanto mais atrairemos para a terra um fragmento de Para\u00edso. Um fragmento da Jerusal\u00e9m celeste aqui no nosso meio \u00e9 um primeiro h\u00e1lito daquilo que dever\u00e1 se desenvolver. <\/span><\/p>\n<p class=\"western\"><span lang=\"pt-BR\">Naturalmente tamb\u00e9m me perguntei onde se pode achar de fato um ponto em que se encontram todas estas linhas muito diferentes, onde inclusive as realidades de dor e as contradi\u00e7\u00f5es se cruzam, onde tamb\u00e9m o que n\u00e3o se pode resolver com uma esp\u00e9cie de s\u00edntese hegeliana encontra um ponto de encontro, ou tamb\u00e9m aquelas coisas que permanecem como um grito, mas que de qualquer forma devem ser vividas e sustentadas. Descobri que este ponto de cruzamento \u00e9 <a href=\"https:\/\/www.focolare.org\/pt\/chiara-lubich\/spiritualita-dellunita\/gesu-abbandonato\/\" target=\"_blank\" rel=\"noopener\">Jesus no seu abandono<\/a>: Ele se torna contempor\u00e2neo com aquilo que contempor\u00e2neo n\u00e3o \u00e9, \u00e9 aceita\u00e7\u00e3o e acordo daquilo que n\u00e3o se aceita e n\u00e3o se acorda, \u00e9 a conviv\u00eancia com aquela que \u00e9 a morte de uns pelos outros. Justamente isto n\u00e3o \u00e9 uma simples ideia especulativa, mas \u00e9 uma possibilidade de viver e aceitar as tens\u00f5es e os sofrimentos e tudo o que n\u00e3o \u00e9 resolv\u00edvel\u00bb.<\/span><\/p>\n<p class=\"western\"><a href=\"https:\/\/www.focolare.org\/pt\/news\/2014\/01\/23\/1994-2014-ricordando-klaus-hemmerle\/\" target=\"_blank\" rel=\"noopener\">Klaus Hemmerle<\/a><\/p>\n<p class=\"western\"><span lang=\"pt-BR\">Extra\u00eddo do livro <\/span><span style=\"color: #0000ff\"><u><a href=\"http:\/\/editrice.cittanuova.it\/s\/523751\/Klaus_Hemmerle.html\" target=\"_blank\" rel=\"noopener\"><span lang=\"pt-BR\"><i>Klaus Hemmerle, innamorato della Parola di Dio<\/i><\/span><\/a><\/u><\/span><span lang=\"pt-BR\"> de Wilfried Hagermann, Citt\u00e0 Nuova Ed. 2013, pagg. 297-98.<\/span><\/p>\n","protected":false},"excerpt":{"rendered":"<p>Em maio de 1993 o ent\u00e3o bispo de Aachen (Alemanha) se submeteu a uma cirurgia para tentar deter a doen\u00e7a j\u00e1 em estado avan\u00e7ado. Ap\u00f3s um longo per\u00edodo de convalescen\u00e7a, falou deste per\u00edodo como da descoberta de um novo modo de olhar as pessoas e a cria\u00e7\u00e3o.<\/p>\n","protected":false},"author":34,"featured_media":0,"comment_status":"open","ping_status":"open","sticky":false,"template":"","format":"standard","meta":{"give_campaign_id":0,"_seopress_robots_primary_cat":"","_seopress_titles_title":"","_seopress_titles_desc":"","_seopress_robots_index":"","_et_pb_use_builder":"","_et_pb_old_content":"","_et_gb_content_width":"","footnotes":""},"categories":[129],"tags":[],"class_list":["post-334846","post","type-post","status-publish","format-standard","hentry","category-sem-categoria"],"_links":{"self":[{"href":"https:\/\/www.focolare.org\/pt-pt\/wp-json\/wp\/v2\/posts\/334846","targetHints":{"allow":["GET"]}}],"collection":[{"href":"https:\/\/www.focolare.org\/pt-pt\/wp-json\/wp\/v2\/posts"}],"about":[{"href":"https:\/\/www.focolare.org\/pt-pt\/wp-json\/wp\/v2\/types\/post"}],"author":[{"embeddable":true,"href":"https:\/\/www.focolare.org\/pt-pt\/wp-json\/wp\/v2\/users\/34"}],"replies":[{"embeddable":true,"href":"https:\/\/www.focolare.org\/pt-pt\/wp-json\/wp\/v2\/comments?post=334846"}],"version-history":[{"count":0,"href":"https:\/\/www.focolare.org\/pt-pt\/wp-json\/wp\/v2\/posts\/334846\/revisions"}],"wp:attachment":[{"href":"https:\/\/www.focolare.org\/pt-pt\/wp-json\/wp\/v2\/media?parent=334846"}],"wp:term":[{"taxonomy":"category","embeddable":true,"href":"https:\/\/www.focolare.org\/pt-pt\/wp-json\/wp\/v2\/categories?post=334846"},{"taxonomy":"post_tag","embeddable":true,"href":"https:\/\/www.focolare.org\/pt-pt\/wp-json\/wp\/v2\/tags?post=334846"}],"curies":[{"name":"wp","href":"https:\/\/api.w.org\/{rel}","templated":true}]}}