{"id":334894,"date":"2016-10-17T03:00:12","date_gmt":"2016-10-17T01:00:12","guid":{"rendered":"https:\/\/www.focolare.org\/sportmeet-na-conferencia-mundial-sobre-esporte-e-fe\/"},"modified":"2024-05-16T15:29:12","modified_gmt":"2024-05-16T13:29:12","slug":"sportmeet-na-conferencia-mundial-sobre-esporte-e-fe","status":"publish","type":"post","link":"https:\/\/www.focolare.org\/pt-pt\/sportmeet-na-conferencia-mundial-sobre-esporte-e-fe\/","title":{"rendered":"Sportmeet na Confer\u00eancia Mundial sobre Esporte e F\u00e9"},"content":{"rendered":"<p><a href=\"https:\/\/www.focolare.org\/wp-content\/uploads\/2016\/10\/PA071019.jpg\"><img alt=\"\" alt=\"\" loading=\"lazy\" decoding=\"async\" class=\"alignleft wp-image-143615\" src=\"https:\/\/www.focolare.org\/wp-content\/uploads\/2016\/10\/PA071019.jpg\" alt=\"\" width=\"386\" height=\"290\" \/><\/a>Uma manifesta\u00e7\u00e3o de grande beleza, uma ocasi\u00e3o para estabelecer novas rela\u00e7\u00f5es, uma surpreendente correspond\u00eancia em rela\u00e7\u00e3o \u00e0 vis\u00e3o de <a href=\"https:\/\/www.focolare.org\/pt\/chiara-lubich\/\" target=\"_blank\" rel=\"noopener\">Chiara Lubich<\/a> sobre o relacionamento com as realidades humanas. O esporte como fator potencial de transforma\u00e7\u00e3o e, desta forma, a servi\u00e7o da humanidade com uma abertura corajosa a um aut\u00eantico di\u00e1logo, doando de maneira profunda a inspira\u00e7\u00e3o fundada na Sabedoria que tocou os cora\u00e7\u00f5es e, esperemos as mentes, e, consequentemente, as inten\u00e7\u00f5es da multiforme representa\u00e7\u00e3o do esporte mundial\u201d. Esta \u00e9 <strong>a afirma\u00e7\u00e3o de Paolo Cipolli<\/strong>, que participou do evento e \u00e9 coordenador de <em><a href=\"http:\/\/www.sportmeet.org\/\" target=\"_blank\" rel=\"noopener\">Sportmeet<\/a><\/em>, fundado por Chiara Lubich em 2002, com o objetivo de dar uma contribui\u00e7\u00e3o \u00e0 fraternidade universal, no esporte e por meio do esporte.  <strong>A cerim\u00f4nia de abertura, presidida pelo Papa Francisco<\/strong>, contou com a presen\u00e7a de significativos convidados, a come\u00e7ar pelo Secret\u00e1rio Geral das Na\u00e7\u00f5es Unidas, Ban Ki-moon; pelo presidente do Comit\u00ea Ol\u00edmpico Internacional, Thomas Bach e pelos l\u00edderes de outras Igrejas e das grandes religi\u00f5es.  Foram seis os princ\u00edpios inspiradores da Confer\u00eancia: compaix\u00e3o, respeito, amor, inspira\u00e7\u00e3o, equil\u00edbrio e alegria.  \u201cO esporte \u00e9 uma atividade humana de grande valor, capaz de enriquecer a vida das pessoas, da qual podem desfrutar com alegria homens e mulheres de todas as na\u00e7\u00f5es, etnias e perten\u00e7as religiosa. (\u2026) O lema ol\u00edmpico \u201caltius, citius, fortius\u201d \u00e9 um convite a desenvolver os talentos que Deus nos concedeu. (\u2026) \u00c9 importante que todos possam participar das atividades esportivas, e estou feliz por tomar conhecimento de que no centro da vossa aten\u00e7\u00e3o, nestes dias, est\u00e1 o compromisso para assegurar que o esporte torne-se cada vez mais inclusivo e que os seus benef\u00edcios sejam verdadeiramente acess\u00edveis a todos\u201d, afirmou o <a href=\"http:\/\/w2.vatican.va\/content\/francesco\/pt\/events\/event.dir.html\/content\/vaticanevents\/pt\/2016\/10\/5\/fedesport.html\" target=\"_blank\" rel=\"noopener\">papa Francisco<\/a>.  <strong><img loading=\"lazy\" decoding=\"async\" class=\"alignright wp-image-143614\" src=\"https:\/\/www.focolare.org\/wp-content\/uploads\/2016\/10\/20161018-01.jpg\" alt=\"20161018-01\" width=\"368\" height=\"209\" \/><\/strong>Lembrando-se especialmente das sempre mais numerosas periferias, <strong>quanto \u00e0 indiferen\u00e7a, o Papa exortou<\/strong>: \u201cTodos n\u00f3s conhecemos o entusiasmo das crian\u00e7as que jogam com uma bola vazia, ou feita de trapos, nos sub\u00farbios de algumas cidades grandes ou nas ruas dos povoados. Eu gostaria de encorajar a todos \u2014 institui\u00e7\u00f5es, sociedades esportivas, organismos educativos e sociais, comunidades religiosas \u2014 a trabalhar juntos para que essas crian\u00e7as possam ter acesso ao esporte em condi\u00e7\u00f5es dignas, especialmente aquelas que s\u00e3o exclu\u00eddas por causa da pobreza\u201d.  Papa Francisco concluiu com um desafio preciso: \u201c(\u2026) Preservar a autenticidade do esporte, proteg\u00ea-lo das manipula\u00e7\u00f5es e da explora\u00e7\u00e3o comercial. Seria triste, para o esporte e para a humanidade, se as pessoas n\u00e3o conseguissem mais confiar na verdade dos resultados esportivos, ou se o cinismo e o desencanto prevalecessem sobre o entusiasmo e sobre a participa\u00e7\u00e3o alegre e desinteressada. No esporte, assim como na vida, \u00e9 importante lutar pelo resultado, mas, jogar bem e com lealdade \u00e9 ainda mais importante!\u201d.  <strong>No palco, junto ao papa, estavam muitos atletas<\/strong> entre os quais os italianos Alessandro Del Piero e os esgrimistas medalha de ouro nas Olimp\u00edadas, Daniele Garozzo e Valentina Vezzali; a nadadora do Zimb\u00e1bue e ex-dententora do record mundial, Kirsty Coventry; o ginasta Igor Cassina\u00a0e alguns atletas paraol\u00edmpicos, entre os quais a campe\u00e3 Anna Schaffelhuber; a atleta Giusy Versace e a esgrimista medalha de ouro no Rio 2016, Bebe Vio. Muito significativas as breves palavras do atleta do Sud\u00e3o do Sul, Paulo Lokoro, participante da competi\u00e7\u00e3o no Rio 2016, na equipe ol\u00edmpica dos refugiados.  <strong>A Confer\u00eancia, que se realizou de 5 a 7 de outubro<\/strong>, contou com a coopera\u00e7\u00e3o de mais de 300 delegados de diversas etnias, culturas e religi\u00f5es, representando organismos internacionais, esportivos e n\u00e3o, de governos, de associa\u00e7\u00f5es e ONGs, de empresas comprometidas no diversificado mundo do esporte. Gra\u00e7as a momentos de reflex\u00f5es, aprofundamentos tem\u00e1ticos, testemunhos, trabalhos em grupos, evidenciou-se a fun\u00e7\u00e3o, insubstitu\u00edvel, que o esporte pode ter no servi\u00e7o \u00e0 humanidade.  \u201cFiquei feliz de participar e de ter contribu\u00eddo para a realiza\u00e7\u00e3o de um evento de import\u00e2ncia hist\u00f3rica pela novidade com a qual a Igreja direcionou o seu olhar ao esporte\u201d, disse Paolo Crepaz, membro de <em>Sportmeet<\/em>.  <strong>Na conclus\u00e3o<\/strong> houve um momento solene: a assinatura de todos os participantes, comprometendo-se a ser <em>gamechanger<\/em>, pessoas que se inserem e promovem uma rede mundial, convictas de que o esporte pode transformar o mundo.<\/p>\n","protected":false},"excerpt":{"rendered":"<p>Tamb\u00e9m Sportmeet foi representada na primeira Confer\u00eancia Mundial sobre Esporte e F\u00e9, \u201cO Es-porte a servi\u00e7o da humanidade\u201d, de 5 a 7 de outubro, promovida pelo Conselho Pontif\u00edcio para a Cultura.<\/p>\n","protected":false},"author":34,"featured_media":0,"comment_status":"open","ping_status":"open","sticky":false,"template":"","format":"standard","meta":{"give_campaign_id":0,"_seopress_robots_primary_cat":"","_seopress_titles_title":"","_seopress_titles_desc":"","_seopress_robots_index":"","_et_pb_use_builder":"","_et_pb_old_content":"","_et_gb_content_width":"","footnotes":""},"categories":[129],"tags":[],"class_list":["post-334894","post","type-post","status-publish","format-standard","hentry","category-sem-categoria"],"_links":{"self":[{"href":"https:\/\/www.focolare.org\/pt-pt\/wp-json\/wp\/v2\/posts\/334894","targetHints":{"allow":["GET"]}}],"collection":[{"href":"https:\/\/www.focolare.org\/pt-pt\/wp-json\/wp\/v2\/posts"}],"about":[{"href":"https:\/\/www.focolare.org\/pt-pt\/wp-json\/wp\/v2\/types\/post"}],"author":[{"embeddable":true,"href":"https:\/\/www.focolare.org\/pt-pt\/wp-json\/wp\/v2\/users\/34"}],"replies":[{"embeddable":true,"href":"https:\/\/www.focolare.org\/pt-pt\/wp-json\/wp\/v2\/comments?post=334894"}],"version-history":[{"count":0,"href":"https:\/\/www.focolare.org\/pt-pt\/wp-json\/wp\/v2\/posts\/334894\/revisions"}],"wp:attachment":[{"href":"https:\/\/www.focolare.org\/pt-pt\/wp-json\/wp\/v2\/media?parent=334894"}],"wp:term":[{"taxonomy":"category","embeddable":true,"href":"https:\/\/www.focolare.org\/pt-pt\/wp-json\/wp\/v2\/categories?post=334894"},{"taxonomy":"post_tag","embeddable":true,"href":"https:\/\/www.focolare.org\/pt-pt\/wp-json\/wp\/v2\/tags?post=334894"}],"curies":[{"name":"wp","href":"https:\/\/api.w.org\/{rel}","templated":true}]}}