{"id":334924,"date":"2016-10-28T12:00:45","date_gmt":"2016-10-28T10:00:45","guid":{"rendered":"https:\/\/www.focolare.org\/na-argelia-a-celebracao-dos-50-anos-dos-focolares-na-africa-do-norte-e-no-oriente-medio\/"},"modified":"2024-05-16T15:29:18","modified_gmt":"2024-05-16T13:29:18","slug":"na-argelia-a-celebracao-dos-50-anos-dos-focolares-na-africa-do-norte-e-no-oriente-medio","status":"publish","type":"post","link":"https:\/\/www.focolare.org\/pt-pt\/na-argelia-a-celebracao-dos-50-anos-dos-focolares-na-africa-do-norte-e-no-oriente-medio\/","title":{"rendered":"Na Arg\u00e9lia a celebra\u00e7\u00e3o dos 50 anos dos Focolares na \u00c1frica do Norte e no Oriente M\u00e9dio"},"content":{"rendered":"<p><strong><img loading=\"lazy\" decoding=\"async\" class=\"size-full wp-image-144102 alignleft\" src=\"https:\/\/www.focolare.org\/wp-content\/uploads\/2016\/10\/Ulisse_Algeria.jpg\" alt=\"Ulisse_Algeria\" width=\"200\" height=\"246\" \/>No dia 16 de outubro de 1966 uma Citro\u00ebn 2 CV chegou a Tlemcen<\/strong>, uma cidade na Arg\u00e9lia. Naquele carro estavam tr\u00eas focolarinos: <strong>Salvatore Strippoli e Ulisse Caglioni, italianos, e Pierre Le Vaslot, franc\u00eas<\/strong>. Foi o in\u00edcio de uma aventura que, nesses dias, comemora 50 anos de presen\u00e7a e de vida, e que, da Arg\u00e9lia, difundiu-se em v\u00e1rios pontos do norte da \u00c1frica do Norte e do Oriente M\u00e9dio.  Murad, m\u00e9dico, recorda: \u201c\u00c9ramos um grupo de jovens e n\u00e3o sab\u00edamos exatamente o que eles queriam fazer; r\u00edamos pelas menores coisas. Um dia encontramos G\u00e9rard e ele nos convidou para tomar ch\u00e1 na casa dele: o focolare, e voltamos l\u00e1 v\u00e1rias vezes. N\u00f3s convers\u00e1vamos, cant\u00e1vamos e eram m\u00fasicas que transmitiam muitas coisas belas sobre a vida. Conhec\u00edamos, sempre mais, um ideal que nos preenchia, que nos ensinou a viver. Isto aconteceu h\u00e1 50 anos. Agora tenho 67 e continuo a viver este ideal, estou feliz por viv\u00ea-lo, \u00e9 um ideal que nos ensina a viver o amor entre as pessoas\u201d.  Samira, estudante: \u201cEu tenho 21 anos. Estou muito impressionada, tenho reconhecimento e sinto-me encorajada pelas ideias sadias que o Focolare transmite. Especialmente pela determina\u00e7\u00e3o em querer construir pontes entre os homens e no fato de transmitir valores morais e humanos, para reunirmo-nos como irm\u00e3os, de todos os lugares e, especialmente reunirmo-nos em Allah, que \u00e9 Uno\u201d.  Omar, enfermeiro de sala operat\u00f3ria: \u201cA paz esteja com voc\u00eas! O Movimento dos Focolares ensinou-me a conhecer o outro, mesmo se ele \u00e9 diferente, ensinou a apreciar-nos, antes, a enriquecermo-nos reciprocamente e a ir al\u00e9m dos preconceitos, \u00e0s vezes seculares. Eu aprendi a dar o primeiro passo em dire\u00e7\u00e3o ao outro, a aproximar-me dele como um irm\u00e3o, com um amor desinteressado que \u00e9 a chave da fraternidade\u201d.  E dom Henri Teissier, arcebispo em\u00e9rito de Argel: \u201cA Igreja da Arg\u00e9lia \u00e9 um pequeno n\u00famero de crist\u00e3os, para o qual \u00e9 importante estar inserido na sociedade argelina. O Focolare mirou exatamente a rela\u00e7\u00e3o, o di\u00e1logo, sem esconder a pr\u00f3pria identidade, mas, deixando aos amigos argelinos que se aproximavam a tarefa de traduzi-lo na cultura deles. Penso que o Focolare, agindo dessa forma, tenha respondido \u00e0 expectativa da Igreja. Evidentemente isto os deixou de certa forma, fora da comunidade crist\u00e3 reunida, mas, certamente, o nosso objetivo n\u00e3o \u00e9 a comunidade reunida e sim uma comunidade que procura os outros para encontrar-se em uma realidade que nos supera\u201d.  <strong><img loading=\"lazy\" decoding=\"async\" class=\"alignright\" src=\"https:\/\/www.focolare.org\/wp-content\/uploads\/2011\/06\/20110625-01.jpg\" alt=\"\" width=\"341\" height=\"195\" \/><\/strong>O centro dos Focolares \u201cDar es Salam\u201d, em Tlemcen, ser\u00e1 a sede de dois eventos que marcam a etapa deste cinquenten\u00e1rio:  * o segundo <strong>Congresso Internacional dos Mu\u00e7ulmanos do Movimento dos Focolares<\/strong> (28-30 de outubro de 2016), com participantes de toda a Arg\u00e9lia, do L\u00edbano, Egito, Jord\u00e2nia, It\u00e1lia, Fran\u00e7a, Su\u00ed\u00e7a e do Canad\u00e1,  * a <strong>Festa dos 50 anos do Movimento dos Focolares na Arg\u00e9lia<\/strong> (1-2 de novembro de 2016), com participantes de v\u00e1rias comunidades e alguns dos primeiros participantes desta aventura, contar\u00e1 tamb\u00e9m com a presen\u00e7a do copresidente dos Focolares, <strong>Jes\u00fas Mor\u00e1n<\/strong>.<\/p>\n","protected":false},"excerpt":{"rendered":"<p>No Centro \u201cDar es Salam\u201d, em Tlemcen, se realizar\u00e1 o segundo Congresso Internacional dos Mu\u00e7ulmanos do Movimento<\/p>\n","protected":false},"author":34,"featured_media":0,"comment_status":"open","ping_status":"open","sticky":false,"template":"","format":"standard","meta":{"give_campaign_id":0,"_seopress_robots_primary_cat":"","_seopress_titles_title":"","_seopress_titles_desc":"","_seopress_robots_index":"","_et_pb_use_builder":"","_et_pb_old_content":"","_et_gb_content_width":"","footnotes":""},"categories":[909],"tags":[],"class_list":["post-334924","post","type-post","status-publish","format-standard","hentry","category-focolare-worldwide-2-4"],"_links":{"self":[{"href":"https:\/\/www.focolare.org\/pt-pt\/wp-json\/wp\/v2\/posts\/334924","targetHints":{"allow":["GET"]}}],"collection":[{"href":"https:\/\/www.focolare.org\/pt-pt\/wp-json\/wp\/v2\/posts"}],"about":[{"href":"https:\/\/www.focolare.org\/pt-pt\/wp-json\/wp\/v2\/types\/post"}],"author":[{"embeddable":true,"href":"https:\/\/www.focolare.org\/pt-pt\/wp-json\/wp\/v2\/users\/34"}],"replies":[{"embeddable":true,"href":"https:\/\/www.focolare.org\/pt-pt\/wp-json\/wp\/v2\/comments?post=334924"}],"version-history":[{"count":0,"href":"https:\/\/www.focolare.org\/pt-pt\/wp-json\/wp\/v2\/posts\/334924\/revisions"}],"wp:attachment":[{"href":"https:\/\/www.focolare.org\/pt-pt\/wp-json\/wp\/v2\/media?parent=334924"}],"wp:term":[{"taxonomy":"category","embeddable":true,"href":"https:\/\/www.focolare.org\/pt-pt\/wp-json\/wp\/v2\/categories?post=334924"},{"taxonomy":"post_tag","embeddable":true,"href":"https:\/\/www.focolare.org\/pt-pt\/wp-json\/wp\/v2\/tags?post=334924"}],"curies":[{"name":"wp","href":"https:\/\/api.w.org\/{rel}","templated":true}]}}