{"id":334930,"date":"2016-10-31T04:00:26","date_gmt":"2016-10-31T03:00:26","guid":{"rendered":"https:\/\/www.focolare.org\/tornar-visivel-quem-trabalha-pela-paz\/"},"modified":"2024-05-16T15:29:20","modified_gmt":"2024-05-16T13:29:20","slug":"tornar-visivel-quem-trabalha-pela-paz","status":"publish","type":"post","link":"https:\/\/www.focolare.org\/pt-pt\/tornar-visivel-quem-trabalha-pela-paz\/","title":{"rendered":"Tornar vis\u00edvel quem trabalha pela paz"},"content":{"rendered":"<p><div id=\"attachment_144134\" style=\"width: 167px\" class=\"wp-caption alignright\"><img loading=\"lazy\" decoding=\"async\" aria-describedby=\"caption-attachment-144134\" class=\"wp-image-144134\" src=\"https:\/\/www.focolare.org\/wp-content\/uploads\/2016\/10\/ChantalGrevin.jpg\" alt=\"ChantalGrevin\" width=\"157\" height=\"160\" \/><p id=\"caption-attachment-144134\" class=\"wp-caption-text\">M.me Chantal Grevin (repr\u00e9sentante principale de New Humanity \u00e0 l&#8217;UNESCO)<\/p><\/div>  <strong>De que modo uma organiza\u00e7\u00e3o como a <a href=\"http:\/\/whc.unesco.org\/\" target=\"_blank\" rel=\"noopener\">UNESCO <\/a>serve \u00e0 paz?<\/strong> Antes de tudo \u00e9 preciso recordar que a UNESCO faz parte das Na\u00e7\u00f5es Unidas. E a paz \u00e9 o elemento que est\u00e1 na base do nascimento da ONU. Objetivo da UNESCO \u00e9 a coordena\u00e7\u00e3o da coopera\u00e7\u00e3o internacional em mat\u00e9ria de instru\u00e7\u00e3o, ci\u00eancia, cultura e comunica\u00e7\u00e3o, e \u00e9, de alguma maneira, a sua inst\u00e2ncia \u00e9tica. A paz, portanto, \u00e9 sua fun\u00e7\u00e3o fundamental,\u00a0 principalmente por meio do di\u00e1logo entre as culturas. O seu programa cient\u00edfico inter-governamental, dedicado \u00e0s transforma\u00e7\u00f5es sociais (MOST), evidencia que nenhuma mudan\u00e7a pode ser feita se n\u00e3o est\u00e1 integrada nas diferentes culturas.  <strong>A UNESCO \u00e9 conhecida pelo desenvolvimento do pluralismo cultural. Mas qual a liga\u00e7\u00e3o com a busca da unidade e como fazer ouvir a voz da <em><a href=\"http:\/\/www.new-humanity.org\" target=\"_blank\" rel=\"noopener\">New Humanity<\/a><\/em>\u00a0entre todos os promotores da paz?<\/strong> Se a riqueza da diversidade das culturas deve ser protegida, assim como a biodiversidade, onde est\u00e1, ent\u00e3o, a unidade que a humanidade aspira? Ainda n\u00e3o superamos este est\u00e1gio. A declara\u00e7\u00e3o universal dos direitos humanos \u00e9 um fundamento comum a este prop\u00f3sito, ainda que \u00e0s vezes seja contestada, mas devem ainda ser encontrados aqueles valores comuns, universais, indispens\u00e1veis ao nosso contrato social global. O evento de 15 de novembro permitir\u00e1 uma reflex\u00e3o sobre isso. Esta manifesta\u00e7\u00e3o de <em>New Humanity<\/em> na sede da UNESCO \u00e9 uma contribui\u00e7\u00e3o aos trabalhos da UNESCO com aquilo que n\u00f3s podemos oferecer: algumas boas pr\u00e1ticas unidas a uma reflex\u00e3o de fundo. A nossa ONG pode fazer compreender como a unidade seja a fonte e a meta da vida da humanidade.  <strong>Num mundo dilacerado por conflitos n\u00e3o \u00e9 ut\u00f3pico acreditar nas possibilidades de um evento?<\/strong> \u00c9 verdade que o mundo vai mal, mas n\u00f3s temos motivos para acreditar na paz. O evento dar\u00e1 visibilidade \u00e0queles que a tornam poss\u00edvel. A promo\u00e7\u00e3o de uma cultura de paz nunca poder\u00e1 ser medida, mas o caminho est\u00e1 aberto. Pessoalmente acredito nas organiza\u00e7\u00f5es internacionais. Podem parecer impotentes, mas n\u00e3o \u00e9 pouco que 195 pa\u00edses possam sentar-se para discutir juntos, e que pa\u00edses em guerra entre si encontrem-se numa mesma sala. No momento em que nos colocamos num plano cultural, e n\u00e3o pol\u00edtico, os interc\u00e2mbios s\u00e3o mais livres. Um exemplo: quando a Palestina n\u00e3o podia entrar na ONU, a UNESCO tornou poss\u00edvel colocando-se no plano do seu patrim\u00f4nio cultural que devia ser tutelado. Esperamos que o nosso evento tenha uma incid\u00eancia por meio do que foi enviado aos embaixadores, um patrim\u00f4nio cultural interessante para pesquisadores e para pessoas do mundo inteiro. E isso por muitos anos.  <strong>Entrevista de Chantal Joly<\/strong>  <a href=\"https:\/\/www.focolare.org\/press\/pt\/news\/2016\/10\/26\/allunesco-reinventare-la-pace-2\/\" target=\"_blank\" rel=\"noopener\">Comunicado de imprensa<\/a><\/p>\n","protected":false},"excerpt":{"rendered":"<p>Entrevista com Chantal Grevin, representante de New Humanity junto \u00e0 UNESCO, sobre o evento que acontecer\u00e1 em Paris, dia 15 de novembro, por ocasi\u00e3o do 20\u00b0 anivers\u00e1rio do conferimento do Pr\u00eamio UNESCO pela educa\u00e7\u00e3o \u00e0 paz a Chiara Lubich.<\/p>\n","protected":false},"author":34,"featured_media":0,"comment_status":"open","ping_status":"open","sticky":false,"template":"","format":"standard","meta":{"give_campaign_id":0,"_seopress_robots_primary_cat":"","_seopress_titles_title":"","_seopress_titles_desc":"","_seopress_robots_index":"","_et_pb_use_builder":"","_et_pb_old_content":"","_et_gb_content_width":"","footnotes":""},"categories":[909,910],"tags":[],"class_list":["post-334930","post","type-post","status-publish","format-standard","hentry","category-focolare-worldwide-2-4","category-senza-categoria-2-4"],"_links":{"self":[{"href":"https:\/\/www.focolare.org\/pt-pt\/wp-json\/wp\/v2\/posts\/334930","targetHints":{"allow":["GET"]}}],"collection":[{"href":"https:\/\/www.focolare.org\/pt-pt\/wp-json\/wp\/v2\/posts"}],"about":[{"href":"https:\/\/www.focolare.org\/pt-pt\/wp-json\/wp\/v2\/types\/post"}],"author":[{"embeddable":true,"href":"https:\/\/www.focolare.org\/pt-pt\/wp-json\/wp\/v2\/users\/34"}],"replies":[{"embeddable":true,"href":"https:\/\/www.focolare.org\/pt-pt\/wp-json\/wp\/v2\/comments?post=334930"}],"version-history":[{"count":0,"href":"https:\/\/www.focolare.org\/pt-pt\/wp-json\/wp\/v2\/posts\/334930\/revisions"}],"wp:attachment":[{"href":"https:\/\/www.focolare.org\/pt-pt\/wp-json\/wp\/v2\/media?parent=334930"}],"wp:term":[{"taxonomy":"category","embeddable":true,"href":"https:\/\/www.focolare.org\/pt-pt\/wp-json\/wp\/v2\/categories?post=334930"},{"taxonomy":"post_tag","embeddable":true,"href":"https:\/\/www.focolare.org\/pt-pt\/wp-json\/wp\/v2\/tags?post=334930"}],"curies":[{"name":"wp","href":"https:\/\/api.w.org\/{rel}","templated":true}]}}