{"id":334994,"date":"2016-11-24T04:15:37","date_gmt":"2016-11-24T03:15:37","guid":{"rendered":"https:\/\/www.focolare.org\/a-urgencia-de-trabalhar-juntos-pela-europa\/"},"modified":"2024-05-16T15:29:36","modified_gmt":"2024-05-16T13:29:36","slug":"a-urgencia-de-trabalhar-juntos-pela-europa","status":"publish","type":"post","link":"https:\/\/www.focolare.org\/pt-pt\/a-urgencia-de-trabalhar-juntos-pela-europa\/","title":{"rendered":"A urg\u00eancia de trabalhar \u201cJuntos pela Europa\u201d"},"content":{"rendered":"<p><strong>\u00a0<img loading=\"lazy\" decoding=\"async\" class=\"size-full wp-image-145306 alignleft\" src=\"https:\/\/www.focolare.org\/wp-content\/uploads\/2016\/11\/insieme-2.jpg\" alt=\"insieme 2\" width=\"386\" height=\"326\" \/><\/strong><strong>130 representantes de 40 Movimentos e Comunidades crist\u00e3s<\/strong>, provenientes de 14 pa\u00edses europeus, 8 l\u00ednguas, 4 tradu\u00e7\u00f5es simult\u00e2neas. Eis os n\u00fameros dos tr\u00eas dias da rede <a href=\"http:\/\/www.together4europe.org\/\"><em>Juntos pela Europa<\/em><\/a> (10-12 de novembro) que se\u00a0realizaram no Centro internacional do <a href=\"https:\/\/www.focolare.org\/pt\/chi-siamo\/\">Movimento dos Focolares<\/a> (Castel Gandolfo, Roma).  \u00abUm ano atr\u00e1s, durante o nosso encontro anual que se realizava na Holanda \u2013 recorda <strong>Beatriz Lauenroth<\/strong> \u2013, nos chegou a not\u00edcia dos atentados de Paris. Estes e outros acontecimentos deste \u00faltimo per\u00edodo, que levam \u00e0 fragmenta\u00e7\u00e3o da Europa nos confirmam, agora mais do que nunca, que \u00e9 preciso nos encontrarmos e trabalharmos juntos pela unidade\u00bb.  Muitos dos presentes evidenciaram esta necessidade, como o alem\u00e3o <strong>Elke Pechmann<\/strong> da <a href=\"https:\/\/www.ojc.de\/\">Offensive Junger Christen<\/a>: \u00abJuntos pela Europa n\u00e3o \u00e9 um luxo, n\u00e3o \u00e9 um algo a mais. \u00c9 um not\u00e1vel investimento para o presente e, especialmente, para o futuro da Europa\u00bb.  J\u00e1 a representante de Moscou,<strong> Larisa Musina<\/strong> (<a href=\"https:\/\/festival.psmb.ru\/en\">Trasfiguration Fellowship of Minor Orthodox Brotherhoods<\/a>, St. Philaret), expressou a import\u00e2ncia de aprofundar o conhecimento rec\u00edproco para crescer no di\u00e1logo: \u00abDevemos alargar o di\u00e1logo entre os pa\u00edses do Leste europeu e os do Ocidente. Junto com outros pa\u00edses da Europa Oriental tamb\u00e9m n\u00f3s, russos, podemos dar muito ao Ocidente\u00bb<em>.<\/em>  <strong>A Su\u00ed\u00e7a fez com que se ouvisse a voz das novas gera\u00e7\u00f5es:<\/strong> \u00abOs cinco jovens da <a href=\"http:\/\/jahu.org\/\">JAHU <\/a>aqui presentes \u2013 explica <strong>Selomi Z\u00fcrcher<\/strong> \u2013, sentimos nosso o futuro da Europa. Sabemos apreciar a experi\u00eancia e a sabedoria dos adultos. E pedimos a eles que tenham confian\u00e7a em n\u00f3s e que queiram aprender inclusive de n\u00f3s. Assim a Europa dos nossos pais pode se tornar tamb\u00e9m a Europa dos filhos\u00bb.  <strong>\u00c0 pergunta,<\/strong> sugerida nos discursos, nos interc\u00e2mbios pessoais e nos trabalhos de grupo,<strong> sobre como ser\u00e1 o caminho futuro<\/strong> de <em>Juntos pela Europa<\/em>, se responde com propostas concretas. Passos que cada um dos Movimentos e Comunidades podem dar, no decorrer de 2017, em prol dos pr\u00f3prios pa\u00edses e por <em>Juntos pela Europa<\/em>. Como uma vig\u00edlia de ora\u00e7\u00e3o na v\u00e9spera do pr\u00f3ximo dia 25 de mar\u00e7o, dia em que se comemora os 60 anos da assinatura dos Tratados de Roma, considerados como um dos momentos hist\u00f3ricos mais significativos do processo de integra\u00e7\u00e3o europeia. Para a ocasi\u00e3o, muitas personalidades pol\u00edticas europeias se encontrar\u00e3o em Roma. Deste modo, <em>Juntos<\/em> <em>pela Europa<\/em> quer estar presente, enviando j\u00e1 antes aos pol\u00edticos um documento \u00absobre a nossa ideia de Europa e desejamos que semelhantes vig\u00edlias se realizem nas cidades europeias onde estamos presentes\u00bb.  &nbsp;  <img loading=\"lazy\" decoding=\"async\" class=\"size-full wp-image-145305 alignright\" src=\"https:\/\/www.focolare.org\/wp-content\/uploads\/2016\/11\/insieme-1.jpg\" alt=\"insieme 1\" width=\"386\" height=\"303\" \/>  <strong>Outra iniciativa muito sentida pelos participantes:<\/strong> o desejo de criar espa\u00e7os de encontro e de partilha. \u00abQueremos incrementar a comunh\u00e3o entre os Movimentos em n\u00edvel local e ainda oferecer um programa dirigido a cada uma das cidades\u00bb, <strong>acrescentam<\/strong>.  <strong>As impress\u00f5es antes de se despedirem expressam o entusiasmo experimentado nos tr\u00eas dias juntos<\/strong>: \u00abGostaria de contagiar outros jovens com o meu entusiasmo pelo <em>Juntos<\/em> e desejo que no pr\u00f3ximo ano possamos ser mais numerosos aqui\u00bb (Uma jovem, Alemanha).  \u00abAo voltarmos para casa, informaremos todos os outros movimentos na Eslov\u00eania sobre o que vivemos aqui. Convidaremos tamb\u00e9m um bispo cat\u00f3lico e um luterano, para que saibam que tamb\u00e9m os leigos, junto com as Igrejas, se mobilizam por um futuro melhor do Continente\u00bb (Um jovem, Eslov\u00eania).  Com o Congresso de Castel Gandolfo se alargou a participa\u00e7\u00e3o, com o t\u00edtulo de \u201c<em>Amigos de Juntos pela Europa\u201d<\/em>, inclusive a fam\u00edlias religiosas e a grupos carism\u00e1ticos de antiga funda\u00e7\u00e3o.  <strong>O pr\u00f3ximo encontro marcado dos \u201c<\/strong><em><strong>Amigos de<\/strong><\/em> <em><strong>Juntos<\/strong><\/em> <em><strong>pela Europa\u201d<\/strong><\/em><strong> est\u00e1 previsto para Viena, de 9 a 11 de novembro de 2017<\/strong>.  &nbsp;<\/p>\n","protected":false},"excerpt":{"rendered":"<p>O encontro marcado anual se realizou em Castel Gandolfo (Roma), de 10 a 12 de novembro. Os \u00faltimos acontecimentos na Europa que levam \u00e0 fragmenta\u00e7\u00e3o, tornam mais urgente trabalhar juntos pela unidade do Continente.<\/p>\n","protected":false},"author":34,"featured_media":0,"comment_status":"open","ping_status":"open","sticky":false,"template":"","format":"standard","meta":{"give_campaign_id":0,"_seopress_robots_primary_cat":"","_seopress_titles_title":"","_seopress_titles_desc":"","_seopress_robots_index":"","_et_pb_use_builder":"","_et_pb_old_content":"","_et_gb_content_width":"","footnotes":""},"categories":[129],"tags":[],"class_list":["post-334994","post","type-post","status-publish","format-standard","hentry","category-sem-categoria"],"_links":{"self":[{"href":"https:\/\/www.focolare.org\/pt-pt\/wp-json\/wp\/v2\/posts\/334994","targetHints":{"allow":["GET"]}}],"collection":[{"href":"https:\/\/www.focolare.org\/pt-pt\/wp-json\/wp\/v2\/posts"}],"about":[{"href":"https:\/\/www.focolare.org\/pt-pt\/wp-json\/wp\/v2\/types\/post"}],"author":[{"embeddable":true,"href":"https:\/\/www.focolare.org\/pt-pt\/wp-json\/wp\/v2\/users\/34"}],"replies":[{"embeddable":true,"href":"https:\/\/www.focolare.org\/pt-pt\/wp-json\/wp\/v2\/comments?post=334994"}],"version-history":[{"count":0,"href":"https:\/\/www.focolare.org\/pt-pt\/wp-json\/wp\/v2\/posts\/334994\/revisions"}],"wp:attachment":[{"href":"https:\/\/www.focolare.org\/pt-pt\/wp-json\/wp\/v2\/media?parent=334994"}],"wp:term":[{"taxonomy":"category","embeddable":true,"href":"https:\/\/www.focolare.org\/pt-pt\/wp-json\/wp\/v2\/categories?post=334994"},{"taxonomy":"post_tag","embeddable":true,"href":"https:\/\/www.focolare.org\/pt-pt\/wp-json\/wp\/v2\/tags?post=334994"}],"curies":[{"name":"wp","href":"https:\/\/api.w.org\/{rel}","templated":true}]}}