{"id":335022,"date":"2016-12-12T07:30:32","date_gmt":"2016-12-12T06:30:32","guid":{"rendered":"https:\/\/www.focolare.org\/os-50-anos-do-movimento-dos-focolares-entre-o-povo-bangwa-de-camaroes\/"},"modified":"2024-05-16T15:29:42","modified_gmt":"2024-05-16T13:29:42","slug":"os-50-anos-do-movimento-dos-focolares-entre-o-povo-bangwa-de-camaroes","status":"publish","type":"post","link":"https:\/\/www.focolare.org\/pt-pt\/os-50-anos-do-movimento-dos-focolares-entre-o-povo-bangwa-de-camaroes\/","title":{"rendered":"Os 50 anos do Movimento dos Focolares entre o povo Bangwa de Camar\u00f5es"},"content":{"rendered":"<p><strong><img loading=\"lazy\" decoding=\"async\" class=\"alignnone wp-image-145983\" src=\"https:\/\/www.focolare.org\/wp-content\/uploads\/2016\/12\/Fontem_50th_slide.jpg\" alt=\"Fontem_50th_slide\" width=\"630\" height=\"136\" \/><\/strong>  <strong>\u201cDeus visitou o povo Bangwa por meio do<\/strong> <strong>Movimento dos Focolares<\/strong> [&#8230;]. Viveram o pacto do amor rec\u00edproco com o povo Bangwa e ensinaram a <a href=\"https:\/\/www.focolare.org\/pt\/chiara-lubich\/spiritualita-dellunita\/\" target=\"_blank\" rel=\"noopener\">espiritualidade da unidade<\/a> e a fraternidade universal [&#8230;]. Reduziram a mortalidade infantil de 90% a praticamente zero; trabalharam duro para eliminar a mort\u00edfera mosca ts\u00e9-ts\u00e9 que fazia de Fontem um vale de morte; milhares de pessoas n\u00e3o teriam tido uma boa forma\u00e7\u00e3o escolar sem eles; deram a todos boas condi\u00e7\u00f5es sanit\u00e1rias [&#8230;]. Agora \u00e9 o momento de celebrar o amor de Deus por todo o povo de Lebialem.\u201d  <strong>Estes s\u00e3o alguns trechos da carta com a qual o monsenhor Andrew Nkea, bispo de Mamfe, havia anunciado 2016 como um ano jubilar<\/strong> de agradecimento a Deus pela chegada do Movimento dos Focolares entre o povo Bangwa. Com uma ora\u00e7\u00e3o a ser feita todos os dias, a carta percorre os momentos principais destes 50 anos, recordando os protagonistas e todos que no decorrer desta hist\u00f3ria deram a vida. Ela exprime tamb\u00e9m os sentimentos dos Fon \u2013 reis dos territ\u00f3rios da regi\u00e3o \u2013 dos respons\u00e1veis das institui\u00e7\u00f5es e de toda a popula\u00e7\u00e3o.  <strong>Em 1966 chegaram a Fontem os primeiros focolarinos m\u00e9dicos<\/strong>. Responder a emerg\u00eancia em que se encontrava o povo Bangwa se tornou uma prioridade para todos do Movimento dos Focolares. <a href=\"https:\/\/www.focolare.org\/pt\/chiara-lubich\/chi-e-chiara\/\" target=\"_blank\" rel=\"noopener\">Chiara Lubich<\/a> os visitou pela primeira vez no mesmo ano, acolhida com grande festa pelo rei, o Fon Defang, por pessoas ilustres e todo o povo. Voltou mais duas vezes. Em maio de 2000 disse aos Bangwa reunidos na grande \u00e1rea em frente ao pal\u00e1cio do Fon: \u201cN\u00e3o quero deix\u00e1-los sem fazer um pacto solene. Um pacto de amor rec\u00edproco, forte e vinculador. \u00c9 como uma esp\u00e9cie de juramento, no qual nos empenhamos em estar sempre na plena paz entre n\u00f3s e a recomp\u00f4-la todas as vezes que for rompida\u201d.  <strong><a href=\"https:\/\/www.focolare.org\/wp-content\/uploads\/2016\/12\/Fontem_50th_02.jpg\"><img loading=\"lazy\" decoding=\"async\" class=\"wp-image-145984 alignleft\" src=\"https:\/\/www.focolare.org\/wp-content\/uploads\/2016\/12\/Fontem_50th_02.jpg\" alt=\"Fontem_50th_02\" width=\"368\" height=\"201\" \/><\/a>Na conclus\u00e3o deste ano jubilar,<\/strong> de 14 a 17 de dezembro de 2016, haver\u00e1 a celebra\u00e7\u00e3o solene dos 50 anos, em cuja prepara\u00e7\u00e3o o Fon e os respons\u00e1veis das institui\u00e7\u00f5es se envolveram ativamente, e que, em outubro adquiriu uma dimens\u00e3o nacional com a sua apresenta\u00e7\u00e3o, em Yaound\u00e9, ao primeiro ministro Phil\u00e9mon Yang.  <strong>No programa do jubileu<\/strong> est\u00e1 o col\u00e9gio Our Lady Seat of Wisdom, que, com 500 alunos por ano, est\u00e1 entre os cinco melhores institutos pr\u00e9-universit\u00e1rios no sistema de l\u00edngua inglesa de Camar\u00f5es; testemunho sobre a vida e o trabalho dos Focolares em Fontem; uma Confer\u00eancia Internacional sobre o di\u00e1logo inter-religioso entre cristianismo e religi\u00e3o tradicional africana, na experi\u00eancia dos \u00faltimos 50 anos entre o povo Bangwa.  Hoje \u00e9 a encultura\u00e7\u00e3o do cristianismo que est\u00e1 mais em evid\u00eancia. Para o fil\u00f3sofo e te\u00f3logo africano Martin Nkafu, diretor do Departamento de Ci\u00eancias Humanas e Sociais da \u00c1rea Internacional de Pesquisa na Pontif\u00edcia Universidade Lateranense de Roma, \u201co cristianismo n\u00e3o mudou a mentalidade do povo; ao aderir a Cristo, o Bangwa mant\u00e9m sua personalidade, sua cultura, uma vis\u00e3o \u00edntegra da realidade e isso lhe permite \u2013 para usar as palavras de Jo\u00e3o Paulo II em Nairobi em 1982 \u2013 poder ser autenticamente africano e profundamente crist\u00e3o\u201d.  <strong><a href=\"https:\/\/www.focolare.org\/wp-content\/uploads\/2016\/09\/2016_09_27_6580.jpg\"><img loading=\"lazy\" decoding=\"async\" class=\"alignright\" src=\"https:\/\/www.focolare.org\/wp-content\/uploads\/2016\/09\/2016_09_27_6580.jpg\" alt=\"\" width=\"368\" height=\"245\" \/><\/a>Entre as iniciativas realizadas durante o ano<\/strong>, a peregrina\u00e7\u00e3o dos Fon a Roma em setembro, para celebrar o Jubileu da Miseric\u00f3rdia com o papa Francisco e fazer o percurso pelos lugares de Mafua Ndem, a \u201crainha enviada por Deus\u201d, como foi intitulada Chiara Lubich pelo Fon Lucas Njifua Fontem em sua \u00faltima viagem aos Camar\u00f5es. Mas tamb\u00e9m um concurso intitulado \u201cA interven\u00e7\u00e3o de Deus na hist\u00f3ria e na vida do povo Nweh Mundani\u201d, promovido ao longo do ano entre escolas prim\u00e1rias e secund\u00e1rias do distrito, com poesias, can\u00e7\u00f5es, composi\u00e7\u00f5es liter\u00e1rias e quizzes; participaram com os pr\u00f3prios trabalhos 700 alunos de 21 escolas com a participa\u00e7\u00e3o de outros 4000.  Este acontecimento mobiliza e conecta tamb\u00e9m os Bangwa que na \u00faltima d\u00e9cada deixaram Camar\u00f5es. Uma Comiss\u00e3o para o Desenvolvimento, com expoentes em Camar\u00f5es e outros pa\u00edses, iniciou um di\u00e1logo com autoridades do Estado visando a\u00e7\u00f5es concretas no campo da educa\u00e7\u00e3o, sa\u00fade, juventude e condi\u00e7\u00f5es da mulher.  <strong>Os membros do Movimento dos Focolares de todo o mundo acompanham a celebra\u00e7\u00e3o dos 50 anos<\/strong>. A presidente <a href=\"https:\/\/www.focolare.org\/pt\/news\/2014\/09\/15\/maria-voce\/\" target=\"_blank\" rel=\"noopener\">Maria Voce<\/a> acompanhou de perto o caminho de prepara\u00e7\u00e3o, enquanto em Fontem estar\u00e3o presentes o copresidente Jes\u00fas Mor\u00e1n e os conselheiros centrais da \u00c1frica.  SERVI\u00c7O DE \u00a0INFORMA\u00c7\u00c3O:\u00a0 <a href=\"https:\/\/www.focolare.org\/press\/pt\/news\/2016\/12\/12\/i-50-anni-dei-focolari-tra-il-popolo-bangwa-del-camerun-2\/\" target=\"_blank\" rel=\"noopener\">Imprensa<\/a><\/p>\n","protected":false},"excerpt":{"rendered":"<p>Em Fontem, de 14 a 17 de dezembro de 2016, se realizar\u00e1 a celebra\u00e7\u00e3o solene de conclus\u00e3o do ano de agradecimento anunciado pelo bispo de Mamfe, monsenhor Andrew Nkea<\/p>\n","protected":false},"author":34,"featured_media":0,"comment_status":"open","ping_status":"open","sticky":false,"template":"","format":"standard","meta":{"give_campaign_id":0,"_seopress_robots_primary_cat":"","_seopress_titles_title":"","_seopress_titles_desc":"","_seopress_robots_index":"","_et_pb_use_builder":"","_et_pb_old_content":"","_et_gb_content_width":"","footnotes":""},"categories":[909],"tags":[],"class_list":["post-335022","post","type-post","status-publish","format-standard","hentry","category-focolare-worldwide-2-4"],"_links":{"self":[{"href":"https:\/\/www.focolare.org\/pt-pt\/wp-json\/wp\/v2\/posts\/335022","targetHints":{"allow":["GET"]}}],"collection":[{"href":"https:\/\/www.focolare.org\/pt-pt\/wp-json\/wp\/v2\/posts"}],"about":[{"href":"https:\/\/www.focolare.org\/pt-pt\/wp-json\/wp\/v2\/types\/post"}],"author":[{"embeddable":true,"href":"https:\/\/www.focolare.org\/pt-pt\/wp-json\/wp\/v2\/users\/34"}],"replies":[{"embeddable":true,"href":"https:\/\/www.focolare.org\/pt-pt\/wp-json\/wp\/v2\/comments?post=335022"}],"version-history":[{"count":0,"href":"https:\/\/www.focolare.org\/pt-pt\/wp-json\/wp\/v2\/posts\/335022\/revisions"}],"wp:attachment":[{"href":"https:\/\/www.focolare.org\/pt-pt\/wp-json\/wp\/v2\/media?parent=335022"}],"wp:term":[{"taxonomy":"category","embeddable":true,"href":"https:\/\/www.focolare.org\/pt-pt\/wp-json\/wp\/v2\/categories?post=335022"},{"taxonomy":"post_tag","embeddable":true,"href":"https:\/\/www.focolare.org\/pt-pt\/wp-json\/wp\/v2\/tags?post=335022"}],"curies":[{"name":"wp","href":"https:\/\/api.w.org\/{rel}","templated":true}]}}