{"id":335044,"date":"2016-12-21T04:13:08","date_gmt":"2016-12-21T03:13:08","guid":{"rendered":"https:\/\/www.focolare.org\/a-simplicidade-de-aletta-2\/"},"modified":"2024-05-16T15:29:47","modified_gmt":"2024-05-16T13:29:47","slug":"a-simplicidade-de-aletta-2","status":"publish","type":"post","link":"https:\/\/www.focolare.org\/pt-pt\/a-simplicidade-de-aletta-2\/","title":{"rendered":"A simplicidade de Aletta"},"content":{"rendered":"<p><div id=\"attachment_145884\" style=\"width: 314px\" class=\"wp-caption alignright\"><a href=\"https:\/\/www.focolare.org\/wp-content\/uploads\/2016\/12\/Aletta.png\"><img loading=\"lazy\" decoding=\"async\" aria-describedby=\"caption-attachment-145884\" class=\"wp-image-145884\" src=\"https:\/\/www.focolare.org\/wp-content\/uploads\/2016\/12\/Aletta.png\" alt=\"Aletta\" width=\"304\" height=\"294\" \/><\/a><p id=\"caption-attachment-145884\" class=\"wp-caption-text\">Aletta (segunda \u00e0 direita) com Chiara Lubich (primeira \u00e0 esquerda)<\/p><\/div>  <strong>Nascida em Martignano (Trento, It\u00e1lia), dia 27 de novembro de1924, Vittoria Salizzoni<\/strong> transfere-se por um per\u00edodo, com a fam\u00edlia, para a Fran\u00e7a e, ainda aos 13 anos, sente o chamado de Deus, um impulso interior que, naquele momento, procura afastar.<strong> Aos 21 anos conhece<\/strong> <a href=\"https:\/\/www.focolare.org\/pt\/chiara-lubich\/chi-e-chiara\/\" target=\"_blank\" rel=\"noopener\">Chiara Lubich<\/a> e fica fascinada pela novidade de vida que ela apresenta. N\u00e3o tem mais d\u00favidas: o caminho para responder ao \u201cchamado\u201d sentido ainda menina \u00e9 o <a href=\"https:\/\/www.focolare.org\/pt\/movimento-dei-focolari\/scelte-e-impegno\/focolarini\/\" target=\"_blank\" rel=\"noopener\">focolare<\/a>. <strong>Aletta<\/strong> (assim Chiara a chama, convidando-a a al\u00e7ar voo, sem olhar para tr\u00e1s), durante 20 anos fica ao lado de Chiara, para descobrir e atuar os tra\u00e7os do Carisma que o Esp\u00edrito Santo estava revelando.  E al\u00e9m da<a href=\"https:\/\/www.focolare.org\/pt\/chiara-lubich\/spiritualita-dellunita\/\" target=\"_blank\" rel=\"noopener\"> espiritualidade da unidade<\/a>, caracter\u00edstica do carisma, os principais <a href=\"https:\/\/www.focolare.org\/pt\/chiara-lubich\/vivere-il-carisma\/\" target=\"_blank\" rel=\"noopener\">aspectos concretos <\/a>do modo de viver crist\u00e3o. Um destes, que delineia especialmente o perfil de Aletta \u00e9 <a href=\"https:\/\/www.focolare.org\/pt\/chiara-lubich\/vivere-il-carisma\/vita-fisica-e-natura\/\" target=\"_blank\" rel=\"noopener\">o cuidado com a sa\u00fade e a salvaguarda do ambiente<\/a>. Um aspecto que, um dia, foi explicado por Chiara mesma: <em>\u00ab\u00c9 toda a humanidade de Jesus, a vida de Jesus enquanto homem. Jesus nasceu de uma mulher, como n\u00f3s, teve frio, teve fome, chorou, conheceu o afeto humano&#8230; Deu de comer aos famintos, multiplicou os p\u00e3es e os peixes, curou muitos doentes, salvou as pessoas. Mas, principalmente, teve muito amor pelo homem e pelo seu sofrimento&#8230; O sofrimento, a morte e a ressurrei\u00e7\u00e3o tamb\u00e9m s\u00e3o express\u00f5es desse aspecto<\/em>\u00bb.  <strong>Nas d\u00e9cadas de 60 \u2013 70 Chiara pede a Aletta para ir abrir o focolare em<\/strong> <a href=\"https:\/\/www.focolare.org\/pt\/focolare-worldwide\/europa\/turchia\/\" target=\"_blank\" rel=\"noopener\">Istambul<\/a>, onde ela ter\u00e1 numerosos e profundos contatos com o <strong>Patriarca Aten\u00e1goras<\/strong> I. E assim, em diversas ocasi\u00f5es, Aletta a acompanha nas visitas ao Patriarca. Durante a perman\u00eancia naquelas terras, Aletta descobre a beleza da Igreja Ortodoxa e das Igrejas do Oriente, nas quais v\u00ea evidenciado o empenho de traduzir a verdade em vida, exaltando o amor. Os contatos que ela estabelece colocam as bases para um di\u00e1logo que se tornar\u00e1 fecundo e que continua ainda hoje, com o atual Patriarca ecum\u00eanico, Bartolomeu I.  <img loading=\"lazy\" decoding=\"async\" class=\"size-full wp-image-145633 alignleft\" src=\"https:\/\/www.focolare.org\/wp-content\/uploads\/2012\/10\/Aletta1.jpg\" alt=\"Aletta\" width=\"267\" height=\"186\" \/>Ap\u00f3s a morte de Aten\u00e1goras, Aletta transfere-se para o <a href=\"https:\/\/www.focolare.org\/pt\/focolare-worldwide\/asia\/libano\/\" target=\"_blank\" rel=\"noopener\">L\u00edbano<\/a>. S\u00e3o anos atormentados pela guerra civil que, com seus incessantes bombardeios, repete a li\u00e7\u00e3o dos primeiros anos do Movimento, em Trento: \u201ctudo passa, somente Deus permanece\u201d. Compartilha com o povo daquele lugar a precariedade e o risco dos longos anos de guerra, sustentando, consolando, infundindo esperan\u00e7a. Dificuldades e perigos n\u00e3o impedem a difus\u00e3o do carisma da unidade, n\u00e3o s\u00f3 no L\u00edbano, mas em todo o Oriente M\u00e9dio, que Aletta visita periodicamente. Em 1990 retorna definitivamente a Roma.  <em>\u00abNos primeiros anos, na Pra\u00e7a dos Capuchinhos<\/em> \u2013 conta <strong>Palmira Frizzera<\/strong>, tamb\u00e9m do primeiro grupo de focolarinas \u2013<em> eu e Aletta \u00edamos aos vales para visitar as primeiras comunidades que estavam se formando. Era como um anjo, e entende-se porque logo Chiara deu a ela o nome de Aletta. E ela foi como a asa de um anjo, para Chiara e para todos n\u00f3s, nestes seus mais de 70 anos de vida no focolare. Falava pouco, mas o que dizia levava imediatamente ao essencial. O que a caracterizava era a simplicidade, uma serenidade inata, um equil\u00edbrio psicof\u00edsico invej\u00e1vel\u00bb<\/em>.  Dez dias antes de seu falecimento <strong>Aletta gravou um v\u00eddeo-mensagem para os jovens do Movimento,<\/strong> os <a href=\"https:\/\/www.focolare.org\/pt\/movimento-dei-focolari\/scelte-e-impegno\/gen\/\" target=\"_blank\" rel=\"noopener\">gen<\/a>, reunidos em um congresso. <em>\u00abQuero cumprimentar todos os gen do mundo pelos seus 50 anos de vida. Que sigam adiante, s\u00e3o jovens, tem for\u00e7as e podem fazer tudo o que querem!\u00bb<\/em>.  A presidente dos Focolares, <a href=\"https:\/\/www.focolare.org\/pt\/news\/2014\/09\/15\/maria-voce\/\" target=\"_blank\" rel=\"noopener\">Maria Voce<\/a>, ao anunciar a todo o Movimento a morte de Aletta, escreveu: <em>\u00abAcompanhamos na alegria e com imensa gratid\u00e3o o retorno de Aletta \u00e0 casa do Pai. N\u00e3o poder\u00edamos ter um exemplo melhor de quem, como ela, doou a pr\u00f3pria vida sem economizar\u00bb<\/em>.  De Anna Friso<\/p>\n","protected":false},"excerpt":{"rendered":"<p>Um m\u00eas ap\u00f3s o seu falecimento, recordamos uma das primeiras jovens que seguiram Chiara Lubich na aventura do primeiro focolare. Dotada de uma serenidade inata e construtora de paz, deixa-nos a sua simplicidade e o testemunho de uma doa\u00e7\u00e3o sem limites de si.<\/p>\n","protected":false},"author":34,"featured_media":0,"comment_status":"open","ping_status":"open","sticky":false,"template":"","format":"standard","meta":{"give_campaign_id":0,"_seopress_robots_primary_cat":"","_seopress_titles_title":"","_seopress_titles_desc":"","_seopress_robots_index":"","_et_pb_use_builder":"","_et_pb_old_content":"","_et_gb_content_width":"","footnotes":""},"categories":[129],"tags":[],"class_list":["post-335044","post","type-post","status-publish","format-standard","hentry","category-sem-categoria"],"_links":{"self":[{"href":"https:\/\/www.focolare.org\/pt-pt\/wp-json\/wp\/v2\/posts\/335044","targetHints":{"allow":["GET"]}}],"collection":[{"href":"https:\/\/www.focolare.org\/pt-pt\/wp-json\/wp\/v2\/posts"}],"about":[{"href":"https:\/\/www.focolare.org\/pt-pt\/wp-json\/wp\/v2\/types\/post"}],"author":[{"embeddable":true,"href":"https:\/\/www.focolare.org\/pt-pt\/wp-json\/wp\/v2\/users\/34"}],"replies":[{"embeddable":true,"href":"https:\/\/www.focolare.org\/pt-pt\/wp-json\/wp\/v2\/comments?post=335044"}],"version-history":[{"count":0,"href":"https:\/\/www.focolare.org\/pt-pt\/wp-json\/wp\/v2\/posts\/335044\/revisions"}],"wp:attachment":[{"href":"https:\/\/www.focolare.org\/pt-pt\/wp-json\/wp\/v2\/media?parent=335044"}],"wp:term":[{"taxonomy":"category","embeddable":true,"href":"https:\/\/www.focolare.org\/pt-pt\/wp-json\/wp\/v2\/categories?post=335044"},{"taxonomy":"post_tag","embeddable":true,"href":"https:\/\/www.focolare.org\/pt-pt\/wp-json\/wp\/v2\/tags?post=335044"}],"curies":[{"name":"wp","href":"https:\/\/api.w.org\/{rel}","templated":true}]}}