{"id":335050,"date":"2016-12-24T04:00:08","date_gmt":"2016-12-24T03:00:08","guid":{"rendered":"https:\/\/www.focolare.org\/natal-significa-deus-nos-ama\/"},"modified":"2024-05-16T15:29:49","modified_gmt":"2024-05-16T13:29:49","slug":"natal-significa-deus-nos-ama","status":"publish","type":"post","link":"https:\/\/www.focolare.org\/pt-pt\/natal-significa-deus-nos-ama\/","title":{"rendered":"Natal significa  &#8220;Deus nos ama\u201d\u00a0"},"content":{"rendered":"<p><strong><img loading=\"lazy\" decoding=\"async\" class=\"alignright\" src=\"https:\/\/www.focolare.org\/wp-content\/uploads\/2016\/12\/eec6effd-0857-4a1c-bdc6-c4a6ae19dda9.jpg\" alt=\"eec6effd-0857-4a1c-bdc6-c4a6ae19dda9\" width=\"385\" height=\"256\" \/>Natal, Natal, quantas vezes te festejamos com alegria pura e calor humano sem par!<\/strong>  Mas o nosso cora\u00e7\u00e3o est\u00e1 de tal maneira endurecido pela indiferen\u00e7a do mundo que tu n\u00e3o conseguiste marc\u00e1-lo como seria preciso, com a tua misteriosa e incr\u00edvel mensagem: \u00a0sei riuscito a marcarlo come si doveva del tuo misterioso incredibile messaggio:<strong> DEUS NOS ama um por um e todos juntos.<\/strong>  O seu amor nos envolveu at\u00e9 o ponto de levar a Trindade a tomar a decis\u00e3o de mandar entre n\u00f3s o Filho de Deus feito homem para que o nosso breve caminho terrestre fosse\u00a0 iluminado desde agora pela Luz que n\u00e3o conhece ocaso, e o absurdo morrer nesta vida se transformasse em simples passagem para a vida mais plena e eterna!  Que pelo menos neste ano tu, Natal digas aos nossos cora\u00e7\u00f5es o que pretendes \u00a0dizer. Estaremos prontos para acolher a tua voz.  <strong>Fonte:<\/strong><a href=\"http:\/\/www.centrochiaralubich.org\/pt\/\" target=\"_blank\" rel=\"noopener\"> Centro Chiara Lubich<\/a>  <strong>\u00a0<\/strong><\/p>\n","protected":false},"excerpt":{"rendered":"<p>Um pensamento de Chiara Lubich, publicato na edi\u00e7\u00e3o italiana de Cidade Nova em 1975.<\/p>\n","protected":false},"author":34,"featured_media":0,"comment_status":"open","ping_status":"open","sticky":false,"template":"","format":"standard","meta":{"give_campaign_id":0,"_seopress_robots_primary_cat":"","_seopress_titles_title":"","_seopress_titles_desc":"","_seopress_robots_index":"","_et_pb_use_builder":"","_et_pb_old_content":"","_et_gb_content_width":"","footnotes":""},"categories":[129],"tags":[],"class_list":["post-335050","post","type-post","status-publish","format-standard","hentry","category-sem-categoria"],"_links":{"self":[{"href":"https:\/\/www.focolare.org\/pt-pt\/wp-json\/wp\/v2\/posts\/335050","targetHints":{"allow":["GET"]}}],"collection":[{"href":"https:\/\/www.focolare.org\/pt-pt\/wp-json\/wp\/v2\/posts"}],"about":[{"href":"https:\/\/www.focolare.org\/pt-pt\/wp-json\/wp\/v2\/types\/post"}],"author":[{"embeddable":true,"href":"https:\/\/www.focolare.org\/pt-pt\/wp-json\/wp\/v2\/users\/34"}],"replies":[{"embeddable":true,"href":"https:\/\/www.focolare.org\/pt-pt\/wp-json\/wp\/v2\/comments?post=335050"}],"version-history":[{"count":0,"href":"https:\/\/www.focolare.org\/pt-pt\/wp-json\/wp\/v2\/posts\/335050\/revisions"}],"wp:attachment":[{"href":"https:\/\/www.focolare.org\/pt-pt\/wp-json\/wp\/v2\/media?parent=335050"}],"wp:term":[{"taxonomy":"category","embeddable":true,"href":"https:\/\/www.focolare.org\/pt-pt\/wp-json\/wp\/v2\/categories?post=335050"},{"taxonomy":"post_tag","embeddable":true,"href":"https:\/\/www.focolare.org\/pt-pt\/wp-json\/wp\/v2\/tags?post=335050"}],"curies":[{"name":"wp","href":"https:\/\/api.w.org\/{rel}","templated":true}]}}