{"id":335094,"date":"2017-01-14T04:08:57","date_gmt":"2017-01-14T03:08:57","guid":{"rendered":"https:\/\/www.focolare.org\/chiara-lubich-familia-misterio-de-amor\/"},"modified":"2024-05-16T15:29:59","modified_gmt":"2024-05-16T13:29:59","slug":"chiara-lubich-familia-misterio-de-amor","status":"publish","type":"post","link":"https:\/\/www.focolare.org\/pt-pt\/chiara-lubich-familia-misterio-de-amor\/","title":{"rendered":"Chiara Lubich: Fam\u00edlia, mist\u00e9rio de amor"},"content":{"rendered":"<p><a href=\"https:\/\/www.focolare.org\/wp-content\/uploads\/2017\/01\/famiglie-1.jpg\"><img loading=\"lazy\" decoding=\"async\" class=\"size-full wp-image-146860 alignright\" src=\"https:\/\/www.focolare.org\/wp-content\/uploads\/2017\/01\/famiglie-1.jpg\" alt=\"famiglie 1\" width=\"384\" height=\"288\" \/><\/a><strong>[\u2026] Quando Deus criou o g\u00eanero humano, plasmou uma fam\u00edlia;<\/strong> quando o Verbo de Deus desceu \u00e0 terra, quis nascer numa fam\u00edlia; Jesus iniciou a sua vida p\u00fablica numa festa de casamento.  Deus amou tanto a fam\u00edlia, concebeu-a como uma realidade t\u00e3o relevante que imprimiu nela a sua pr\u00f3pria imagem: de fato, ela participa da pr\u00f3pria vida de Deus, da vida da Sant\u00edssima Trindade. [\u2026]. <strong>Mas como foi que Deus concebeu a fam\u00edlia?<\/strong>  <strong>Deus, que \u00e9 amor, projetou a fam\u00edlia como uma rede, uma engrenagem de amor:<\/strong> amor nupcial entre o casal, amor materno e paterno pelos filhos, filial pelos pais. Amor dos av\u00f3s pelos netos, dos netos pelos av\u00f3s, dos sobrinhos pelos tios e vice-versa. Portanto, a fam\u00edlia\u201a um cofre, uma p\u00e9rola, um mist\u00e9rio de amor.  <strong>Foi assim que Deus a planejou, a criou.<\/strong> E o Seu Filho, ao redimir o mundo, sublimou todo o amor natural de que os membros da fam\u00edlia est\u00e3o impregnados, com o amor divino que Ele trouxe \u00e0 terra, com o fogo que quer que esteja aceso por toda a parte. E gra\u00e7as a este amor a fam\u00edlia, al\u00e9m de ser a c\u00e9lula original da humanidade criada por Deus, tornou-se a c\u00e9lula b\u00e1sica da Igreja fundada por Seu Filho.  <strong>Pelo amor sobrenatural que a investe,<\/strong> por meio do batismo e dos outros sacramentos, especialmente do matrim\u00f4nio, os componentes da fam\u00edlia, de fato, s\u00e3o chamados distintamente e juntos \u00e0 sublime e vertiginosa tarefa de edific\u00e1-la como uma pequena igreja, uma &#8220;ecclesiola&#8221;. [\u2026].  [Jesus] quer que o marido veja e ame a esposa n\u00e3o s\u00f3 como a parceira de sua vida, mas que veja e ame nela o pr\u00f3prio Cristo. De fato, Jesus considera feito a si o que o marido fizer \u00e0 esposa e vice-versa. Al\u00e9m disso, Jesus na esposa e Jesus no esposo deve ser amado com a medida que Ele exige e que exemplificou com estas palavras: &#8220;Amai-vos como eu vos amei&#8221; (Jo 13, 34). Amai-vos, isto \u00e9, ao ponto de estar prontos a dar a vida uns pelos outros.  <strong>Se os pais estiverem nesta disposi\u00e7\u00e3o o dia inteiro,<\/strong> enquanto rezam, ou trabalham, ou \u00e0 mesa, quando descansam ou estudam, ou riem, ou brincam com seus filhos&#8230;<strong> todos os momentos ser\u00e3o prop\u00edcios para testemunhar Deus.<\/strong>  Ler tudo: <a href=\"https:\/\/www.focolare.org\/wp-content\/uploads\/2017\/01\/CH080489-A-familia.pdf\">A fam\u00edlia e a ora\u00e7\u00e3o<\/a>  <em>Do discurso de <\/em><em><a href=\"https:\/\/www.focolare.org\/pt\/chiara-lubich\/\">Chiara Lubich<\/a> ao Congresso\u201cFam\u00edlia-sociedade: ra\u00edzes no Absoluto para o hoje do homem\u201d- <\/em><em>Castel Gandolfo, 8 de Abril de 1989.<\/em><\/p>\n","protected":false},"excerpt":{"rendered":"<p>Em 2017 comemoram-se os 50 anos de funda\u00e7\u00e3o do setor dos Focolares dedicado \u00e0 fam\u00edlia. Um ano para reconhecermos nesta c\u00e9lula b\u00e1sica da sociedade o seu des\u00edgnio origin\u00e1rio.<\/p>\n","protected":false},"author":34,"featured_media":0,"comment_status":"open","ping_status":"open","sticky":false,"template":"","format":"standard","meta":{"give_campaign_id":0,"_seopress_robots_primary_cat":"","_seopress_titles_title":"","_seopress_titles_desc":"","_seopress_robots_index":"","_et_pb_use_builder":"","_et_pb_old_content":"","_et_gb_content_width":"","footnotes":""},"categories":[129],"tags":[],"class_list":["post-335094","post","type-post","status-publish","format-standard","hentry","category-sem-categoria"],"_links":{"self":[{"href":"https:\/\/www.focolare.org\/pt-pt\/wp-json\/wp\/v2\/posts\/335094","targetHints":{"allow":["GET"]}}],"collection":[{"href":"https:\/\/www.focolare.org\/pt-pt\/wp-json\/wp\/v2\/posts"}],"about":[{"href":"https:\/\/www.focolare.org\/pt-pt\/wp-json\/wp\/v2\/types\/post"}],"author":[{"embeddable":true,"href":"https:\/\/www.focolare.org\/pt-pt\/wp-json\/wp\/v2\/users\/34"}],"replies":[{"embeddable":true,"href":"https:\/\/www.focolare.org\/pt-pt\/wp-json\/wp\/v2\/comments?post=335094"}],"version-history":[{"count":0,"href":"https:\/\/www.focolare.org\/pt-pt\/wp-json\/wp\/v2\/posts\/335094\/revisions"}],"wp:attachment":[{"href":"https:\/\/www.focolare.org\/pt-pt\/wp-json\/wp\/v2\/media?parent=335094"}],"wp:term":[{"taxonomy":"category","embeddable":true,"href":"https:\/\/www.focolare.org\/pt-pt\/wp-json\/wp\/v2\/categories?post=335094"},{"taxonomy":"post_tag","embeddable":true,"href":"https:\/\/www.focolare.org\/pt-pt\/wp-json\/wp\/v2\/tags?post=335094"}],"curies":[{"name":"wp","href":"https:\/\/api.w.org\/{rel}","templated":true}]}}