{"id":335106,"date":"2017-01-20T04:06:33","date_gmt":"2017-01-20T03:06:33","guid":{"rendered":"https:\/\/www.focolare.org\/terremoto-na-italia-tres-horas-sob-os-escombros\/"},"modified":"2024-05-16T15:30:01","modified_gmt":"2024-05-16T13:30:01","slug":"terremoto-na-italia-tres-horas-sob-os-escombros","status":"publish","type":"post","link":"https:\/\/www.focolare.org\/pt-pt\/terremoto-na-italia-tres-horas-sob-os-escombros\/","title":{"rendered":"Terremoto na It\u00e1lia: tr\u00eas horas sob os escombros"},"content":{"rendered":"<p><a href=\"https:\/\/www.focolare.org\/wp-content\/uploads\/2017\/01\/earthquake-1665898_960_720.jpg\"><img loading=\"lazy\" decoding=\"async\" class=\"wp-image-147071 alignleft\" src=\"https:\/\/www.focolare.org\/wp-content\/uploads\/2017\/01\/earthquake-1665898_960_720.jpg\" alt=\"earthquake-1665898_960_720\" width=\"386\" height=\"256\" \/><\/a>\u201c<strong>Alguns segundos\u2026 142 segundos e desaparece a cidade da sua inf\u00e2ncia<\/strong>, 142 intermin\u00e1veis segundos e tudo o que foi constru\u00eddo durante s\u00e9culos \u00e9 completamente destru\u00eddo, como se fosse um castelo de areia\u2026 142 malditos segundos e 299 pessoas sem vida, privadas do afeto dos entes queridos. \u201cVaidade das vaidades, tudo \u00e9 vaidade.\u201d (<em>Ecl<\/em> 1,2), esta frase ressoa na minha mente enquanto escrevo.  <strong>Com essas palavras inicia a narrativa de Lorenzo, 18 anos, nascido na regi\u00e3o de Marcas,<\/strong> que no terremoto do dia 24 de agosto permaneceu, por algumas horas, sob os escombros da sua casa.  \u201c<strong>Assim me disseram, \u00e0s 03h36min<\/strong>, houve um estrondo, um grande abalo e um inferno de entulho e poeira interromperam o meu sono. Depois, houve o que algum poeta pouco original teria definido: \u2018Depois da tempestade, a bonan\u00e7a!\u2019 Tudo na imobilidade, sil\u00eancio profundo, escurid\u00e3o total. E eu estava, de repente, preso em um espa\u00e7o grande quanto o meu corpo. A cada m\u00ednimo tremor, subia poeira ao meu redor. A minha vida estava por um fio. Depois, ao raiar do dia os meus concidad\u00e3os-socorredores \u2013 que estavam ao redor daquela que hav\u00edamos sempre denominado \u2018casa\u2019 e que, agora, \u00e9 somente um monte de entulho \u2013 recome\u00e7aram a me chamar. Eu gostaria de tornar-lhes part\u00edcipes da minha alegria daquele momento, mas, realmente, as palavras n\u00e3o s\u00e3o suficientes.  <strong>Depois de tr\u00eas horas sa\u00ed daquele inferno<\/strong> e existia somente destrui\u00e7\u00e3o e morte ao meu redor. Mas, em meio a tudo isso, eu estava em condi\u00e7\u00f5es de ver somente uma coisa: o amor. Todos faziam de tudo pelo outro, at\u00e9 mesmo colocando em risco a pr\u00f3pria vida, sem preocupar-se do perigo: estavam realmente prontos a dar a vida. Infelizmente; ou felizmente, a humanidade oferece o melhor de si, no sofrimento.  <strong>E \u00e9 o sofrimento, exatamente, o n\u00facleo desta minha experi\u00eancia<\/strong>. Compreendi que, n\u00e3o obstante muitas pessoas estivessem ao redor da \u2018casa\u2019, nenhuma delas podia ajudar-me, podia entender-me. Rezando, me perguntei: \u2018Por que comigo?\u2019 E pensei: \u2018Deus meu, Deus meu, por que me abandonaste?\u2019 (<em>Mt <\/em>27,46). Na verdade, Ele n\u00e3o havia me abandonado e saindo dos escombros, compreendi: esta experi\u00eancia me deu uma esp\u00e9cie de lentes atrav\u00e9s das quais eu posso olhar o mundo de maneira diferente, me deu mais for\u00e7as para viver a vida da melhor maneira poss\u00edvel.\u201d  <strong>Desde a noite de 24 de agosto<\/strong> e depois dos tremores de terra nos meses sucessivos, s\u00e3o ainda muitos os que perderam ou que se viram obrigados a deixar a pr\u00f3pria casa, depois do terremoto na It\u00e1lia central. Pessoas que tiveram de abandonar a pr\u00f3pria casa, os pr\u00f3prios bens e, alguns, at\u00e9 mesmo a pr\u00f3pria cidade. Realmente \u00e9 de se perguntar: o que puderam levar com eles naquela tr\u00e1gica e longa noite? O que os impulsiona a seguir adiante e recome\u00e7ar tudo? Escolhemos justamente a narrativa de Lorenzo porque nos transmite o medo vivido naquela noite, mas, tamb\u00e9m a descoberta de algo muito maior.  <strong><a href=\"https:\/\/www.focolare.org\/wp-content\/uploads\/2017\/01\/Rimpresa-722x1025.jpg\"><img loading=\"lazy\" decoding=\"async\" class=\"wp-image-147070 alignright\" src=\"https:\/\/www.focolare.org\/wp-content\/uploads\/2017\/01\/Rimpresa-722x1025.jpg\" alt=\"Rimpresa-722x1025\" width=\"386\" height=\"548\" \/><\/a>A It\u00e1lia \u00e9 forte e est\u00e1 demonstrando uma grande unidade<\/strong>. S\u00e3o muitas as associa\u00e7\u00f5es que est\u00e3o ajudando aquelas pessoas, como nos relata os amigos do Movimento dos Focolares, que se empenharam imediatamente por meio da <a href=\"http:\/\/www.amu-it.eu\/\" target=\"_blank\" rel=\"noopener\">AMU<\/a>, <a href=\"http:\/\/www.afnonlus.org\/\" target=\"_blank\" rel=\"noopener\">AFN<\/a> e outros, para dar uma resposta \u00e0s mais diversas necessidades. Eles nos contam como est\u00e3o agindo na regi\u00e3o central da It\u00e1lia: \u201cEstamos realizando atividades para animar as pessoas, construindo um pequeno centro de agrega\u00e7\u00e3o, para consentir aos residentes manter o esp\u00edrito de comunidade. E ainda, as nossas for\u00e7as est\u00e3o se concentrando muito nas rela\u00e7\u00f5es com as pequenas empresas agr\u00edcolas que produzem alimentos no territ\u00f3rio, para que consigam continuar funcionando nesta fase de emerg\u00eancia e n\u00e3o dispensar os funcion\u00e1rios.\u201d Para apoiar as pequenas empresas eles elaboraram um projeto: \u201cO <a href=\"http:\/\/www.aipec.it\/progetto-rimpresa\/\" target=\"_blank\" rel=\"noopener\">Projeto RimPRESA<\/a> \u00e9 composto por duas frentes: fornecer mat\u00e9ria-prima, maquin\u00e1rios, pequenas infraestruturas e sustentar a venda dos produtos. Na base de tudo isto, naturalmente, deve existir o relacionamento humano com as pessoas que foram atingidas pelo terremoto\u201d.  &nbsp;  <strong>Fonte<\/strong>: <em>Teens, work in progress 4 unity<\/em>, CN Gruppo Editoriale, Roma 2016, n.6, p. 4-5  Informa\u00e7\u00f5es sobre o projeto:<a href=\"http:\/\/www.focolaritalia.it\" target=\"_blank\" rel=\"noopener\"> www.focolaritalia.it<\/a>  <a href=\"mailto:rimpresa@focolare.org\">rimpresa@focolare.org<\/a>  <strong>Para quem deseja colaborar:<\/strong> <\/p>\n<table>\n<tbody>\n<tr>\n<td width=\"360\"><strong>A\u00e7\u00e3o por um Mundo Unido ONLUS (AMU)<\/strong><\/td>\n<td width=\"386\"><strong>A\u00e7\u00e3o por Fam\u00edlias Novas ONLUS (AFN)<\/strong><\/td>\n<\/tr>\n<tr>\n<td width=\"360\">                IBAN: IT16 G050 1803 2000 0000 0120 434  na Banca Popolare Etica<\/td>\n<td width=\"386\">                IBAN: IT55 K033 5901 6001 0000 0001 060  na Banca Prossima<\/td>\n<\/tr>\n<tr>\n<td width=\"360\">C\u00f3digo SWIFT\/BIC: CCRTIT2184D<\/td>\n<td width=\"386\">C\u00f3digo SWIFT\/BIC: BCITITMX<\/td>\n<\/tr>\n<tr>\n<td colspan=\"2\" width=\"746\"><strong>Motiva\u00e7\u00e3o : Emerg\u00eancia terremoto (It\u00e1lia)<\/strong><\/td>\n<\/tr>\n<tr>\n<td colspan=\"2\" width=\"746\">                &nbsp;  As contribui\u00e7\u00f5es depositadas nas duas contas correntes, com essa motiva\u00e7\u00e3o, ser\u00e3o administradas conjuntamente por AMU e AFN.  Para tais doa\u00e7\u00f5es est\u00e3o previstos benef\u00edcios fiscais em muitos pa\u00edses da Uni\u00e3o Europeia e em outros pa\u00edses do mundo, segundo as normas locais.  Os contribuintes italianos poder\u00e3o obter dedu\u00e7\u00f5es e detra\u00e7\u00f5es da renda, segundo a normativa prevista para as Onlus, at\u00e9 10% da renda e com limite de 70 mil euros anuais, e exclus\u00e3o das doa\u00e7\u00f5es efetuadas em dinheiro.<\/td>\n<\/tr>\n<\/tbody>\n<\/table>\n","protected":false},"excerpt":{"rendered":"<p>Enquanto sucessivos abalos s\u00edsmicos continuam a afetar a regi\u00e3o central da It\u00e1lia, e a neve e o frio agravam a situa\u00e7\u00e3o, o testemunho de um jovem que permaneceu sob os escombros e o empenho daqueles que est\u00e3o trabalhando para a retomada.<\/p>\n","protected":false},"author":34,"featured_media":0,"comment_status":"open","ping_status":"open","sticky":false,"template":"","format":"standard","meta":{"give_campaign_id":0,"_seopress_robots_primary_cat":"","_seopress_titles_title":"","_seopress_titles_desc":"","_seopress_robots_index":"","_et_pb_use_builder":"","_et_pb_old_content":"","_et_gb_content_width":"","footnotes":""},"categories":[129],"tags":[],"class_list":["post-335106","post","type-post","status-publish","format-standard","hentry","category-sem-categoria"],"_links":{"self":[{"href":"https:\/\/www.focolare.org\/pt-pt\/wp-json\/wp\/v2\/posts\/335106","targetHints":{"allow":["GET"]}}],"collection":[{"href":"https:\/\/www.focolare.org\/pt-pt\/wp-json\/wp\/v2\/posts"}],"about":[{"href":"https:\/\/www.focolare.org\/pt-pt\/wp-json\/wp\/v2\/types\/post"}],"author":[{"embeddable":true,"href":"https:\/\/www.focolare.org\/pt-pt\/wp-json\/wp\/v2\/users\/34"}],"replies":[{"embeddable":true,"href":"https:\/\/www.focolare.org\/pt-pt\/wp-json\/wp\/v2\/comments?post=335106"}],"version-history":[{"count":0,"href":"https:\/\/www.focolare.org\/pt-pt\/wp-json\/wp\/v2\/posts\/335106\/revisions"}],"wp:attachment":[{"href":"https:\/\/www.focolare.org\/pt-pt\/wp-json\/wp\/v2\/media?parent=335106"}],"wp:term":[{"taxonomy":"category","embeddable":true,"href":"https:\/\/www.focolare.org\/pt-pt\/wp-json\/wp\/v2\/categories?post=335106"},{"taxonomy":"post_tag","embeddable":true,"href":"https:\/\/www.focolare.org\/pt-pt\/wp-json\/wp\/v2\/tags?post=335106"}],"curies":[{"name":"wp","href":"https:\/\/api.w.org\/{rel}","templated":true}]}}