{"id":335122,"date":"2017-01-28T04:09:45","date_gmt":"2017-01-28T03:09:45","guid":{"rendered":"https:\/\/www.focolare.org\/palavra-de-vida-fevereiro-de-2017\/"},"modified":"2024-05-16T15:30:05","modified_gmt":"2024-05-16T13:30:05","slug":"palavra-de-vida-fevereiro-de-2017","status":"publish","type":"post","link":"https:\/\/www.focolare.org\/pt-pt\/palavra-de-vida-fevereiro-de-2017\/","title":{"rendered":"Palavra de Vida \u2013 Fevereiro de 2017"},"content":{"rendered":"<p>O cora\u00e7\u00e3o faz pensar nos afetos, nos sentimentos, nas paix\u00f5es. Para o autor b\u00edblico, no entanto, o cora\u00e7\u00e3o \u00e9 muito mais: juntamente com o esp\u00edrito, ele \u00e9 o centro da vida e da pessoa, o lugar das decis\u00f5es, da interioridade, da vida espiritual. O cora\u00e7\u00e3o de carne \u00e9 d\u00f3cil \u00e0 Palavra de Deus, deixa-se guiar por ela e formula \u201cpensamentos de paz\u201d para com os irm\u00e3os. J\u00e1 o cora\u00e7\u00e3o de pedra est\u00e1 fechado em si mesmo, \u00e9 incapaz de escuta e de miseric\u00f3rdia.  Ser\u00e1 que precisamos mesmo de um cora\u00e7\u00e3o novo e de um esp\u00edrito novo? \u00c9 s\u00f3 olhar ao nosso redor. A viol\u00eancia, a corrup\u00e7\u00e3o, as guerras nascem em cora\u00e7\u00f5es de pedra que se fecharam ao projeto preparado por Deus para a sua cria\u00e7\u00e3o. N\u00f3s tamb\u00e9m, se nos examinarmos com sinceridade, n\u00e3o nos sentimos movidos muitas vezes por desejos ego\u00edstas? Ser\u00e1 mesmo o amor, o bem do outro, o que orienta as nossas decis\u00f5es?  Observando essa nossa pobre humanidade, Deus \u00e9 movido de compaix\u00e3o. Ele, que nos conhece melhor do que n\u00f3s mesmos, sabe que precisamos de um cora\u00e7\u00e3o novo. E o promete ao profeta Ezequiel, pensando n\u00e3o somente nas pessoas individualmente, mas em todo o seu povo. O sonho de Deus \u00e9 criar novamente uma grande fam\u00edlia de povos, tal como ele a imaginou desde as origens, imbu\u00edda da lei do amor m\u00fatuo. A nossa hist\u00f3ria mostrou muitas vezes, por um lado, que somos incapazes de realizar sozinhos o seu projeto; e, por outro lado, que Deus nunca se cansou de se envolver em primeira pessoa, at\u00e9 o ponto de nos prometer que Ele mesmo nos daria um cora\u00e7\u00e3o e um esp\u00edrito novos.  Ele cumpriu plenamente a sua promessa quando mandou o seu Filho \u00e0 terra e infundiu o seu Esp\u00edrito no dia de Pentecostes. Da\u00ed nasceu uma comunidade, a dos primeiros crist\u00e3os de Jerusal\u00e9m, s\u00edmbolo de uma humanidade caracterizada por \u201cum s\u00f3 cora\u00e7\u00e3o e uma s\u00f3 alma\u201d<a href=\"#_bookmark0\">1<\/a>.  Tamb\u00e9m eu, que escrevo este breve coment\u00e1rio, tamb\u00e9m voc\u00ea que o l\u00ea ou escuta, somos chamados a fazer parte desta nova humanidade. Ainda mais: somos chamados a constru\u00ed-la ao nosso redor, a torn\u00e1-la presente no nosso ambiente de vida e de trabalho. Imagine quanto \u00e9 grande a miss\u00e3o que nos \u00e9 confiada e quanta confian\u00e7a Deus deposita em n\u00f3s! Em vez de nos deprimirmos diante de uma sociedade que muitas vezes se apresenta corrupta, em vez de nos resignarmos diante de males que nos superam e de nos fecharmos na indiferen\u00e7a, dilatemos o cora\u00e7\u00e3o \u201csegundo a medida do Cora\u00e7\u00e3o de Jesus. Quanta labuta! Mas \u00e9 a \u00fanica necess\u00e1ria. Isso feito, tudo feito\u201d. Assim nos convidava <a href=\"https:\/\/www.focolare.org\/pt\/chiara-lubich\/\">Chiara Lubich<\/a>. E continuava: \u201cTrata-se de amar a cada um que de n\u00f3s se achega, como <em>Deus <\/em>o ama. E, dado que estamos no tempo, amemos ao pr\u00f3ximo <em>um por vez, <\/em>sem guardar no cora\u00e7\u00e3o resqu\u00edcios de afeto pelo irm\u00e3o encontrado um minuto antes\u201d<a href=\"#_bookmark1\">2<\/a>.  N\u00e3o confiemos nas nossas for\u00e7as e capacidades, que s\u00e3o inadequadas, mas no dom que Deus nos d\u00e1: \u201cEu vos darei um cora\u00e7\u00e3o novo e porei em v\u00f3s um esp\u00edrito novo\u201d.  Se permanecermos d\u00f3ceis ao convite de amar a todos, se nos deixarmos guiar pela voz do Esp\u00edrito em n\u00f3s, ent\u00e3o nos tornaremos c\u00e9lulas de uma humanidade nova, artes\u00e3os de um mundo novo, na grande variedade de povos e culturas.  Fabio Ciardi <\/p>\n<ol>\n<li>Cf. <em>At <\/em>4,32<\/li>\n<li>Chiara Lubich, <em>Ideal e <\/em>S\u00e3o Paulo : Cidade Nova, 2003, p. 123.<\/li>\n<\/ol>\n","protected":false},"excerpt":{"rendered":"<p>\u201cEu vos darei um cora\u00e7\u00e3o novo e porei em v\u00f3s um esp\u00edrito novo.\u201d (Ez 36,26)<\/p>\n","protected":false},"author":34,"featured_media":0,"comment_status":"open","ping_status":"open","sticky":false,"template":"","format":"standard","meta":{"give_campaign_id":0,"_seopress_robots_primary_cat":"","_seopress_titles_title":"","_seopress_titles_desc":"","_seopress_robots_index":"","_et_pb_use_builder":"","_et_pb_old_content":"","_et_gb_content_width":"","footnotes":""},"categories":[3160,129],"tags":[],"class_list":["post-335122","post","type-post","status-publish","format-standard","hentry","category-palavra-de-vida-pt-pt","category-sem-categoria"],"_links":{"self":[{"href":"https:\/\/www.focolare.org\/pt-pt\/wp-json\/wp\/v2\/posts\/335122","targetHints":{"allow":["GET"]}}],"collection":[{"href":"https:\/\/www.focolare.org\/pt-pt\/wp-json\/wp\/v2\/posts"}],"about":[{"href":"https:\/\/www.focolare.org\/pt-pt\/wp-json\/wp\/v2\/types\/post"}],"author":[{"embeddable":true,"href":"https:\/\/www.focolare.org\/pt-pt\/wp-json\/wp\/v2\/users\/34"}],"replies":[{"embeddable":true,"href":"https:\/\/www.focolare.org\/pt-pt\/wp-json\/wp\/v2\/comments?post=335122"}],"version-history":[{"count":0,"href":"https:\/\/www.focolare.org\/pt-pt\/wp-json\/wp\/v2\/posts\/335122\/revisions"}],"wp:attachment":[{"href":"https:\/\/www.focolare.org\/pt-pt\/wp-json\/wp\/v2\/media?parent=335122"}],"wp:term":[{"taxonomy":"category","embeddable":true,"href":"https:\/\/www.focolare.org\/pt-pt\/wp-json\/wp\/v2\/categories?post=335122"},{"taxonomy":"post_tag","embeddable":true,"href":"https:\/\/www.focolare.org\/pt-pt\/wp-json\/wp\/v2\/tags?post=335122"}],"curies":[{"name":"wp","href":"https:\/\/api.w.org\/{rel}","templated":true}]}}