{"id":335126,"date":"2017-01-30T08:19:07","date_gmt":"2017-01-30T07:19:07","guid":{"rendered":"https:\/\/www.focolare.org\/uma-economia-para-contribuir-na-erradicacao-da-pobreza\/"},"modified":"2024-05-16T15:30:05","modified_gmt":"2024-05-16T13:30:05","slug":"uma-economia-para-contribuir-na-erradicacao-da-pobreza","status":"publish","type":"post","link":"https:\/\/www.focolare.org\/pt-pt\/uma-economia-para-contribuir-na-erradicacao-da-pobreza\/","title":{"rendered":"Uma economia para contribuir na erradica\u00e7\u00e3o da pobreza"},"content":{"rendered":"<p><strong>Oito pessoas possuem individualmente a riqueza correspondente \u00e0 metade da parte mais pobre da humanidade, segundo o relat\u00f3rio Oxfam 2017<\/strong>. O abismo da desigualdade chega ao extremo, condena \u00e0 pobreza centenas de milh\u00f5es de pessoas e evidencia a iniquidade do atual sistema econ\u00f4mico.  <strong>Nesta complexa situa\u00e7\u00e3o a<\/strong> <em><a href=\"http:\/\/www.edc-online.org\/\" target=\"_blank\" rel=\"noopener\">Economia de Comunh\u00e3o<\/a><\/em>, como outras iniciativas econ\u00f4micas, pode ser considerada um sinal prof\u00e9tico. Iniciou em 1991, como rea\u00e7\u00e3o \u00e0 situa\u00e7\u00e3o escandalosa das favelas que circundam a cidade de S\u00e3o Paulo. <a href=\"https:\/\/www.focolare.org\/pt\/chiara-lubich\/\" target=\"_blank\" rel=\"noopener\">Chiara Lubich<\/a> convidou um grupo de empres\u00e1rios a fundar empresas que, seguindo as leis do mercado, produzam renda \u201c<em>a ser colocada livremente em comunh\u00e3o<\/em>\u201d. Com este objetivo: soerguer os pobres, oferecer emprego, promover a <em>cultura do dar<\/em>, em alternativa \u00e0 <em>cultura do ter<\/em>.  <img loading=\"lazy\" decoding=\"async\" class=\"wp-image-147365 alignleft\" src=\"https:\/\/www.focolare.org\/wp-content\/uploads\/2017\/01\/focus_101.jpg\" alt=\"focus_10\" width=\"430\" height=\"243\" \/><strong>Desde ent\u00e3o se passaram 25 anos.<\/strong> S\u00e1bado, 4 de fevereiro de 2017, o papa Francisco, na Sala Paulo VI, encontrar\u00e1 1100 protagonistas da Economia de Comunh\u00e3o (EdC), na\u00a0 maioria empres\u00e1rias e empres\u00e1rios, que escolheram a economia como estilo de vida pessoal e empresarial. Com eles muitos jovens, pesquisadores e professores que, por meio dos estudos e da atividade acad\u00eamica querem dar um fundamento te\u00f3rico ao bin\u00f4mio <em>economia-comunh\u00e3o<\/em>.  <strong>A diversidade dos lugares de proveni\u00eancia<\/strong> demonstra que a EdC encontra espa\u00e7o em qualquer \u00e1rea geogr\u00e1fica e cultural, pobre e\u00a0 rica. Numerosos os participantes da \u00c1sia: China, Coreia, Filipinas, Hong Kong, \u00cdndia, Mal\u00e1sia, Singapura, Tail\u00e2ndia, Vietn\u00e3. A \u00c1frica est\u00e1 bem representada: Burquina Faso, Burundi, Rep\u00fablica dos Camar\u00f5es, Costa do Marfim, Eti\u00f3pia, Uganda, Nig\u00e9ria, Rep\u00fablica Democr\u00e1tica do Congo. Participar\u00e3o empres\u00e1rios de 11 pa\u00edses das Am\u00e9ricas: Argentina, Bol\u00edvia, Brasil, Canad\u00e1, Chile, Cuba, M\u00e9xico, Panam\u00e1, Paraguai, Uruguai, USA. Grande participa\u00e7\u00e3o de 20 na\u00e7\u00f5es da Europa. A Oceania \u00e9 representada pela Austr\u00e1lia.  A presidente dos Focolares, <a href=\"https:\/\/www.focolare.org\/pt\/news\/2014\/09\/15\/maria-voce\/\" target=\"_blank\" rel=\"noopener\">Maria Voce<\/a>, participar\u00e1 da audi\u00eancia com o Conselho Geral do Movimento.  Uma assembleia heterog\u00eanea que, primeiramente, quer agradecer ao papa Francisco por ter evidenciado, no seu magist\u00e9rio e na sua a\u00e7\u00e3o, a dignidade dos pobres e dos exclu\u00eddos. Ao mesmo tempo poder\u00e1 apresentar-lhe alguns resultados da hist\u00f3ria da EdC que, come\u00e7ando pelos pioneiros, enfrentou os desafios e a crise que afligem o mundo.  Atualmente a EdC inspira polos industriais na Europa e na Am\u00e9rica Latina, gera vida de comunh\u00e3o em mais de 800 empresas, alivia a situa\u00e7\u00e3o de uma grande quantidade de pobres, assegura o estudos para os filhos deles, desenvolve uma reflex\u00e3o cultural que contribui a repensar as categorias econ\u00f4micas como a reciprocidade, dom, gratuidade e a pr\u00f3pria ideia de mercado. Al\u00e9m disso, est\u00e1 implantando e atuando novos projetos: <\/p>\n<ul>\n<li>uma rede internacional (<em>Economy of Communion International Incubating Network \u2013 <\/em>EOC-IIN), com <em>hub<\/em> em alguns Polos Industriais EdC (mas n\u00e3o somente), para dar apoio especialmente aos jovens empres\u00e1rios. Est\u00e3o em atividade na Rep\u00fablica dos Camar\u00f5es, Portugal, Cro\u00e1cia, M\u00e9xico e Brasil. Neste aspecto est\u00e1 funcionando, com sucesso, um sistema de gemina\u00e7\u00e3o com organiza\u00e7\u00f5es da economia social e civil para um <em>training<\/em> com 100 jovens provenientes de situa\u00e7\u00f5es de risco. Em Portugal e no M\u00e9xico est\u00e1 em andamento laborat\u00f3rios de forma\u00e7\u00e3o ao empreendedorismo \u201cde comunh\u00e3o\u201d, endere\u00e7ados em particular aos jovens, tamb\u00e9m em colabora\u00e7\u00e3o com entes acad\u00eamicos como, por exemplo, a universidade de Puebla, no M\u00e9xico, para a incuba\u00e7\u00e3o de projetos de uma comunidade ind\u00edgena;<\/li>\n<li>um <em>Observat\u00f3rio da Pobreza<\/em> que recolhe <em>best practices<\/em> na luta contra a pobreza, desenvolvendo uma contribui\u00e7\u00e3o inspirada nos valores da comunh\u00e3o e da reciprocidade.<\/li>\n<\/ul>\n<p> Sobre este e outros temas se articular\u00e3o tr\u00eas congressos, do dia 1\u00ba a 5 de fevereiro, no Centro Mari\u00e1polis de Castelgandolfo (Roma), para definir pistas e projetos para o per\u00edodo de 2018-2020.  Luigino Bruni, economista e coordenador internacional da Economia de Comunh\u00e3o, afirma: \u201c<em>Se decidirmos olhar o mundo junto aos pobres e exclu\u00eddos n\u00e3o podemos permanecer no pedestal, devemos entrar na luta, ao lado das v\u00edtimas, combater por elas e com elas. Como resposta a isso, ganharemos olhos novos, veremos coisas que os outros n\u00e3o veem, \u00e0s vezes horr\u00edveis; outras vezes de uma grande beleza. A EdC faz isso h\u00e1 25 anos. Se ela quer viver deve continuar fazendo isso, todos os dias, fazer mais e melhor<\/em>.\u201d  <a href=\"https:\/\/www.focolare.org\/press\/pt\/\" target=\"_blank\" rel=\"noopener\">Imprensa<\/a>  <a href=\"http:\/\/www.edc-online.org\/it\" target=\"_blank\" rel=\"noopener\">Edc-online<\/a><\/p>\n","protected":false},"excerpt":{"rendered":"<p>S\u00e1bado, 4 de fevereiro, o papa Francisco encontrar\u00e1 1100 protagonistas da Economia de Comunh\u00e3o, provenientes de 49 pa\u00edses<\/p>\n","protected":false},"author":34,"featured_media":0,"comment_status":"open","ping_status":"open","sticky":false,"template":"","format":"standard","meta":{"give_campaign_id":0,"_seopress_robots_primary_cat":"","_seopress_titles_title":"","_seopress_titles_desc":"","_seopress_robots_index":"","_et_pb_use_builder":"","_et_pb_old_content":"","_et_gb_content_width":"","footnotes":""},"categories":[129],"tags":[],"class_list":["post-335126","post","type-post","status-publish","format-standard","hentry","category-sem-categoria"],"_links":{"self":[{"href":"https:\/\/www.focolare.org\/pt-pt\/wp-json\/wp\/v2\/posts\/335126","targetHints":{"allow":["GET"]}}],"collection":[{"href":"https:\/\/www.focolare.org\/pt-pt\/wp-json\/wp\/v2\/posts"}],"about":[{"href":"https:\/\/www.focolare.org\/pt-pt\/wp-json\/wp\/v2\/types\/post"}],"author":[{"embeddable":true,"href":"https:\/\/www.focolare.org\/pt-pt\/wp-json\/wp\/v2\/users\/34"}],"replies":[{"embeddable":true,"href":"https:\/\/www.focolare.org\/pt-pt\/wp-json\/wp\/v2\/comments?post=335126"}],"version-history":[{"count":0,"href":"https:\/\/www.focolare.org\/pt-pt\/wp-json\/wp\/v2\/posts\/335126\/revisions"}],"wp:attachment":[{"href":"https:\/\/www.focolare.org\/pt-pt\/wp-json\/wp\/v2\/media?parent=335126"}],"wp:term":[{"taxonomy":"category","embeddable":true,"href":"https:\/\/www.focolare.org\/pt-pt\/wp-json\/wp\/v2\/categories?post=335126"},{"taxonomy":"post_tag","embeddable":true,"href":"https:\/\/www.focolare.org\/pt-pt\/wp-json\/wp\/v2\/tags?post=335126"}],"curies":[{"name":"wp","href":"https:\/\/api.w.org\/{rel}","templated":true}]}}