{"id":335144,"date":"2017-02-08T04:13:12","date_gmt":"2017-02-08T03:13:12","guid":{"rendered":"https:\/\/www.focolare.org\/dialogo-ecumenico-um-passo-a-mais\/"},"modified":"2024-05-16T15:30:09","modified_gmt":"2024-05-16T13:30:09","slug":"dialogo-ecumenico-um-passo-a-mais","status":"publish","type":"post","link":"https:\/\/www.focolare.org\/pt-pt\/dialogo-ecumenico-um-passo-a-mais\/","title":{"rendered":"Di\u00e1logo ecum\u00eanico: um passo a mais"},"content":{"rendered":"<p><strong><a href=\"https:\/\/www.focolare.org\/wp-content\/uploads\/2017\/02\/basilica-building.png\"><img loading=\"lazy\" decoding=\"async\" class=\"wp-image-147731 alignright\" src=\"https:\/\/www.focolare.org\/wp-content\/uploads\/2017\/02\/basilica-building.png\" alt=\"basilica building\" width=\"387\" height=\"276\" \/><\/a>De Onitsha<\/strong> (<a href=\"https:\/\/www.focolare.org\/pt\/focolare-worldwide\/africa\/nigeria\/\" target=\"_blank\" rel=\"noopener\">Nig\u00e9ria<\/a>) <strong>escrevem<\/strong> que no ingresso da Bas\u00edlica da Sant\u00edssima Trindade, no dia 23 de janeiro, mais de cem pessoas reuniram-se para rezarem juntas, entre elas evang\u00e9licos, pentecostais, cat\u00f3licos, membros de v\u00e1rias igrejas aut\u00f4nomas, acompanhadas por sacerdotes e dois bispos. O <a href=\"https:\/\/www.focolare.org\/pt\/chi-siamo\/\" target=\"_blank\" rel=\"noopener\">Movimento dos Focolares<\/a> havia constitu\u00eddo um comit\u00ea com membros de cinco grupos representativos das v\u00e1rias igrejas na Nig\u00e9ria: <strong>CCN<\/strong> (Igrejas aut\u00f4nomas), <strong>OAIC<\/strong> (Igrejas e organiza\u00e7\u00f5es nascidas na \u00c1frica), <strong>PFN<\/strong> (Igrejas pentecostais), <strong>CSN<\/strong> (Igreja cat\u00f3lica) e <strong>ECWA<\/strong>\/<strong>TEKAN<\/strong> (Igrejas evang\u00e9licas do oeste da \u00c1frica e Gana). Alguns trabalharam para convidar os grupos musicais, outros cuidaram do libreto da programa\u00e7\u00e3o, outros ainda decoraram o ingresso.<strong> A homilia foi feita por um pastor anglicano<\/strong> que \u201ccomo um clamor de trombeta para acordar do sono todos os crist\u00e3os da Nig\u00e9ria\u201d convidou a \u201cviver como verdadeiros seguidores de Cristo e a trabalhar pela unidade na diversidade\u201d. <em>\u00abRezamos como um s\u00f3 cora\u00e7\u00e3o e uma s\u00f3 alma<\/em> \u2013 testemunha uma jovem \u2013 <em>senti o calor do Esp\u00edrito entre n\u00f3s<\/em>\u00bb. E um jovem: <em>\u00abVer pessoas de diferentes igrejas rezarem juntas pela unidade e pela paz me deu a certeza de que a unidade se realizar\u00e1, porque foi Jesus mesmo que pediu ao Pai para que \u2018todos sejam um\u2019\u00bb<\/em>.  <strong><a href=\"https:\/\/www.focolare.org\/wp-content\/uploads\/2017\/02\/Ottma1.jpg\"><img loading=\"lazy\" decoding=\"async\" class=\"wp-image-147730 alignleft\" src=\"https:\/\/www.focolare.org\/wp-content\/uploads\/2017\/02\/Ottma1.jpg\" alt=\"Ottma1\" width=\"386\" height=\"290\" \/><\/a>Em Ottmaring<\/strong> (<a href=\"https:\/\/www.focolare.org\/pt\/focolare-worldwide\/europa\/germania\/\" target=\"_blank\" rel=\"noopener\">Alemanha<\/a>), sede da <a href=\"https:\/\/www.focolare.org\/news\/pt\/2011\/05\/10\/ottmaring-cittadella-ecumenica\/\" target=\"_blank\" rel=\"noopener\">Mari\u00e1polis ecum\u00eanica<\/a> dos Focolares, por ocasi\u00e3o da Semana de Ora\u00e7\u00e3o reuniram-se <strong>sete pastores luteranos suecos, quatro pastores anglicanos e um pastor reformado ingl\u00eas, e sete sacerdotes cat\u00f3licos<\/strong>. Foi aprofundado o tema sobre \u201cO Ressuscitado e os disc\u00edpulos de Emaus\u201d, introduzido pelo <strong>bispo luterano \u00c2ke, de Skara (Su\u00e9cia)<\/strong>, que evidenciou como Jesus, ainda hoje, \u00e9 atra\u00eddo pelas feridas e a escurid\u00e3o da humanidade, para levar a ela a sua luz. Envolvido por esta realidade, todo o grupo dirigiu-se ao campo de concentra\u00e7\u00e3o nazista de Dachau, localizado nas proximidades, lugar emblem\u00e1tico do mist\u00e9rio de Jesus abandonado. Foi interessante tamb\u00e9m a visita a Augsburg, a alguns locais significativos para a Igreja Luterana, conclu\u00edda com uma parada na igreja cat\u00f3lica de S\u00e3o Moritz, onde encontra-se uma figura de Cristo Salvador que ilumina a escurid\u00e3o do mundo. Numa atmosfera de intensa partilha, as celebra\u00e7\u00f5es das diversas liturgias, realizadas durante a semana, adquiriram uma sacralidade muito especial. Na conclus\u00e3o os prop\u00f3sitos eram un\u00e2nimes: \u00abQuero retornar ao mundo onde Jesus abandonado espera por mim\u00bb. \u00abA Igreja deve estar l\u00e1 onde est\u00e3o as feridas das pessoas\u00bb. \u00abA primeira coisa que farei, ao voltar para casa, ser\u00e1 ir visitar o pastor luterano mais pr\u00f3ximo\u00bb.  <strong>Em Matera<\/strong> (<a href=\"https:\/\/www.focolare.org\/pt\/focolare-worldwide\/europa\/italia\/\" target=\"_blank\" rel=\"noopener\">It\u00e1lia<\/a>), falamos com Cintia, que, desde que conheceu a <a href=\"https:\/\/www.focolare.org\/pt\/chiara-lubich\/spiritualita-dellunita\" target=\"_blank\" rel=\"noopener\">espiritualidade da unidade<\/a>, promove um percurso ecum\u00eanico em sua par\u00f3quia, em colabora\u00e7\u00e3o com uma pastora luterana: \u00abS\u00e3o noites muito bonitas e cheias de alegria \u2013 ela conta \u2013 nas quais o maior relevo \u00e9 dado ao muito que nos une, e n\u00e3o ao que nos divide. Para animar as celebra\u00e7\u00f5es da \u201cSemanas de Ora\u00e7\u00e3o\u201d, que celebramos juntos desde 1997, surgiu um coral ecum\u00eanico, que acompanha as v\u00e1rias atividades culturais e humanit\u00e1rias que fazemos juntos. Este ano, em colabora\u00e7\u00e3o com associa\u00e7\u00f5es e movimentos da cidade, foi feita uma caminhada pela paz e a unidade da qual participaram cerca de 300 membros de v\u00e1rias igrejas e pessoas de outras religi\u00f5es. Foi uma ocasi\u00e3o para atuar o ecumenismo da vida e exprimir o profundo anseio de fraternidade que supera as distin\u00e7\u00f5es\u00bb.  <strong>A par\u00f3quia de Santa Maria, em Pesaro<\/strong> (It\u00e1lia), tem uma rela\u00e7\u00e3o de amizade ecum\u00eanica com a catedral ortodoxa de Resita (Rom\u00eania), gra\u00e7as aos p\u00e1rocos e v\u00e1rios leigos que vivem a espiritualidade da unidade. \u00abEste ano \u2013 conta uma jovem ortodoxa romena \u2013 quisemos dar um passo a mais. Os jovens sentiam a exig\u00eancia de comprometer-se com a forma\u00e7\u00e3o das crian\u00e7as e assim come\u00e7amos, em Pesaro, um curso para animadores cat\u00f3licos e ortodoxos juntos, onde experimentamos a unidade na diversidade\u00bb.  Tamb\u00e9m<strong> em Cochabamba<\/strong>, na <a href=\"https:\/\/www.focolare.org\/pt\/focolare-worldwide\/america-sud\/bolivia\/\" target=\"_blank\" rel=\"noopener\">Bol\u00edvia<\/a>, a Semana foi uma ocasi\u00e3o para que os v\u00e1rios Movimentos, entre estes os Focolares, tomassem iniciativas ecum\u00eanicas. Num momento de ora\u00e7\u00e3o estavam presentes membros das Igrejas Anglicana, metodista e cat\u00f3lica, tamb\u00e9m com o bispo em\u00e9rito, que recordou os 500 anos da Reforma e convidou todos \u00e0 miseric\u00f3rdia e a um empenho renovado no trabalho pela unidade.  Leia tamb\u00e9m:  <a href=\"https:\/\/www.focolare.org\/pt\/news\/2017\/01\/18\/ecumenismo-settimana-dellunita\/\" target=\"_blank\" rel=\"noopener\">Ecumenismo: Semana da Unidade<\/a>  <a href=\"https:\/\/www.focolare.org\/pt\/news\/2017\/01\/27\/settimana-dellunita-a-lavana\/\" target=\"_blank\" rel=\"noopener\">Semana da Unidade em Havana<\/a>  &nbsp;  &nbsp;<\/p>\n","protected":false},"excerpt":{"rendered":"<p>Da Nig\u00e9ria \u00e0 Alemanha, da It\u00e1lia \u00e0 Bol\u00edvia: in\u00fameras iniciativas, frutos de um ecumenismo da vida, realizadas na recente Semana dedicada \u00e0 ora\u00e7\u00e3o pela unidade dos crist\u00e3os.<\/p>\n","protected":false},"author":34,"featured_media":0,"comment_status":"open","ping_status":"open","sticky":false,"template":"","format":"standard","meta":{"give_campaign_id":0,"_seopress_robots_primary_cat":"","_seopress_titles_title":"","_seopress_titles_desc":"","_seopress_robots_index":"","_et_pb_use_builder":"","_et_pb_old_content":"","_et_gb_content_width":"","footnotes":""},"categories":[909],"tags":[],"class_list":["post-335144","post","type-post","status-publish","format-standard","hentry","category-focolare-worldwide-2-4"],"_links":{"self":[{"href":"https:\/\/www.focolare.org\/pt-pt\/wp-json\/wp\/v2\/posts\/335144","targetHints":{"allow":["GET"]}}],"collection":[{"href":"https:\/\/www.focolare.org\/pt-pt\/wp-json\/wp\/v2\/posts"}],"about":[{"href":"https:\/\/www.focolare.org\/pt-pt\/wp-json\/wp\/v2\/types\/post"}],"author":[{"embeddable":true,"href":"https:\/\/www.focolare.org\/pt-pt\/wp-json\/wp\/v2\/users\/34"}],"replies":[{"embeddable":true,"href":"https:\/\/www.focolare.org\/pt-pt\/wp-json\/wp\/v2\/comments?post=335144"}],"version-history":[{"count":0,"href":"https:\/\/www.focolare.org\/pt-pt\/wp-json\/wp\/v2\/posts\/335144\/revisions"}],"wp:attachment":[{"href":"https:\/\/www.focolare.org\/pt-pt\/wp-json\/wp\/v2\/media?parent=335144"}],"wp:term":[{"taxonomy":"category","embeddable":true,"href":"https:\/\/www.focolare.org\/pt-pt\/wp-json\/wp\/v2\/categories?post=335144"},{"taxonomy":"post_tag","embeddable":true,"href":"https:\/\/www.focolare.org\/pt-pt\/wp-json\/wp\/v2\/tags?post=335144"}],"curies":[{"name":"wp","href":"https:\/\/api.w.org\/{rel}","templated":true}]}}