{"id":335232,"date":"2017-03-17T03:10:55","date_gmt":"2017-03-17T02:10:55","guid":{"rendered":"https:\/\/www.focolare.org\/argentina-com-as-populacoes-rurais\/"},"modified":"2024-05-16T15:30:32","modified_gmt":"2024-05-16T13:30:32","slug":"argentina-com-as-populacoes-rurais","status":"publish","type":"post","link":"https:\/\/www.focolare.org\/pt-pt\/argentina-com-as-populacoes-rurais\/","title":{"rendered":"Argentina: com as popula\u00e7\u00f5es rurais"},"content":{"rendered":"<p><strong><a href=\"https:\/\/www.focolare.org\/wp-content\/uploads\/2017\/03\/Stefano.jpg\"><img loading=\"lazy\" decoding=\"async\" class=\"wp-image-149429 alignleft\" src=\"https:\/\/www.focolare.org\/wp-content\/uploads\/2017\/03\/Stefano.jpg\" alt=\"Stefano\" width=\"368\" height=\"245\" \/><\/a>O programa de<\/strong> <a href=\"https:\/\/www.focolare.org\/pt\/news\/2016\/04\/22\/argentina-turismo-sostenibile-e-popoli-nascosti\/\" target=\"_blank\" rel=\"noopener\">solidariedade e turismo sustent\u00e1vel<\/a>, <strong>que a Pastoral do turismo de Salta (<\/strong><a href=\"https:\/\/www.focolare.org\/pt\/focolare-worldwide\/america-sud\/argentina\/\" target=\"_blank\" rel=\"noopener\">Argentina<\/a><strong>) promove h\u00e1 seis anos<\/strong>, d\u00e1 apoio a pequenas comunidades nas cidades de Salta, Jujuy e Catamarca, no norte do pa\u00eds, valorizando seus recursos humanos e naturais <strong>para salvar a riqueza cultural<\/strong> e a diversidade ligada \u00e0 hist\u00f3ria local. Ao mesmo tempo, oferece-se uma forma\u00e7\u00e3o profissional para o incremento de v\u00e1rios produtos ligados \u00e0 linha do turismo: hospedagem, transporte, venda de produtos artesanais e alimentares (geleias, licores, mel, etc.). Procura-se assim evitar a migra\u00e7\u00e3o das popula\u00e7\u00f5es das zonas rurais para as urbanas, impedindo, de consequ\u00eancia, o aumento das \u00e1reas de pobreza nas grandes cidades e, ao mesmo tempo, protegendo as pequenas comunidades que possuem uma rica cultura e que est\u00e3o em vias de extin\u00e7\u00e3o.  <strong><a href=\"https:\/\/www.focolare.org\/wp-content\/uploads\/2017\/03\/Stefano-2.jpg\"><img loading=\"lazy\" decoding=\"async\" class=\"wp-image-149430 alignright\" src=\"https:\/\/www.focolare.org\/wp-content\/uploads\/2017\/03\/Stefano-2.jpg\" alt=\"Stefano 2\" width=\"368\" height=\"245\" \/><\/a>\u00abO que distingue esta experi\u00eancia de desenvolvimento local,<\/strong> <strong>em rela\u00e7\u00e3o a outros tipos de experi\u00eancia<\/strong> \u2013<strong> explica Virginia Osorio,<\/strong> soci\u00f3loga e pesquisadora ligada \u00e0\u00a0<a href=\"http:\/\/www.sumafraternidad.org\/\" target=\"_blank\" rel=\"noopener\">Sum\u00e1 Fraternidad <\/a>\u2013 s\u00e3o as palavras de ordem <strong>\u201ccomunh\u00e3o e di\u00e1logo\u201d<\/strong>. Comunh\u00e3o, porque cada ator colocou em comum os pr\u00f3prios talentos e recursos para o desenvolvimento do programa; di\u00e1logo, porque no processo de desenvolvimento houve uma forte intera\u00e7\u00e3o entre os v\u00e1rios sujeitos, muitas vezes em conflito entre si. As dificuldades, na verdade, n\u00e3o faltaram, mas a estrat\u00e9gia para superar as problem\u00e1ticas foi a de trabalhar em equipe, colocando em pr\u00e1tica a escuta ativa de todas as partes interessadas: as comunidades locais, o Estado, empresas e outras organiza\u00e7\u00f5es da sociedade civil\u00bb. E continua: \u00abO resultado dessa experi\u00eancia \u00e9 o nascimento de um novo produto e de um novo tipo de consumidor. N\u00e3o \u00e9 o conceito de turismo ao qual todos estamos acostumados, mas, nessa experi\u00eancia, o valor ajunto \u00e9 o contato com a riqueza cultural das pequenas comunidades rurais e, em alguns casos, dos descendentes das popula\u00e7\u00f5es ind\u00edgenas, ou seja, um turismo que gera o encontro entre as pessoas\u00bb.  <strong><img loading=\"lazy\" decoding=\"async\" class=\"wp-image-149428 alignleft\" src=\"https:\/\/www.focolare.org\/wp-content\/uploads\/2017\/03\/Stefano-3.jpg\" alt=\"Stefano 3\" width=\"368\" height=\"245\" \/>Mas vamos escutar quem participou do programa, como Estev\u00e3o, jovem turista italiano:<\/strong> \u00abSinto que para algumas pessoas viajar \u00e9 como ver o mundo de dentro de uma caixa de vidro. Viaja-se pelo mundo procurando o nosso standard de vida ocidental, com as nossas comodidades, a nossa seguran\u00e7a e certeza, vamos \u201cconsumir\u201d, como se visitar lugares fosse tomar uma bebida que depois jogamos fora. Tiram-se muitas fotos, compram-se souvenir, come-se num local t\u00edpico e est\u00e1 tudo feito! Um pa\u00eds n\u00e3o \u00e9 feito de monumentos e souvenir, mas de pessoas que podem tamb\u00e9m oferecer hospitalidade, compartilhando suas casas, a mesa, a m\u00fasica. \u00c9 o modo mais aut\u00eantico de viajar! \u201c<em>Compartir<\/em>\u201d, compartilhar, o verbo, em l\u00edngua espanhola, que aprendi durante essa viagem \u00e0 Argentina\u00bb.  E a fam\u00edlia de <strong>Maria Jos\u00e9 e Pablo<\/strong>, argentinos: \u00abGostamos desta forma de f\u00e9rias, passear, conhecer paisagens novas, mas principalmente a possibilidade de encontrar estas \u201cpaisagens humanas\u201d que \u00e0s vezes se escondem atr\u00e1s de cart\u00f5es postais e fotos, que nos permitiram entrar na realidade dessas comunidades. Uma sensa\u00e7\u00e3o que perpassou a nossa experi\u00eancia foi a de ter rompido os nossos esquemas e que a nossa vida foi preenchida por essas pessoas que agora temos no cora\u00e7\u00e3o; experimentar o ritmo tranquilo e profundo desses lugares e a vis\u00e3o de muitas paisagens que encontramos no nosso caminho. Agora, chegando na cidade, vemos de modo diferente, com um olhar novo, a vida cotidiana\u00bb.<\/p>\n","protected":false},"excerpt":{"rendered":"<p>Turismo respons\u00e1vel e sustent\u00e1vel para responder \u00e0 falta de trabalho, com a cria\u00e7\u00e3o de um novo tipo de ocupa\u00e7\u00e3o. Uma estrat\u00e9gia de cust\u00f3dia das riquezas para o desenvolvimento local.<\/p>\n","protected":false},"author":34,"featured_media":0,"comment_status":"open","ping_status":"open","sticky":false,"template":"","format":"standard","meta":{"give_campaign_id":0,"_seopress_robots_primary_cat":"","_seopress_titles_title":"","_seopress_titles_desc":"","_seopress_robots_index":"","_et_pb_use_builder":"","_et_pb_old_content":"","_et_gb_content_width":"","footnotes":""},"categories":[909],"tags":[],"class_list":["post-335232","post","type-post","status-publish","format-standard","hentry","category-focolare-worldwide-2-4"],"_links":{"self":[{"href":"https:\/\/www.focolare.org\/pt-pt\/wp-json\/wp\/v2\/posts\/335232","targetHints":{"allow":["GET"]}}],"collection":[{"href":"https:\/\/www.focolare.org\/pt-pt\/wp-json\/wp\/v2\/posts"}],"about":[{"href":"https:\/\/www.focolare.org\/pt-pt\/wp-json\/wp\/v2\/types\/post"}],"author":[{"embeddable":true,"href":"https:\/\/www.focolare.org\/pt-pt\/wp-json\/wp\/v2\/users\/34"}],"replies":[{"embeddable":true,"href":"https:\/\/www.focolare.org\/pt-pt\/wp-json\/wp\/v2\/comments?post=335232"}],"version-history":[{"count":0,"href":"https:\/\/www.focolare.org\/pt-pt\/wp-json\/wp\/v2\/posts\/335232\/revisions"}],"wp:attachment":[{"href":"https:\/\/www.focolare.org\/pt-pt\/wp-json\/wp\/v2\/media?parent=335232"}],"wp:term":[{"taxonomy":"category","embeddable":true,"href":"https:\/\/www.focolare.org\/pt-pt\/wp-json\/wp\/v2\/categories?post=335232"},{"taxonomy":"post_tag","embeddable":true,"href":"https:\/\/www.focolare.org\/pt-pt\/wp-json\/wp\/v2\/tags?post=335232"}],"curies":[{"name":"wp","href":"https:\/\/api.w.org\/{rel}","templated":true}]}}