{"id":335250,"date":"2017-03-22T14:32:47","date_gmt":"2017-03-22T13:32:47","guid":{"rendered":"https:\/\/www.focolare.org\/funeral-do-cardeal-vik\/"},"modified":"2024-05-16T15:30:36","modified_gmt":"2024-05-16T13:30:36","slug":"funeral-do-cardeal-vik","status":"publish","type":"post","link":"https:\/\/www.focolare.org\/pt-pt\/funeral-do-cardeal-vik\/","title":{"rendered":"Funeral do Cardeal Vik"},"content":{"rendered":"<p><a href=\"http:\/\/www.ceskatelevize.cz\/ivysilani\" target=\"_blank\" rel=\"noopener\">STREAMING &#8211; \u010cesk\u00e1 Televize<\/a> &#8211; O Cardeal Dominik Duka OP, Arcebispo de Praga, os familiares e o Movimento dos Focolares, anunciam que o funeral do cardeal VIk se realizar\u00e1 no s\u00e1bado 25 de mar\u00e7o (\u00e0s 11,00 horas), na Catedral dos Santos Vito, Venceslau e Adalberto, em Praga. O seu corpo ser\u00e1 deposto no t\u00famulo arquiepiscopal da Catedral. Miloslav Vik, Arcebispo em\u00e9rito de Praga e Primaz em\u00e9rito da Bo\u00e9mia \u00e9 o 62\u00ba sucessor de Santo Adalberto e 35\u00ba arcebispo da Catedral de Praga.<\/p>\n","protected":false},"excerpt":{"rendered":"<p>STREAMING &#8211; \u010cesk\u00e1 Televize &#8211; O Cardeal Dominik Duka OP, Arcebispo de Praga, os familiares e o Movimento dos Focolares, anunciam que o funeral do cardeal VIk se realizar\u00e1 no s\u00e1bado 25 de mar\u00e7o (\u00e0s 11,00 horas), na Catedral dos Santos Vito, Venceslau e Adalberto, em Praga. O seu corpo ser\u00e1 deposto no t\u00famulo arquiepiscopal [&hellip;]<\/p>\n","protected":false},"author":34,"featured_media":0,"comment_status":"open","ping_status":"open","sticky":false,"template":"","format":"standard","meta":{"give_campaign_id":0,"_seopress_robots_primary_cat":"","_seopress_titles_title":"","_seopress_titles_desc":"","_seopress_robots_index":"","_et_pb_use_builder":"","_et_pb_old_content":"","_et_gb_content_width":"","footnotes":""},"categories":[910],"tags":[],"class_list":["post-335250","post","type-post","status-publish","format-standard","hentry","category-senza-categoria-2-4"],"_links":{"self":[{"href":"https:\/\/www.focolare.org\/pt-pt\/wp-json\/wp\/v2\/posts\/335250","targetHints":{"allow":["GET"]}}],"collection":[{"href":"https:\/\/www.focolare.org\/pt-pt\/wp-json\/wp\/v2\/posts"}],"about":[{"href":"https:\/\/www.focolare.org\/pt-pt\/wp-json\/wp\/v2\/types\/post"}],"author":[{"embeddable":true,"href":"https:\/\/www.focolare.org\/pt-pt\/wp-json\/wp\/v2\/users\/34"}],"replies":[{"embeddable":true,"href":"https:\/\/www.focolare.org\/pt-pt\/wp-json\/wp\/v2\/comments?post=335250"}],"version-history":[{"count":0,"href":"https:\/\/www.focolare.org\/pt-pt\/wp-json\/wp\/v2\/posts\/335250\/revisions"}],"wp:attachment":[{"href":"https:\/\/www.focolare.org\/pt-pt\/wp-json\/wp\/v2\/media?parent=335250"}],"wp:term":[{"taxonomy":"category","embeddable":true,"href":"https:\/\/www.focolare.org\/pt-pt\/wp-json\/wp\/v2\/categories?post=335250"},{"taxonomy":"post_tag","embeddable":true,"href":"https:\/\/www.focolare.org\/pt-pt\/wp-json\/wp\/v2\/tags?post=335250"}],"curies":[{"name":"wp","href":"https:\/\/api.w.org\/{rel}","templated":true}]}}