{"id":335280,"date":"2017-03-30T02:10:49","date_gmt":"2017-03-30T00:10:49","guid":{"rendered":"https:\/\/www.focolare.org\/fonjumetaw-nova-evangelizacao\/"},"modified":"2024-05-16T15:30:42","modified_gmt":"2024-05-16T13:30:42","slug":"fonjumetaw-nova-evangelizacao","status":"publish","type":"post","link":"https:\/\/www.focolare.org\/pt-pt\/fonjumetaw-nova-evangelizacao\/","title":{"rendered":"Fonjumetaw: Nova Evangeliza\u00e7\u00e3o"},"content":{"rendered":"<p><em><a href=\"https:\/\/www.focolare.org\/wp-content\/uploads\/2017\/03\/20170305_111937.jpg\"><img loading=\"lazy\" decoding=\"async\" class=\"wp-image-149908 alignright\" src=\"https:\/\/www.focolare.org\/wp-content\/uploads\/2017\/03\/20170305_111937.jpg\" alt=\"20170305_111937\" width=\"368\" height=\"207\" \/><\/a>\u00abRenovamos o pacto e prometemos viver no esp\u00edrito de amor, unidade e paz que mudou as nossas vidas<\/em>\u00bb. <strong>Assim se exprimem os Chief (chefes) do reino de Fonjumetaw<\/strong>, uma aldeia imersa na floresta camaronense, reunidos no dia 5 de mar\u00e7o passado, juntamente com as suas comunidades, numa carta enviada a <a href=\"https:\/\/www.focolare.org\/pt\/news\/2014\/09\/15\/maria-voce\/\" target=\"_blank\" rel=\"noopener\">Maria Voce<\/a>, <a href=\"https:\/\/www.focolare.org\/pt\/la-presidente\/\" target=\"_blank\" rel=\"noopener\">presidente <\/a>do <a href=\"https:\/\/www.focolare.org\/pt\/chi-siamo\/\" target=\"_blank\" rel=\"noopener\">Movimentos dos Focolares<\/a>.  <strong>Cerca de duzentas pessoas estiveram presentes<\/strong>, num encontro que se inscreve na hist\u00f3ria deste povo. Um forte v\u00ednculo une a vasta regi\u00e3o tropical em redor de Fonjumetaw e <a href=\"https:\/\/www.focolare.org\/pt\/?s=fontem\" target=\"_blank\" rel=\"noopener\">Fontem<\/a>, onde em 1966 chegaram, pela primeira vez, dois focolarinos m\u00e9dicos que ajudaram a popula\u00e7\u00e3o local a debelar as doen\u00e7as que causavam uma alt\u00edssima mortalidade infantil. H\u00e1 cinquenta anos, o povo Bangwa foi salvo do risco de extin\u00e7\u00e3o. No passado m\u00eas de Setembro, os Fon (chefes tradicionais das aldeias desta regi\u00e3o africana) dirigiram-se a Roma para o Jubileu da Miseric\u00f3rdia e para prestar homenagem a <a href=\"https:\/\/www.focolare.org\/pt\/chiara-lubich\/\" target=\"_blank\" rel=\"noopener\">Chiara Lubich<\/a> (\u201cMafua Ndem\u201d, Rainha enviada por Deus, como lhe chamam), diante do seu t\u00famulo no Centro Internacional dos Focolares, em Rocca di Papa. A delega\u00e7\u00e3o africana participou tamb\u00e9m no encontro com o Papa Francisco, na pra\u00e7a de S. Pedro. Depois, houve ainda um encontro com a atual presidente do Movimentos dos Focolares, Maria Voce e com o copresidente, Jes\u00fas Mor\u00e1n.  <strong><a href=\"https:\/\/www.focolare.org\/wp-content\/uploads\/2017\/03\/20170305_133840.jpg\"><img loading=\"lazy\" decoding=\"async\" class=\"alignleft wp-image-149906\" src=\"https:\/\/www.focolare.org\/wp-content\/uploads\/2017\/03\/20170305_133840.jpg\" alt=\"20170305_133840\" width=\"368\" height=\"207\" \/><\/a>O Jubileu conferiu um renovado impulso \u00e0 Nova Evangeliza\u00e7\u00e3o<\/strong>, consolidando as rela\u00e7\u00f5es de fraternidade que estas aldeias procuram fortemente viver hoje em dia. O encontro do dia 5 de mar\u00e7o teve este significado. O Fon contou da sua \u201c<a href=\"http:\/\/https:\/\/www.focolare.org\/pt\/news\/2016\/03\/10\/fontem-un-giubileo-di-ringraziamento\/\" target=\"_blank\" rel=\"noopener\">peregrina\u00e7\u00e3o<\/a>\u201d a Roma, com os outros Fon da zona, com o bispo Andrew Nkea Fuanya e com o bispo em\u00e9rito Francis Teke Lysinge. Convidou a todos a darem um novo passo na vida de fraternidade e prop\u00f4s um \u201cano de reconcilia\u00e7\u00e3o\u201d. Todos aderiram com alegria. E, num clima de festa, jovens, adultos e crian\u00e7as deram-se um abra\u00e7o que sublinhou este compromisso.  <strong>Um dos Chief apresentou o<\/strong> <a href=\"https:\/\/www.focolare.org\/wp-content\/uploads\/2010\/09\/DadoPortoghese.pdf\" target=\"_blank\" rel=\"noopener\">\u201cdado do amor\u201d<\/a>. Depois lan\u00e7ou-o ao ar. A frase que apareceu, \u201camar-nos reciprocamente\u201d, foi uma confirma\u00e7\u00e3o, tamb\u00e9m atrav\u00e9s do jogo, do empenhamento que cada um deseja assumir. <strong>Seguiram-se experi\u00eancias e pequenas encena\u00e7\u00f5es<\/strong> sobre os seis pontos da arte de amar. Um dos Chief contou uma profunda experi\u00eancia: muitos anos antes, n\u00e3o tinha perdoado algu\u00e9m de quem tinha recebido uma grave ofensa, mas, depois de ter escutado o convite do Papa a perdoar e a esquecer, no ano da reconcilia\u00e7\u00e3o, teve for\u00e7a para o fazer.  <strong>Em conclus\u00e3o,<\/strong> este foi um momento de festa, com o Fon e a Mafua (Ra\u00ednha) e todos os Chief, os not\u00e1veis e os focolarinos. A Mafua contou dos seus encontros com Chiara em 2000, por ocasi\u00e3o da sua visita aos Camar\u00f5es, da \u201cperegrina\u00e7\u00e3o\u201d da delega\u00e7\u00e3o de quarenta pessoas ao Centro do Movimento dos Focolares, em Roma, e ainda do seu desejo de fazer com que a vida de \u201cMam\u00e3e Chiara\u201d se difunda entre o seu povo. A carta dos Chief a Emmaus, dezessete anos depois da \u00faltima visita de Chiara a este territ\u00f3rio, testemunha o compromisso e o desejo de todos.<\/p>\n","protected":false},"excerpt":{"rendered":"<p>No ano do Jubileu da Miseric\u00f3rdia, um novo impulso evang\u00e9lico por parte do l\u00edder Fonjumetaw (Camar\u00f5es). A rela\u00e7\u00e3o de fraternidade com os Focolares dura h\u00e1 50 anos.<\/p>\n","protected":false},"author":34,"featured_media":0,"comment_status":"open","ping_status":"open","sticky":false,"template":"","format":"standard","meta":{"give_campaign_id":0,"_seopress_robots_primary_cat":"","_seopress_titles_title":"","_seopress_titles_desc":"","_seopress_robots_index":"","_et_pb_use_builder":"","_et_pb_old_content":"","_et_gb_content_width":"","footnotes":""},"categories":[129],"tags":[],"class_list":["post-335280","post","type-post","status-publish","format-standard","hentry","category-sem-categoria"],"_links":{"self":[{"href":"https:\/\/www.focolare.org\/pt-pt\/wp-json\/wp\/v2\/posts\/335280","targetHints":{"allow":["GET"]}}],"collection":[{"href":"https:\/\/www.focolare.org\/pt-pt\/wp-json\/wp\/v2\/posts"}],"about":[{"href":"https:\/\/www.focolare.org\/pt-pt\/wp-json\/wp\/v2\/types\/post"}],"author":[{"embeddable":true,"href":"https:\/\/www.focolare.org\/pt-pt\/wp-json\/wp\/v2\/users\/34"}],"replies":[{"embeddable":true,"href":"https:\/\/www.focolare.org\/pt-pt\/wp-json\/wp\/v2\/comments?post=335280"}],"version-history":[{"count":0,"href":"https:\/\/www.focolare.org\/pt-pt\/wp-json\/wp\/v2\/posts\/335280\/revisions"}],"wp:attachment":[{"href":"https:\/\/www.focolare.org\/pt-pt\/wp-json\/wp\/v2\/media?parent=335280"}],"wp:term":[{"taxonomy":"category","embeddable":true,"href":"https:\/\/www.focolare.org\/pt-pt\/wp-json\/wp\/v2\/categories?post=335280"},{"taxonomy":"post_tag","embeddable":true,"href":"https:\/\/www.focolare.org\/pt-pt\/wp-json\/wp\/v2\/tags?post=335280"}],"curies":[{"name":"wp","href":"https:\/\/api.w.org\/{rel}","templated":true}]}}