{"id":335316,"date":"2017-04-08T01:10:54","date_gmt":"2017-04-07T23:10:54","guid":{"rendered":"https:\/\/www.focolare.org\/burkina-fasso-o-retorno-de-um-filho\/"},"modified":"2024-05-16T15:30:50","modified_gmt":"2024-05-16T13:30:50","slug":"burkina-fasso-o-retorno-de-um-filho","status":"publish","type":"post","link":"https:\/\/www.focolare.org\/pt-pt\/burkina-fasso-o-retorno-de-um-filho\/","title":{"rendered":"Burkina Fasso: o retorno de um filho"},"content":{"rendered":"<p><strong><img loading=\"lazy\" decoding=\"async\" class=\"alignleft wp-image-150462\" src=\"https:\/\/www.focolare.org\/wp-content\/uploads\/2017\/04\/BurkinaFaso.jpg\" alt=\"BurkinaFaso\" width=\"250\" height=\"373\" \/>F\u00e9licit\u00e9: <\/strong>T\u00ednhamos depositado toda a esperan\u00e7a no nosso filho mais velho. Realmente, ele \u00e9 o filho que tem mais aptid\u00e3o, \u00e9 inteligente, prestativo e capaz! Sou epidemi\u00f3loga, em 2008 passei em um concurso, mas, para assumir o cargo me transferi a Bobo-Dioulasso, no Burkina Fasso. Meu marido permaneceu no Benin para ocupar-se das duas empresas de nossa propriedade, que estavam em dificuldades por causa da grande recess\u00e3o econ\u00f4mica. Mas, a solid\u00e3o e a grande preocupa\u00e7\u00e3o pesaram muito para a sa\u00fade dele. Abatidos por esses acontecimentos decidimos fechar uma das empresas e confiar a administra\u00e7\u00e3o da outra \u2013 uma ag\u00eancia de viagens \u2013 ao nosso filho.  <strong>Isaac: <\/strong>Para cuidar da sa\u00fade fui para Burkina, ao lado de F\u00e9licit\u00e9 e, regularmente eu voltava ao Benin para controlar o bom andamento dos neg\u00f3cios. Mesmo percebendo que certas regras n\u00e3o estavam mais sendo respeitadas, n\u00e3o me dei conta do enorme rombo econ\u00f4mico que, em dois anos provocou a fal\u00eancia da empresa. Uma vez que os pagamentos n\u00e3o foram saldados, foram confiscados todos os bens da empresa e as contas banc\u00e1rias foram fechadas. Quando retornei ao Benin descobri que haviam enganado o nosso filho. Tendo ainda confian\u00e7a, deixei com ele alguns cheques assinados em branco. Mas, improvisamente, ele fugiu: ningu\u00e9m tinha not\u00edcias dele e n\u00e3o sab\u00edamos se estava vivo ou morto. O valor das d\u00edvidas era muito alto e eu, sendo o titular da ag\u00eancia, corria o risco de ser preso. Assim, F\u00e9licit\u00e9 e eu nos comprometemos a saldar tudo em presta\u00e7\u00f5es, convencendo os credores de que eu era v\u00edtima inocente da m\u00e1 administra\u00e7\u00e3o do nosso filho. Como poderia imaginar que o meu filho mais velho teria abusado da minha confian\u00e7a e que, pior ainda, teria desaparecido sem deixar nenhuma pista? Ele n\u00e3o era mais meu filho. N\u00e3o me restava que cancel\u00e1-lo completamente da minha mem\u00f3ria.  <strong>Para mim a ferida era mais profunda.<\/strong> Eu temia que, para escapar \u00e0 nossa ira, ele se suicidara; ou, era ref\u00e9m de algum credor. Eu vivi meses muito dolorosos. Foi grande a nossa surpresa quando, por ocasi\u00e3o do meu anivers\u00e1rio, eu recebi uma mensagem dele, via Internet. Por\u00e9m, Isaac n\u00e3o queria perdo\u00e1-lo e, muito menos, procur\u00e1-lo. Justamente naquele per\u00edodo n\u00f3s fomos convidados para um encontro, na <a href=\"https:\/\/www.focolare.org\/pt\/focolare-worldwide\/africa\/costa-davorio\/\">Costa do Marfim<\/a>, organizado pelo <a href=\"https:\/\/www.focolare.org\/pt\/chi-siamo\/\">Focolare<\/a>. L\u00e1 assistimos um v\u00eddeo, no qual <a href=\"https:\/\/www.focolare.org\/pt\/chiara-lubich\/\">Chiara Lubich<\/a> explica que nas situa\u00e7\u00f5es dif\u00edceis \u00e9 necess\u00e1rio fazer como faz a galinha choca: quando um dos pintinhos cai, por causa da irregularidade do terreno, ela desce com todos os outros pintinhos, para buscar o que caiu. Muito impressionados com este ensinamento n\u00f3s partilhamos a nossa situa\u00e7\u00e3o com as outras fam\u00edlias ali presentes e todas nos exortaram a procurar o nosso filho.  <strong><img loading=\"lazy\" decoding=\"async\" class=\"wp-image-150460 alignright\" src=\"https:\/\/www.focolare.org\/wp-content\/uploads\/2017\/04\/20170408-01.jpg\" alt=\"20170408-01\" width=\"350\" height=\"249\" \/>A miseric\u00f3rdia venceu o rancor.<\/strong> Ap\u00f3s assistirmos uma missa para confiar a Deus a nossa longa viagem, partimos para o N\u00edger. Um amigo do nosso filho nos passou um n\u00famero de telefone daquele pa\u00eds. Era a \u00fanica refer\u00eancia que t\u00ednhamos. Depois de atravessarmos dois pa\u00edses, chegamos a Niamey e telefonamos: imediatamente ele foi ao nosso encontro, no estacionamento onde est\u00e1vamos. Ficou feliz ao rever-nos e, especialmente, por experimentar o nosso amor, n\u00e3o obstante tudo. Ele estava muito magro, enfrentando muitos problemas que, de uma ou outra forma, procurava resolver. N\u00f3s lhe garantimos que todos n\u00f3s, juntos, dever\u00edamos procurar a solu\u00e7\u00e3o para tudo. A acolhida e a paz reencontrada lhe permitiram recome\u00e7ar a vida, com a concretiza\u00e7\u00e3o de algumas etapas decisivas: o arrependimento, o retorno a Deus e \u00e0 ora\u00e7\u00e3o, o recome\u00e7o da vida profissional, o namoro e casamento.  Concluindo esta experi\u00eancia podemos dizer que tocamos com as pr\u00f3prias m\u00e3os, que a miseric\u00f3rdia e a paz s\u00e3o armas que nos tornam livres.<\/p>\n","protected":false},"excerpt":{"rendered":"<p>Para F\u00e9licit\u00e9 e Isaac era impens\u00e1vel a reconcilia\u00e7\u00e3o com o filho que havia causado a fal\u00eancia da empresa da fam\u00edlia e havia fugido sem deixar pistas. Mas, a miseric\u00f3rdia venceu o rancor.<\/p>\n","protected":false},"author":34,"featured_media":0,"comment_status":"open","ping_status":"open","sticky":false,"template":"","format":"standard","meta":{"give_campaign_id":0,"_seopress_robots_primary_cat":"","_seopress_titles_title":"","_seopress_titles_desc":"","_seopress_robots_index":"","_et_pb_use_builder":"","_et_pb_old_content":"","_et_gb_content_width":"","footnotes":""},"categories":[909],"tags":[],"class_list":["post-335316","post","type-post","status-publish","format-standard","hentry","category-focolare-worldwide-2-4"],"_links":{"self":[{"href":"https:\/\/www.focolare.org\/pt-pt\/wp-json\/wp\/v2\/posts\/335316","targetHints":{"allow":["GET"]}}],"collection":[{"href":"https:\/\/www.focolare.org\/pt-pt\/wp-json\/wp\/v2\/posts"}],"about":[{"href":"https:\/\/www.focolare.org\/pt-pt\/wp-json\/wp\/v2\/types\/post"}],"author":[{"embeddable":true,"href":"https:\/\/www.focolare.org\/pt-pt\/wp-json\/wp\/v2\/users\/34"}],"replies":[{"embeddable":true,"href":"https:\/\/www.focolare.org\/pt-pt\/wp-json\/wp\/v2\/comments?post=335316"}],"version-history":[{"count":0,"href":"https:\/\/www.focolare.org\/pt-pt\/wp-json\/wp\/v2\/posts\/335316\/revisions"}],"wp:attachment":[{"href":"https:\/\/www.focolare.org\/pt-pt\/wp-json\/wp\/v2\/media?parent=335316"}],"wp:term":[{"taxonomy":"category","embeddable":true,"href":"https:\/\/www.focolare.org\/pt-pt\/wp-json\/wp\/v2\/categories?post=335316"},{"taxonomy":"post_tag","embeddable":true,"href":"https:\/\/www.focolare.org\/pt-pt\/wp-json\/wp\/v2\/tags?post=335316"}],"curies":[{"name":"wp","href":"https:\/\/api.w.org\/{rel}","templated":true}]}}