{"id":335342,"date":"2017-04-20T02:10:12","date_gmt":"2017-04-20T00:10:12","guid":{"rendered":"https:\/\/www.focolare.org\/gianni-caso-o-direito-e-o-evangelho\/"},"modified":"2024-05-16T15:30:55","modified_gmt":"2024-05-16T13:30:55","slug":"gianni-caso-o-direito-e-o-evangelho","status":"publish","type":"post","link":"https:\/\/www.focolare.org\/pt-pt\/gianni-caso-o-direito-e-o-evangelho\/","title":{"rendered":"Gianni Caso. O Direito e o Evangelho"},"content":{"rendered":"<p><strong><a href=\"https:\/\/www.focolare.org\/wp-content\/uploads\/2017\/04\/GianniCaso.jpg\"><img loading=\"lazy\" decoding=\"async\" class=\"alignright wp-image-150794\" src=\"https:\/\/www.focolare.org\/wp-content\/uploads\/2017\/04\/GianniCaso.jpg\" alt=\"GianniCaso\" width=\"250\" height=\"250\" \/><\/a>Gianni nasceu em Roccapiemonte, na Camp\u00e2nia (It\u00e1lia), em 1930.<\/strong> Com grandes sacrif\u00edcios concluiu a faculdade de Direito e, ao mesmo tempo, trabalhava como escriv\u00e3o no f\u00f3rum. Pela sua s\u00f3lida forma\u00e7\u00e3o crist\u00e3 tornou-se respons\u00e1vel pelos jovens da A\u00e7\u00e3o Cat\u00f3lica de N\u00e1poles. Depois que se formou, durante o servi\u00e7o militar, conheceu um focolarino que lhe deu uma revista Citt\u00e0 Nuova e, em 1959, ele participou da Mari\u00e1polis em Fiera di Primiero.  <strong>Ao ouvir um entusiasmante discurso de<\/strong> <a href=\"https:\/\/www.focolare.org\/pt\/chiara-lubich\/chi-e-chiara\/gli-inizi\/\">Bruna Tomasi,<\/a><strong> que participou do primeiro grupo com <\/strong><a href=\"https:\/\/www.focolare.org\/pt\/chiara-lubich\/\">Chiara Lubich,<\/a> Gianni descobriu no Ideal da unidade uma especial conson\u00e2ncia com a sua voca\u00e7\u00e3o leiga, civil e pol\u00edtica. Quando foi nomeado juiz ele optou pelo F\u00f3rum de Mil\u00e3o, cidade na qual se encontra um dos primeiros focolares da It\u00e1lia, justamente para aprofundar o conhecimento da vida de unidade. Em 1965 ele frequentou a escola de forma\u00e7\u00e3o dos focolarinos, em Loppiano, para, depois, retomar o trabalho de juiz, morando no focolare.  <strong>Em 1968 Gianni exercia a fun\u00e7\u00e3o de juiz na Prov\u00edncia de Trento<\/strong>, onde se dedicou ao Movimento Humanidade Nova que estava iniciando, a express\u00e3o mais social do Movimento dos Focolares. Mais tarde, ao ser nomeado membro do Tribunal de Recursos de Roma, mudou-se para Rocca di Papa, e dedicou-se ao Centro do Movimento.  <strong>Na It\u00e1lia, na d\u00e9cada de 70<\/strong>, aconteceram atos de extrema viol\u00eancia contra as institui\u00e7\u00f5es do Estado, que deram origens \u00e0 luta armada e ao terrorismo. Naqueles anos Gianni foi escolhido como juiz relator e redator da senten\u00e7a de recurso no primeiro e mais importante dos cinco processos pela morte de Aldo Moro, l\u00edder da Democracia Crist\u00e3, assassinado em 1978, pelo grupo armado conhecido como <em>Brigate Rosse<\/em>. Todas as manh\u00e3s os guardas da escolta iam buscar Gianni na sua casa e, ap\u00f3s o trabalho, o acompanhavam novamente. Estando em casa, normalmente, ele ia de carro \u00e0 missa. Uma noite, ao inv\u00e9s de retornar pelo caminho habitual, sem programar-se previamente, mudou o trajeto \u2013 ele disse que foi uma esp\u00e9cie de \u201cinspira\u00e7\u00e3o\u201d \u2013 chegando a casa por outro caminho. E, desta forma, evitou ser sequestrado pelos terroristas que o esperavam.  <strong><a href=\"https:\/\/www.focolare.org\/wp-content\/uploads\/2017\/04\/GianniCaso_Ass2002-001_ArchivioCSCMedia.jpg\"><img loading=\"lazy\" decoding=\"async\" class=\"wp-image-150798 alignleft\" src=\"https:\/\/www.focolare.org\/wp-content\/uploads\/2017\/04\/GianniCaso_Ass2002-001_ArchivioCSCMedia.jpg\" alt=\"GianniCaso_Ass2002-001_ArchivioCSCMedia\" width=\"320\" height=\"219\" \/><\/a>Nos anos 80 e 90 Gianni continuou a trabalhar para o <\/strong>Movimento Humanidade Nova, realizando iniciativas importantes sobre a quest\u00e3o da justi\u00e7a na It\u00e1lia, na Europa e sobre quest\u00f5es do setor penitenci\u00e1rio, assuntos dos quais se dedicava com ardor. Mais tarde, ele foi nomeado juiz do Supremo Tribunal Federal e, no in\u00edcio dos anos 2000, com outros, contribuiu para a funda\u00e7\u00e3o de Comunh\u00e3o e Direito, uma rede internacional que coliga estudiosos e agentes de diversos setores do Direito. Nos anos seguintes foram realizados congressos internacionais e cursos de ver\u00e3o com programas de forma\u00e7\u00e3o endere\u00e7ados aos jovens.Uma grande solicitude acompanhou Gianni no empenho que exige o di\u00e1logo com a cultura jur\u00eddica, fundamentada na rela\u00e7\u00e3o entre agentes do Direito, entre os setores jur\u00eddicos e a sociedade civil.  <strong>Em 2015, quando se aposentou<\/strong>, Gianni continuou a acompanhar \u00e0 dist\u00e2ncia os trabalhos, continuou a escrever, estudar, a colaborar nos debates, at\u00e9 ao \u00faltimo momento.  Ao receber a not\u00edcia da sua morte muitas pessoas nos escreveram, pessoas que o conheceram e o estimavam: familiares, colegas magistrados, agentes do campo da justi\u00e7a e, tamb\u00e9m, pessoas que n\u00e3o ocupam nenhum cargo neste campo. S\u00e3o testemunhos plenos de reconhecimento a um especialista em leis e que fez do Evangelho a norma da pr\u00f3pria vida, deixando-se guiar especialmente por uma frase que Chiara Lubich escolheu para ele: \u201c<em>Aquele que dentre v\u00f3s quiser ser grande, seja o vosso servidor<\/em>\u201d (<em>Mc<\/em> 10,44).  <strong>Uma sua colega ju\u00edza<\/strong> que, com Gianni, acompanhou a trajet\u00f3ria percorrida por uma \u201cjusti\u00e7a de comunh\u00e3o\u201d, evidencia que viu nele a capacidade de valorizar ao m\u00e1ximo todas as categorias profissionais relativas ao \u00e2mbito da Justi\u00e7a e a particular \u201catra\u00e7\u00e3o\u201d pelos \u00faltimos, na \u00f3tica evang\u00e9lica: os presos, que ele amava quase como se fossem seus filhos.  &nbsp;<\/p>\n","protected":false},"excerpt":{"rendered":"<p>Focolarino, magistrado, homem de vasta cultura. Publicamos um breve perfil no 30\u00ba dia do seu falecimento. (14\/11\/1930 \u2013 16\/3\/2017).<\/p>\n","protected":false},"author":34,"featured_media":0,"comment_status":"open","ping_status":"open","sticky":false,"template":"","format":"standard","meta":{"give_campaign_id":0,"_seopress_robots_primary_cat":"","_seopress_titles_title":"","_seopress_titles_desc":"","_seopress_robots_index":"","_et_pb_use_builder":"","_et_pb_old_content":"","_et_gb_content_width":"","footnotes":""},"categories":[129],"tags":[],"class_list":["post-335342","post","type-post","status-publish","format-standard","hentry","category-sem-categoria"],"_links":{"self":[{"href":"https:\/\/www.focolare.org\/pt-pt\/wp-json\/wp\/v2\/posts\/335342","targetHints":{"allow":["GET"]}}],"collection":[{"href":"https:\/\/www.focolare.org\/pt-pt\/wp-json\/wp\/v2\/posts"}],"about":[{"href":"https:\/\/www.focolare.org\/pt-pt\/wp-json\/wp\/v2\/types\/post"}],"author":[{"embeddable":true,"href":"https:\/\/www.focolare.org\/pt-pt\/wp-json\/wp\/v2\/users\/34"}],"replies":[{"embeddable":true,"href":"https:\/\/www.focolare.org\/pt-pt\/wp-json\/wp\/v2\/comments?post=335342"}],"version-history":[{"count":0,"href":"https:\/\/www.focolare.org\/pt-pt\/wp-json\/wp\/v2\/posts\/335342\/revisions"}],"wp:attachment":[{"href":"https:\/\/www.focolare.org\/pt-pt\/wp-json\/wp\/v2\/media?parent=335342"}],"wp:term":[{"taxonomy":"category","embeddable":true,"href":"https:\/\/www.focolare.org\/pt-pt\/wp-json\/wp\/v2\/categories?post=335342"},{"taxonomy":"post_tag","embeddable":true,"href":"https:\/\/www.focolare.org\/pt-pt\/wp-json\/wp\/v2\/tags?post=335342"}],"curies":[{"name":"wp","href":"https:\/\/api.w.org\/{rel}","templated":true}]}}