{"id":335404,"date":"2017-05-11T01:10:44","date_gmt":"2017-05-10T23:10:44","guid":{"rendered":"https:\/\/www.focolare.org\/de-malta-uma-europa-de-esperanca\/"},"modified":"2024-05-16T15:31:08","modified_gmt":"2024-05-16T13:31:08","slug":"de-malta-uma-europa-de-esperanca","status":"publish","type":"post","link":"https:\/\/www.focolare.org\/pt-pt\/de-malta-uma-europa-de-esperanca\/","title":{"rendered":"De Malta, uma Europa de esperan\u00e7a"},"content":{"rendered":"<p><strong><a href=\"https:\/\/www.focolare.org\/pt\/focolare-worldwide\/europa\/malta\/\" target=\"_blank\" rel=\"noopener\"><img loading=\"lazy\" decoding=\"async\" class=\"wp-image-151827 alignright\" src=\"https:\/\/www.focolare.org\/wp-content\/uploads\/2017\/05\/Towards-a-Europe-of-Hope-Healing-and-Hospitality.png\" alt=\"Towards a Europe of Hope, Healing and Hospitality\" width=\"324\" height=\"325\" \/>Malta<\/a>, a maior das ilhas que comp\u00f5em o hom\u00f4nimo arquip\u00e9lago, encrustada no Mediterr\u00e2neo central<\/strong>, entre Sic\u00edlia, Tun\u00edsia e L\u00edbia, no primeiro semestre de 2017 est\u00e1 na dire\u00e7\u00e3o do Conselho da Uni\u00e3o Europeia, tendo assumido o turno da presid\u00eancia pela primeira vez na sua hist\u00f3ria.  <strong>A ilha, cujo s\u00edmbolo \u00e9 uma cruz de oito pontas, emblema das oito bem-aventuran\u00e7as<\/strong>, \u00e9 a faixa de terra mais pr\u00f3xima das trag\u00e9dias que acontecem cotidianamente naquele <strong>t\u00famulo azul em que o Mar Mediterr\u00e2neo se tornou<\/strong>, encruzilhada mar\u00edtima entre \u00c1frica, Oriente M\u00e9dio e Europa para quem busca desesperadamente uma nova possibilidade de vida.\u00a0Nas suas margens um outro n\u00e1ufrago encontrou reparo, ap\u00f3s catorze dias \u00e0 deriva. <strong>Foi S\u00e3o Paulo, que retornava de Roma, por volta do ano 60 d.C.<\/strong> Segundo a tradi\u00e7\u00e3o, o navio que o transportava, com outros 264 passageiros, havia afundado depois de uma tempestade. Todas as pessoas haviam chegado \u00e0 costa nadando. Convidado, algum tempo depois, \u00e0 resid\u00eancia de Publio, governador romano sediado na ilha, curou o seu pai de uma terr\u00edvel gripe. O governador converteu-se ao cristianismo e tornou-se o primeiro bispo crist\u00e3o em Malta.  <strong>As ra\u00edzes crist\u00e3s da Europa foram assunto em Valeta, capital de Malta, dias 7 e 8 de maio<\/strong> passado, \u00e0s v\u00e9speras da festa da Europa, por ocasi\u00e3o do<strong> F\u00f3rum sobre o Estado da Uni\u00e3o Europeia, \u201cRumo a uma Europa de Esperan\u00e7a, Cura e Hospitalidade\u201d<\/strong>, promovido todos os anos pelo Parlamento Europeu, na na\u00e7\u00e3o de presid\u00eancia. Seu objetivo \u00e9 promover um di\u00e1logo inspirado na vis\u00e3o inicial de Robert Schuman. No primeiro dia, ap\u00f3s a abertura na catedral anglicana, um momento art\u00edstico e uma ora\u00e7\u00e3o dedicada \u00e0 esperan\u00e7a, um cortejo pelas ruas de Valeta at\u00e9 a catedral cat\u00f3lica de S\u00e3o Jo\u00e3o, com o discurso do <strong>arcebispo, D. Scicluna, seguido pela fala de <a href=\"https:\/\/www.focolare.org\/pt\/news\/2014\/09\/15\/maria-voce\/\" target=\"_blank\" rel=\"noopener\">Maria Voce<\/a><\/strong>. A presidente do Movimento dos Focolares <strong>prop\u00f4s uma reflex\u00e3o sobre \u201cCura e Reconcilia\u00e7\u00e3o\u201d.<\/strong>  <div id=\"attachment_151857\" style=\"width: 360px\" class=\"wp-caption alignleft\"><a href=\"https:\/\/www.focolare.org\/focolare-worldwide\/europa\/malta\/\"><img loading=\"lazy\" decoding=\"async\" aria-describedby=\"caption-attachment-151857\" class=\"wp-image-151857\" src=\"https:\/\/www.focolare.org\/wp-content\/uploads\/2017\/05\/Photo-07-05-2017-19-11-17_1200px.jpg\" alt=\"Photo 07-05-2017, 19 11 17_1200px\" width=\"350\" height=\"212\" \/><\/a><p id=\"caption-attachment-151857\" class=\"wp-caption-text\">Na catedral cat\u00f3lica de S\u00e3o Jo\u00e3o, Maria Voce prop\u00f4s uma reflex\u00e3o sobre \u201cCura e Reconcilia\u00e7\u00e3o\u201d<\/p><\/div>  <strong>Nos dias em que se recorda o nascimento daquela \u201ccomunidade de povos\u201d<\/strong>, intu\u00edda por Schuman em 1950 \u2013 propondo o hist\u00f3rico acordo sobre a gest\u00e3o conjunta do carv\u00e3o e do a\u00e7o, para tornar imposs\u00edvel qualquer tipo de guerra entre<strong> Fran\u00e7a, Alemanha e os pa\u00edses que teriam aderido<\/strong> em seguida \u2013 MariaVoce questionou-se qual poderia ter sido a centelha inspiradora de um ato t\u00e3o extraordin\u00e1rio, voltado a levar reconcilia\u00e7\u00e3o entre povos prostrados pelo mais terr\u00edvel conflito existido at\u00e9 ent\u00e3o; quem poderia ter inspirado <strong>Schuman, Adenauer, De Gaspari, os estadistas crist\u00e3os considerados pais fundadores da Europa<\/strong>. A resposta \u00e9 clara: <em>\u00abN\u00f3s queremos pensar que quem ter\u00e1 suscitado aquelas ideias e a for\u00e7a de instituir a Europa tenha sido Deus. Deus que testemunhou o seu amor pelos homens at\u00e9 morrer por eles com uma morte atroz e infame, que o identificou com todos os sofrimentos da humanidade, inclu\u00eddas as que derivam de viol\u00eancias e guerras\u00bb<\/em>.  <strong><img loading=\"lazy\" decoding=\"async\" class=\"ngg-singlepic ngg-none alignright\" src=\"https:\/\/www.focolare.org\/wp-content\/blogs.dir\/1\/files\/viaggio-malta-2017-2\/Photo-07-05-2017-19-56-47.jpg\" alt=\"Photo 07-05-2017, 19 56 47\" width=\"352\" height=\"198\" \/>Sobre a cultura que brota de uma profunda reconcilia\u00e7\u00e3o, Maria Voce citou <a href=\"https:\/\/www.focolare.org\/pt\/chiara-lubich\/chi-e-chiara\/\" target=\"_blank\" rel=\"noopener\">Chiara Lubich<\/a><\/strong>: <em>\u00abCada pessoa pode dar uma contribui\u00e7\u00e3o, em todos os campos: na ci\u00eancia, na arte, na pol\u00edtica, nas comunica\u00e7\u00f5es. E a sua efic\u00e1cia ser\u00e1 maior se trabalha junto com outros em nome de Cristo. \u00c9 a encarna\u00e7\u00e3o que continua. Assim nasce e se difunde no mundo aquela que poder\u00edamos chamar cultura da Ressurrei\u00e7\u00e3o\u00bb. Mas, para que isso aconte\u00e7a \u00ab\u00e9 exigido de n\u00f3s crist\u00e3os um caminho rumo \u00e0 plena e vis\u00edvel comunh\u00e3o, sabendo que isso ser\u00e1 determinante para a unidade da Europa e para servir melhor a humanidade\u00bb.<\/em>  Um caminho que recentemente viu realizarem-se etapas hist\u00f3ricas, como a de <strong>Lund, na Su\u00e9cia, Lesbo, na Gr\u00e9cia e Cuba<\/strong>. <em>\u00abNum contexto europeu, multicultural e multirreligioso existe a necessidade de uma nova capacidade de di\u00e1logo<\/em> \u2013 conclui Maria Voce -.<em> Di\u00e1logo que se pode apoiar na <a href=\"https:\/\/www.focolare.org\/pt\/news\/2016\/01\/03\/la-regola-doro-come-via-per-la-costruzione-della-fratellanza-e-della-pace\/\" target=\"_blank\" rel=\"noopener\">Regra de Ouro<\/a>, comum a todas as principais religi\u00f5es da terra\u00bb<\/em>. Significativa tal afirma\u00e7\u00e3o em Malta, \u00e2ncora segura no Mediterr\u00e2neo, na esperan\u00e7a de que este mar, de t\u00famulo azul, volte a ser o \u201cNosso Mar\u201d, no qual Europa, \u00c1frica e Oriente M\u00e9dio possam encontrar uma rota de paz.<\/p>\n","protected":false},"excerpt":{"rendered":"<p>Maria Voce, presidente do Movimento dos Focolares, discursou no F\u00f3rum \u201cRumo a uma Europa de Esperan\u00e7a, Cura e Hospitalidade\u201d. Uma ocasi\u00e3o para reafirmar as ra\u00edzes crist\u00e3s da Europa.<\/p>\n","protected":false},"author":34,"featured_media":0,"comment_status":"open","ping_status":"open","sticky":false,"template":"","format":"standard","meta":{"give_campaign_id":0,"_seopress_robots_primary_cat":"","_seopress_titles_title":"","_seopress_titles_desc":"","_seopress_robots_index":"","_et_pb_use_builder":"","_et_pb_old_content":"","_et_gb_content_width":"","footnotes":""},"categories":[909],"tags":[],"class_list":["post-335404","post","type-post","status-publish","format-standard","hentry","category-focolare-worldwide-2-4"],"_links":{"self":[{"href":"https:\/\/www.focolare.org\/pt-pt\/wp-json\/wp\/v2\/posts\/335404","targetHints":{"allow":["GET"]}}],"collection":[{"href":"https:\/\/www.focolare.org\/pt-pt\/wp-json\/wp\/v2\/posts"}],"about":[{"href":"https:\/\/www.focolare.org\/pt-pt\/wp-json\/wp\/v2\/types\/post"}],"author":[{"embeddable":true,"href":"https:\/\/www.focolare.org\/pt-pt\/wp-json\/wp\/v2\/users\/34"}],"replies":[{"embeddable":true,"href":"https:\/\/www.focolare.org\/pt-pt\/wp-json\/wp\/v2\/comments?post=335404"}],"version-history":[{"count":0,"href":"https:\/\/www.focolare.org\/pt-pt\/wp-json\/wp\/v2\/posts\/335404\/revisions"}],"wp:attachment":[{"href":"https:\/\/www.focolare.org\/pt-pt\/wp-json\/wp\/v2\/media?parent=335404"}],"wp:term":[{"taxonomy":"category","embeddable":true,"href":"https:\/\/www.focolare.org\/pt-pt\/wp-json\/wp\/v2\/categories?post=335404"},{"taxonomy":"post_tag","embeddable":true,"href":"https:\/\/www.focolare.org\/pt-pt\/wp-json\/wp\/v2\/tags?post=335404"}],"curies":[{"name":"wp","href":"https:\/\/api.w.org\/{rel}","templated":true}]}}