{"id":335436,"date":"2017-05-25T01:10:46","date_gmt":"2017-05-24T23:10:46","guid":{"rendered":"https:\/\/www.focolare.org\/colombia-viagem-a-mocoa\/"},"modified":"2024-05-16T15:31:16","modified_gmt":"2024-05-16T13:31:16","slug":"colombia-viagem-a-mocoa","status":"publish","type":"post","link":"https:\/\/www.focolare.org\/pt-pt\/colombia-viagem-a-mocoa\/","title":{"rendered":"Col\u00f4mbia: viagem \u00e0 Mocoa"},"content":{"rendered":"<p><strong><a href=\"https:\/\/www.focolare.org\/wp-content\/uploads\/2017\/05\/20170525-01.jpg\"><img loading=\"lazy\" decoding=\"async\" class=\"wp-image-152258 alignleft\" src=\"https:\/\/www.focolare.org\/wp-content\/uploads\/2017\/05\/20170525-01.jpg\" alt=\"20170525-01\" width=\"368\" height=\"213\" \/><\/a>\u00abFomos a Mocoa, junto com padre Juan Carlos Almario,<\/strong> <a href=\"https:\/\/www.focolare.org\/pt\/movimento-dei-focolari\/scelte-e-impegno\/sacerdoti\/\" target=\"_blank\" rel=\"noopener\">sacerdote focolarino<\/a>, <strong>levando as ajudas em dinheiro recolhidas pelas comunidades de toda a<\/strong> <a href=\"https:\/\/www.focolare.org\/pt\/focolare-worldwide\/america-sud\/colombia\/\" target=\"_blank\" rel=\"noopener\">Col\u00f4mbia<\/a> \u2013 escrevem Elizabeth e Alejandra, do focolare de Bogot\u00e1 -. Est\u00e1vamos ali em nome de toda a fam\u00edlia do Movimento, para levar o amor e as ora\u00e7\u00f5es de muitos, e a ajuda concreta n\u00e3o apenas da Col\u00f4mbia, mas de muitas partes do mundo que viveram e vivem conosco esta trag\u00e9dia\u00bb.  \u00abAlguns sacerdotes do Movimento, p\u00e1rocos em Mocoa (36 mil habitantes) nos receberam com cantos e muita alegria. Depois encontramos o povo. Cada pessoa tinha uma hist\u00f3ria dura para contar, ligada \u00e0 cat\u00e1strofe que haviam vivido. N\u00f3s choramos com eles\u00bb.  <strong>Lembravam aquela noite de 1\u00ba de abril, da avalanche de lama, e da \u201ccompeti\u00e7\u00e3o de amor\u201d que se desencadeou entre eles para ir procurar as v\u00edtimas.<\/strong> Os padres, junto com o seu bispo, <strong>D. Maldonado<\/strong> e outros p\u00e1rocos, se organizaram para acompanhar os feridos nos hospitais, acolher as fam\u00edlias que procuravam seus familiares, sepultar os mortos&#8230;  Depois, junto com seus paroquianos, improvisaram um refeit\u00f3rio para dar o que comer aos muitos que haviam ficado sem \u00e1gua e luz por muitos dias, para levar comida aos m\u00e9dicos e funcion\u00e1rios p\u00fablicos que trabalhavam nos socorros; organizaram as ajudas que chegavam para distribu\u00ed-las \u00e0s pessoas atingidas, e tamb\u00e9m m\u00e1scaras para protegerem-se do forte odor.  \u00abDaquilo que contavam parecia-nos perceber uma presen\u00e7a \u201cmariana\u201d, silenciosa, mas concreta, que chegou \u2013 atrav\u00e9s deles \u2013 a suprir as muitas necessidades produzidas pela trag\u00e9dia\u00bb.  <strong><a href=\"https:\/\/www.focolare.org\/wp-content\/uploads\/2017\/05\/20170525-02.jpg\"><img loading=\"lazy\" decoding=\"async\" class=\"alignright wp-image-152257\" src=\"https:\/\/www.focolare.org\/wp-content\/uploads\/2017\/05\/20170525-02.jpg\" alt=\"20170525-02\" width=\"368\" height=\"212\" \/><\/a>\u00abQuisemos meditar juntos sobre o tema que estamos vivendo em todo o Movimento<\/strong>, e que nos pareceu muito adequado \u00e0 situa\u00e7\u00e3o que encontramos: <a href=\"https:\/\/www.focolare.org\/pt\/chiara-lubich\/spiritualita-dellunita\/gesu-abbandonato\/\" target=\"_blank\" rel=\"noopener\">Jesus abandonado<\/a>\u00bb. Espontaneamente iniciou uma partilha e cada um procurou olhar ao sofrimento vivido descobrindo o semblante da dor infinita experimentada por Jesus sobre a cruz, na qual encontra-se o sentido para tanto sofrimento. \u00abHavia quem afirmava que \u00e0s vezes \u00e9 mais f\u00e1cil descobrir o rosto do abandono de Jesus nas grandes trag\u00e9dias, mais do que nos sofrimentos do cotidiano. Outros repetiam o empenho de permanecer sempre no radicalismo e na fidelidade da escolha de Deus-Amor\u00bb.  Um dos p\u00e1rocos disse que aquelas horas passadas juntos \u201cforam como um o\u00e1sis\u201d, que conseguiram tir\u00e1-lo deste pesadelo. \u00abEm seguida, junto com padre Oscar, passamos pelos locais por onde a avalanche passou: um panorama de total destrui\u00e7\u00e3o e morte; alguns bairros totalmente cancelados pela lama, outros que se tornaram como cemit\u00e9rios, com as casas esmagadas por enormes blocos, com \u00e1rvores desenraizadas e destro\u00e7os por todo lado\u00bb. <strong>Neste inferno, o amor, as ora\u00e7\u00f5es e as ajudas de todos chegaram at\u00e9 Mocoa e deram um pouco de al\u00edvio \u00e0s v\u00edtimas dessa trag\u00e9dia.<\/strong>  <strong>A viagem incluiu a cidade de Neiva<\/strong>, sempre no sul da Col\u00f4mbia. \u00abQuer\u00edamos encontrar a nossa comunidade local e, com eles, <strong>preparar a pr\u00f3xima Mari\u00e1polis<\/strong> que se realizar\u00e1 em julho, em um parque arqueol\u00f3gico aonde restam, ainda intactos, os vest\u00edgios de uma das mais antigas culturas primitivas da Col\u00f4mbia\u00bb. Do passado ancestral e do sofrimento das trag\u00e9dias naturais, os Focolares na Col\u00f4mbia se projetam rumo ao futuro.  Leia tamb\u00e9m: <a href=\"https:\/\/www.focolare.org\/pt\/news\/2017\/04\/06\/notizie-dalla-colombia\/\" target=\"_blank\" rel=\"noopener\">Not\u00edcias da Col\u00f4mbia<\/a><\/p>\n","protected":false},"excerpt":{"rendered":"<p>Localizada 500 km ao sul de Bogot\u00e1, a cidade foi arrasada por fortes inunda\u00e7\u00f5es em abril passado. Duas focolarinas contam sobre a visita feita \u00e0s comunidade atingidas. Da lama e da dor renasce a vida.<\/p>\n","protected":false},"author":34,"featured_media":0,"comment_status":"open","ping_status":"open","sticky":false,"template":"","format":"standard","meta":{"give_campaign_id":0,"_seopress_robots_primary_cat":"","_seopress_titles_title":"","_seopress_titles_desc":"","_seopress_robots_index":"","_et_pb_use_builder":"","_et_pb_old_content":"","_et_gb_content_width":"","footnotes":""},"categories":[909],"tags":[],"class_list":["post-335436","post","type-post","status-publish","format-standard","hentry","category-focolare-worldwide-2-4"],"_links":{"self":[{"href":"https:\/\/www.focolare.org\/pt-pt\/wp-json\/wp\/v2\/posts\/335436","targetHints":{"allow":["GET"]}}],"collection":[{"href":"https:\/\/www.focolare.org\/pt-pt\/wp-json\/wp\/v2\/posts"}],"about":[{"href":"https:\/\/www.focolare.org\/pt-pt\/wp-json\/wp\/v2\/types\/post"}],"author":[{"embeddable":true,"href":"https:\/\/www.focolare.org\/pt-pt\/wp-json\/wp\/v2\/users\/34"}],"replies":[{"embeddable":true,"href":"https:\/\/www.focolare.org\/pt-pt\/wp-json\/wp\/v2\/comments?post=335436"}],"version-history":[{"count":0,"href":"https:\/\/www.focolare.org\/pt-pt\/wp-json\/wp\/v2\/posts\/335436\/revisions"}],"wp:attachment":[{"href":"https:\/\/www.focolare.org\/pt-pt\/wp-json\/wp\/v2\/media?parent=335436"}],"wp:term":[{"taxonomy":"category","embeddable":true,"href":"https:\/\/www.focolare.org\/pt-pt\/wp-json\/wp\/v2\/categories?post=335436"},{"taxonomy":"post_tag","embeddable":true,"href":"https:\/\/www.focolare.org\/pt-pt\/wp-json\/wp\/v2\/tags?post=335436"}],"curies":[{"name":"wp","href":"https:\/\/api.w.org\/{rel}","templated":true}]}}