{"id":335464,"date":"2017-06-01T01:10:54","date_gmt":"2017-05-31T23:10:54","guid":{"rendered":"https:\/\/www.focolare.org\/dia-internacional-da-crianca\/"},"modified":"2024-05-16T15:31:21","modified_gmt":"2024-05-16T13:31:21","slug":"dia-internacional-da-crianca","status":"publish","type":"post","link":"https:\/\/www.focolare.org\/pt-pt\/dia-internacional-da-crianca\/","title":{"rendered":"Dia Internacional da Crian\u00e7a"},"content":{"rendered":"<p>Em muitos pa\u00edses do mundo celebra-se, em 1\u00ba de junho, o Dia Internacional da Crian\u00e7a, institu\u00eddo em 1925, durante a \u201cConfer\u00eancia Mundial sobre o Bem-estar das Crian\u00e7as\u201d de Genebra (Su\u00ed\u00e7a), para acender os refletores sobre muitas viol\u00eancias sofridas cotidianamente pela inf\u00e2ncia. Uma ocasi\u00e3o para refletir sobre a condi\u00e7\u00e3o das crian\u00e7as, com excessiva frequ\u00eancia v\u00edtimas de guerras, viol\u00eancia, abusos, aproveitamento, discrimina\u00e7\u00e3o por causa do credo religioso, pela sua perten\u00e7a \u00e9tnica ou por situa\u00e7\u00e3o de desabilidade. Mas tamb\u00e9m para chamar o mundo adulto \u2013 fam\u00edlia, escola, sociedade e institui\u00e7\u00f5es \u2013 a um empenho preciso de prote\u00e7\u00e3o e para contribuir na constru\u00e7\u00e3o de uma sociedade mais justa, atenta, respeitosa da dignidade e dos direitos da inf\u00e2ncia.<\/p>\n","protected":false},"excerpt":{"rendered":"<p>Em muitos pa\u00edses do mundo celebra-se, em 1\u00ba de junho, o Dia Internacional da Crian\u00e7a, institu\u00eddo em 1925, durante a \u201cConfer\u00eancia Mundial sobre o Bem-estar das Crian\u00e7as\u201d de Genebra (Su\u00ed\u00e7a), para acender os refletores sobre muitas viol\u00eancias sofridas cotidianamente pela inf\u00e2ncia. Uma ocasi\u00e3o para refletir sobre a condi\u00e7\u00e3o das crian\u00e7as, com excessiva frequ\u00eancia v\u00edtimas de [&hellip;]<\/p>\n","protected":false},"author":34,"featured_media":0,"comment_status":"open","ping_status":"open","sticky":false,"template":"","format":"standard","meta":{"give_campaign_id":0,"_seopress_robots_primary_cat":"","_seopress_titles_title":"","_seopress_titles_desc":"","_seopress_robots_index":"","_et_pb_use_builder":"","_et_pb_old_content":"","_et_gb_content_width":"","footnotes":""},"categories":[129],"tags":[],"class_list":["post-335464","post","type-post","status-publish","format-standard","hentry","category-sem-categoria"],"_links":{"self":[{"href":"https:\/\/www.focolare.org\/pt-pt\/wp-json\/wp\/v2\/posts\/335464","targetHints":{"allow":["GET"]}}],"collection":[{"href":"https:\/\/www.focolare.org\/pt-pt\/wp-json\/wp\/v2\/posts"}],"about":[{"href":"https:\/\/www.focolare.org\/pt-pt\/wp-json\/wp\/v2\/types\/post"}],"author":[{"embeddable":true,"href":"https:\/\/www.focolare.org\/pt-pt\/wp-json\/wp\/v2\/users\/34"}],"replies":[{"embeddable":true,"href":"https:\/\/www.focolare.org\/pt-pt\/wp-json\/wp\/v2\/comments?post=335464"}],"version-history":[{"count":0,"href":"https:\/\/www.focolare.org\/pt-pt\/wp-json\/wp\/v2\/posts\/335464\/revisions"}],"wp:attachment":[{"href":"https:\/\/www.focolare.org\/pt-pt\/wp-json\/wp\/v2\/media?parent=335464"}],"wp:term":[{"taxonomy":"category","embeddable":true,"href":"https:\/\/www.focolare.org\/pt-pt\/wp-json\/wp\/v2\/categories?post=335464"},{"taxonomy":"post_tag","embeddable":true,"href":"https:\/\/www.focolare.org\/pt-pt\/wp-json\/wp\/v2\/tags?post=335464"}],"curies":[{"name":"wp","href":"https:\/\/api.w.org\/{rel}","templated":true}]}}