{"id":335488,"date":"2017-06-12T01:02:22","date_gmt":"2017-06-11T23:02:22","guid":{"rendered":"https:\/\/www.focolare.org\/servia-o-esporte-movimenta-tambem-as-ideias\/"},"modified":"2024-05-16T15:31:28","modified_gmt":"2024-05-16T13:31:28","slug":"servia-o-esporte-movimenta-tambem-as-ideias","status":"publish","type":"post","link":"https:\/\/www.focolare.org\/pt-pt\/servia-o-esporte-movimenta-tambem-as-ideias\/","title":{"rendered":"S\u00e9rvia: o esporte movimenta tamb\u00e9m as ideias"},"content":{"rendered":"<p><strong><img loading=\"lazy\" decoding=\"async\" class=\"alignleft wp-image-153177\" src=\"https:\/\/www.focolare.org\/wp-content\/uploads\/2017\/06\/11.jpg\" alt=\"11\" width=\"300\" height=\"225\" \/> Belgrado<\/strong> (a \u201ccidade branca\u201d), na S\u00e9rvia central, \u00e9 uma das cidades mais antigas da Europa, na conflu\u00eancia dos rios Sava e Dan\u00fabio. \u201cPorta dos Balc\u00e3s\u201d ou \u201cPorta da Europa\u201d, assim definida pela sua posi\u00e7\u00e3o, no limite entre Oriente e Ocidente da Europa, renascida ap\u00f3s um passado recente de guerras, \u00e9 hoje uma capital de vanguarda, aonde circulam novas ideias, fermento e vitalidade nos campos da arte, da economia, da arquitetura. E do esporte.  <strong>Por ocasi\u00e3o do vig\u00e9simo anivers\u00e1rio da sua funda\u00e7\u00e3o<\/strong>, o <em>College of Sport and Health<\/em>, instituto de forma\u00e7\u00e3o, com 600 alunos, organizou, dias 12 e 13 de maio passado, uma confer\u00eancia internacional com o t\u00edtulo \u201cEsporte, lazer e sa\u00fade\u201d. Entre os h\u00f3spedes, a convite do prof. <strong>Alexander Ivanovski<\/strong>, estava tamb\u00e9m <a href=\"http:\/\/www.sportmeet.org\" target=\"_blank\" rel=\"noopener\">Sportmeet<\/a>, express\u00e3o no mundo do esporte daquela renova\u00e7\u00e3o social e espiritual que teve origem na experi\u00eancia dos <a href=\"https:\/\/www.focolare.org\/pt\/chi-siamo\/\" target=\"_blank\" rel=\"noopener\">Focolares<\/a>: uma rede mundial de atletas, amadores e n\u00e3o, professores, instrutores, jornalistas, administradores e operadores do com\u00e9rcio no setor esportivo, que vivem o esporte como realidade positiva de confronto e interc\u00e2mbio, como ocasi\u00e3o para mover m\u00fasculos e tend\u00f5es, mas tamb\u00e9m ideias de fraternidade universal e inclus\u00e3o. \u201cO esporte move pessoas e move ideias\u201d, era o t\u00edtulo da palestra de<strong> Paolo Cipolli, presidente de Sportmeet<\/strong>, presente na confer\u00eancia juntamente com uma delega\u00e7\u00e3o da S\u00e9rvia e da Cro\u00e1cia.  <strong>O \u201cfen\u00f4meno esporte\u201d \u00e9 uma das realidades mais complexas<\/strong>, interessantes e convincentes do nosso tempo. Oitocentos milh\u00f5es de praticantes, cinco milh\u00f5es de sociedades esportivas, 20 federa\u00e7\u00f5es nacionais associadas ao Comit\u00ea Ol\u00edmpico Internacional, 208 \u00e0 FIFA.  <strong><img loading=\"lazy\" decoding=\"async\" class=\"alignright wp-image-153178\" src=\"https:\/\/www.focolare.org\/wp-content\/uploads\/2017\/06\/20170610-01.jpg\" alt=\"20170610-01\" width=\"300\" height=\"201\" \/>Se se considera que \u201capenas\u201d 192 na\u00e7\u00f5es aderem \u00e0s Na\u00e7\u00f5es Unidas<\/strong>, entende-se a sua dimens\u00e3o e a sua onipresen\u00e7a, como uma esp\u00e9cie de novo poder planet\u00e1rio ou, segundo alguns, de \u201cnova religi\u00e3o\u201d. Terra de inesgot\u00e1veis interesses econ\u00f4micos, infelizmente inclusive criminosos, o esporte pode se tornar, em dire\u00e7\u00e3o contr\u00e1ria, uma verdadeira \u201cacademia\u201d de fraternidade, unidade e integra\u00e7\u00e3o. Uma \u201clinguagem de gestos\u201d universal que abate barreiras, obst\u00e1culos, diversidades.  <strong>Em Belgrado foi mostrada esta face limpa do esporte.<\/strong> Das numerosas palestras, sobre os v\u00e1rios aspectos ligados \u00e0 fun\u00e7\u00e3o e ao potencial do esporte na promo\u00e7\u00e3o da sa\u00fade, com especialistas e docentes provenientes da Eslov\u00eania, Cro\u00e1cia, Maced\u00f4nia e Bulg\u00e1ria, emergiu uma considera\u00e7\u00e3o comum: a necessidade de definir novas pol\u00edticas para uma plena valoriza\u00e7\u00e3o do esporte voltado a um correto estilo de vida e de todas as poss\u00edveis formas de integra\u00e7\u00e3o, especialmente entre os jovens. A confer\u00eancia foi ocasi\u00e3o para estabelecer novas rela\u00e7\u00f5es e um memorando de acordo em vista de futuras colabora\u00e7\u00f5es, valorizando experi\u00eancias significativas j\u00e1 atuantes, como o uso dos jogos em algumas casas de acolhida para adolescentes.  Ap\u00f3s Belgrado, Sportmeet mira \u00e0 pr\u00f3xima etapa. Na Espanha, de 13 a 16 de julho, se falar\u00e1 de<strong> inclus\u00e3o social, educa\u00e7\u00e3o esportiva, integra\u00e7\u00e3o de pessoas diversamente h\u00e1beis<\/strong>, e sobre o relacionamento entre as gera\u00e7\u00f5es. Quatro dias de confronto entre testemunhas e operadores do esporte, a partir do Simp\u00f3sio internacional de Barcelona (no Palau Robert, dia 13 de julho), promovido em colabora\u00e7\u00e3o com outros parceiros locais, entre estes a Universidade Aut\u00f4noma de Barcelona, para prosseguir, em seguida, com a Escola de Ver\u00e3o de Castel D\u2019Aro, a cerca de 100 km da capital catal\u00e3, com uma rica programa\u00e7\u00e3o de sensibiliza\u00e7\u00e3o ao esporte inclusivo e \u00e0s boas pr\u00e1ticas.  <strong>Com o sonho de que \u201cesporte\u201d se torne de verdade, em todos os n\u00edveis, sin\u00f4nimo de \u201cencontro\u201d.<\/strong><\/p>\n","protected":false},"excerpt":{"rendered":"<p>Desabilidade, educa\u00e7\u00e3o, inclus\u00e3o social: os grandes desafios de Sportmeet. O esporte vivido como oportunidade, como sin\u00f4nimo de encontro.<\/p>\n","protected":false},"author":34,"featured_media":0,"comment_status":"open","ping_status":"open","sticky":false,"template":"","format":"standard","meta":{"give_campaign_id":0,"_seopress_robots_primary_cat":"","_seopress_titles_title":"","_seopress_titles_desc":"","_seopress_robots_index":"","_et_pb_use_builder":"","_et_pb_old_content":"","_et_gb_content_width":"","footnotes":""},"categories":[129],"tags":[],"class_list":["post-335488","post","type-post","status-publish","format-standard","hentry","category-sem-categoria"],"_links":{"self":[{"href":"https:\/\/www.focolare.org\/pt-pt\/wp-json\/wp\/v2\/posts\/335488","targetHints":{"allow":["GET"]}}],"collection":[{"href":"https:\/\/www.focolare.org\/pt-pt\/wp-json\/wp\/v2\/posts"}],"about":[{"href":"https:\/\/www.focolare.org\/pt-pt\/wp-json\/wp\/v2\/types\/post"}],"author":[{"embeddable":true,"href":"https:\/\/www.focolare.org\/pt-pt\/wp-json\/wp\/v2\/users\/34"}],"replies":[{"embeddable":true,"href":"https:\/\/www.focolare.org\/pt-pt\/wp-json\/wp\/v2\/comments?post=335488"}],"version-history":[{"count":0,"href":"https:\/\/www.focolare.org\/pt-pt\/wp-json\/wp\/v2\/posts\/335488\/revisions"}],"wp:attachment":[{"href":"https:\/\/www.focolare.org\/pt-pt\/wp-json\/wp\/v2\/media?parent=335488"}],"wp:term":[{"taxonomy":"category","embeddable":true,"href":"https:\/\/www.focolare.org\/pt-pt\/wp-json\/wp\/v2\/categories?post=335488"},{"taxonomy":"post_tag","embeddable":true,"href":"https:\/\/www.focolare.org\/pt-pt\/wp-json\/wp\/v2\/tags?post=335488"}],"curies":[{"name":"wp","href":"https:\/\/api.w.org\/{rel}","templated":true}]}}