{"id":335490,"date":"2017-06-13T01:01:57","date_gmt":"2017-06-12T23:01:57","guid":{"rendered":"https:\/\/www.focolare.org\/dia-mundial-do-doador-de-sangue\/"},"modified":"2024-05-16T15:31:29","modified_gmt":"2024-05-16T13:31:29","slug":"dia-mundial-do-doador-de-sangue","status":"publish","type":"post","link":"https:\/\/www.focolare.org\/pt-pt\/dia-mundial-do-doador-de-sangue\/","title":{"rendered":"Dia Mundial do Doador de Sangue"},"content":{"rendered":"<p><em>O que voc\u00ea pode fazer? Doe sangue. Doe agora. Doe regularmente<\/em>. Este \u00e9 o convite escolhido pela Organiza\u00e7\u00e3o Mundial de Sa\u00fade para celebrar o dia 14 de junho, Dia Mundial do Doador de Sangue 2017. Alguns objetivos da campanha: encorajar todos os cidad\u00e3os a refor\u00e7ar a efici\u00eancia dos servi\u00e7os de sa\u00fade; envolver as autoridades na cria\u00e7\u00e3o de programas nacionais para responder ao aumento da demanda; favorecer a inclus\u00e3o dos servi\u00e7os de transfus\u00e3o nas situa\u00e7\u00f5es de emerg\u00eancia; garantir o abastecimento e alcan\u00e7ar a autossufici\u00eancia nacional; agradecer \u00e0s pessoas que doam sangue regularmente; promover a coopera\u00e7\u00e3o internacional para garantir a doa\u00e7\u00e3o volunt\u00e1ria, aumentando a seguran\u00e7a e a disponibilidade de sangue.<\/p>\n","protected":false},"excerpt":{"rendered":"<p>O que voc\u00ea pode fazer? Doe sangue. Doe agora. Doe regularmente. Este \u00e9 o convite escolhido pela Organiza\u00e7\u00e3o Mundial de Sa\u00fade para celebrar o dia 14 de junho, Dia Mundial do Doador de Sangue 2017. Alguns objetivos da campanha: encorajar todos os cidad\u00e3os a refor\u00e7ar a efici\u00eancia dos servi\u00e7os de sa\u00fade; envolver as autoridades na [&hellip;]<\/p>\n","protected":false},"author":34,"featured_media":0,"comment_status":"open","ping_status":"open","sticky":false,"template":"","format":"standard","meta":{"give_campaign_id":0,"_seopress_robots_primary_cat":"","_seopress_titles_title":"","_seopress_titles_desc":"","_seopress_robots_index":"","_et_pb_use_builder":"","_et_pb_old_content":"","_et_gb_content_width":"","footnotes":""},"categories":[129],"tags":[],"class_list":["post-335490","post","type-post","status-publish","format-standard","hentry","category-sem-categoria"],"_links":{"self":[{"href":"https:\/\/www.focolare.org\/pt-pt\/wp-json\/wp\/v2\/posts\/335490","targetHints":{"allow":["GET"]}}],"collection":[{"href":"https:\/\/www.focolare.org\/pt-pt\/wp-json\/wp\/v2\/posts"}],"about":[{"href":"https:\/\/www.focolare.org\/pt-pt\/wp-json\/wp\/v2\/types\/post"}],"author":[{"embeddable":true,"href":"https:\/\/www.focolare.org\/pt-pt\/wp-json\/wp\/v2\/users\/34"}],"replies":[{"embeddable":true,"href":"https:\/\/www.focolare.org\/pt-pt\/wp-json\/wp\/v2\/comments?post=335490"}],"version-history":[{"count":0,"href":"https:\/\/www.focolare.org\/pt-pt\/wp-json\/wp\/v2\/posts\/335490\/revisions"}],"wp:attachment":[{"href":"https:\/\/www.focolare.org\/pt-pt\/wp-json\/wp\/v2\/media?parent=335490"}],"wp:term":[{"taxonomy":"category","embeddable":true,"href":"https:\/\/www.focolare.org\/pt-pt\/wp-json\/wp\/v2\/categories?post=335490"},{"taxonomy":"post_tag","embeddable":true,"href":"https:\/\/www.focolare.org\/pt-pt\/wp-json\/wp\/v2\/tags?post=335490"}],"curies":[{"name":"wp","href":"https:\/\/api.w.org\/{rel}","templated":true}]}}