{"id":335550,"date":"2017-06-30T00:10:28","date_gmt":"2017-06-29T22:10:28","guid":{"rendered":"https:\/\/www.focolare.org\/maria-voce-o-ecumenismo-serve-para-realizar-a-paz-2\/"},"modified":"2024-05-16T15:31:42","modified_gmt":"2024-05-16T13:31:42","slug":"maria-voce-o-ecumenismo-serve-para-realizar-a-paz-2","status":"publish","type":"post","link":"https:\/\/www.focolare.org\/pt-pt\/maria-voce-o-ecumenismo-serve-para-realizar-a-paz-2\/","title":{"rendered":"Maria Voce: \u201co ecumenismo serve para realizar a paz\u201d\/2"},"content":{"rendered":"<p><strong><a href=\"https:\/\/www.focolare.org\/wp-content\/uploads\/2017\/06\/20170511-090722-03.jpg\"><img loading=\"lazy\" decoding=\"async\" class=\"alignleft wp-image-154233\" src=\"https:\/\/www.focolare.org\/wp-content\/uploads\/2017\/06\/20170511-090722-03.jpg\" alt=\"59\u00b0 SETTIMANA ECUMENICA - \u201cCAMMINADO INSIEME. CRISTIANI SULLA VIA VERSO L'UNITA'&quot;\" width=\"368\" height=\"245\" \/><\/a>Guerras, amea\u00e7as nucleares, terrorismo. Os desafios s\u00e3o muitos. A senhora disse que o\u00a0 ecumenismo \u00e9 importante para a paz. Pode nos explicar por que e como?<\/strong> &#8220;O ecumenismo \u00e9 importante para a paz porque o ecumenismo \u00e9 unidade. A unidade \u00e9 a paz. A unidade \u00e9 ser um s\u00f3 cora\u00e7\u00e3o e uma s\u00f3 alma. \u00c9 amar-se. \u00c9 compartilhar os bens, as dores, as alegrias. E \u00e9 isso que traz a paz. O que \u00e9 a paz? A paz n\u00e3o \u00e9 a aus\u00eancia de bombardeios. N\u00e3o \u00e9 um compromisso que se assina. A paz n\u00e3o \u00e9 isso. A paz \u00e9 a unidade dos cora\u00e7\u00f5es. O ecumenismo serve\u00a0 para construir e ampliar a unidade dos cora\u00e7\u00f5es, e, portanto, serve muito para a realiza\u00e7\u00e3o da paz. Se os crist\u00e3os se apresentarem unidos, sem d\u00favida incidir\u00e3o muito mais. E juntos realizar\u00e3o\u00a0 tamb\u00e9m projetos de paz, sobretudo onde a paz \u00e9 constantemente amea\u00e7ada. Contribuir\u00e3o para a\u00a0 implementa\u00e7\u00e3o da partilha dos bens no mundo, para ajudar aqueles que fogem de pa\u00edses devastados pela guerra em busca de uma vida melhor, para o acolhimento. Mas ajudar\u00e3o, se estiverem unidos. E se estiverem unidos, poder\u00e3o contribuir para que sejam dados os passos necess\u00e1rios para que a paz possa se realizar.&#8221;  <strong>Que contribui\u00e7\u00e3o o Papa Francisco est\u00e1 dando para o movimento ecum\u00eanico e que tipo de estilo est\u00e1 comunicando \u00e0s Igrejas?<\/strong> &#8220;Percebi a sua contribui\u00e7\u00e3o j\u00e1 no primeiro momento em que ele apareceu na janela quando se apresentou ao mundo como bispo de Roma. Essa foi a primeira contribui\u00e7\u00e3o do Papa para o caminho ecum\u00eanico das Igrejas. \u00c9 uma contribui\u00e7\u00e3o que est\u00e1 acontecendo, tamb\u00e9m pela sua constante ansiedade de reforma das Igrejas e da Igreja em dire\u00e7\u00e3o a uma maior colegialidade e participa\u00e7\u00e3o, tanto dos pastores como dos fi\u00e9is, e de uma maior humildade m\u00fatua e reconhecimento dos erros cometidos. \u00c9 todo um processo que vai na dire\u00e7\u00e3o do caminho ecum\u00eanico.&#8221;  <strong><a href=\"https:\/\/www.focolare.org\/wp-content\/uploads\/2017\/06\/20170511-085625-02.jpg\"><img loading=\"lazy\" decoding=\"async\" class=\"alignright wp-image-154234\" src=\"https:\/\/www.focolare.org\/wp-content\/uploads\/2017\/06\/20170511-085625-02.jpg\" alt=\"59\u00b0 SETTIMANA ECUMENICA - \u201cCAMMINADO INSIEME. CRISTIANI SULLA VIA VERSO L'UNITA'&quot;\" width=\"368\" height=\"245\" \/><\/a>Os participantes da <\/strong><a href=\"https:\/\/www.focolare.org\/pt\/news\/2017\/05\/26\/settimana-ecumenica-camminando-insieme\/\" target=\"_blank\" rel=\"noopener\">Semana ecum\u00eanica de 2017<\/a><strong> estiveram presentes na audi\u00eancia geral onde o\u00a0 papa Francisco falou de Maria como m\u00e3e que permaneceu ao lado do filho at\u00e9 o momento da sua paix\u00e3o. Maria \u00e9 modelo do caminho ecum\u00eanico?<\/strong> &#8220;Diria que sim. Porque Maria \u00e9 m\u00e3e, \u00e9 m\u00e3e de Deus e m\u00e3e de Jesus e, portanto, m\u00e3e de todos os homens. E, certamente, uma m\u00e3e quer ver os seus filhos unidos. Tenta fazer de tudo para que os filhos se reencontrem, para que reconhe\u00e7am que Deus veio \u00e0 terra e tornou-se homem por eles. Ele quer que se amem uns aos outros, que n\u00e3o briguem, que n\u00e3o discutam com rancor, um contra o outro, mas que sempre busquem novas maneiras para se entenderem. Maria nos ajuda nisso. Acredito tamb\u00e9m que Maria nos ajuda precisamente no seu estar sob a cruz. Com a sua desola\u00e7\u00e3o. Parece-me que ali ela mesma perde o seu maior tesouro, e nos ensina a saber perder alguma coisa, inclusive a riqueza que cada Igreja possui, mas que \u00e9 chamada a restabelecer com a riqueza dos outros. Se Maria conseguiu perder o pr\u00f3prio filho, tamb\u00e9m n\u00f3s podemos perder alguma ideia, alguma lembran\u00e7a, alguma ferida que trazemos dentro de n\u00f3s, algum preconceito, para sermos construtores de unidade.&#8221;  <a href=\"https:\/\/www.focolare.org\/pt\/news\/2014\/09\/15\/maria-voce\/\" target=\"_blank\" rel=\"noopener\">Maria Voce<\/a>  De <a href=\"https:\/\/agensir.it\/author\/m-biagioni\/\" target=\"_blank\" rel=\"noopener\">M. Chiara Biagioni<\/a> <strong>Fonte:<\/strong> <a href=\"https:\/\/agensir.it\/chiesa\/2017\/05\/13\/focolari-maria-voce-lecumenismo-serve-alla-pace-perche-la-pace-e-unita-dei-cuori\/\" target=\"_blank\" rel=\"noopener\">SIR<\/a>  Leia a primeira parte  &nbsp;<\/p>\n","protected":false},"excerpt":{"rendered":"<p>Entrevista de Maria Voce, presidente do Movimento dos Focolares, concedida ao SIR, na imin\u00eancia da 59\u00aa Semana ecum\u00eanica (Castel Gandolfo, 9-13 de maio de 2017). Segunda parte.<\/p>\n","protected":false},"author":34,"featured_media":0,"comment_status":"open","ping_status":"open","sticky":false,"template":"","format":"standard","meta":{"give_campaign_id":0,"_seopress_robots_primary_cat":"","_seopress_titles_title":"","_seopress_titles_desc":"","_seopress_robots_index":"","_et_pb_use_builder":"","_et_pb_old_content":"","_et_gb_content_width":"","footnotes":""},"categories":[129],"tags":[],"class_list":["post-335550","post","type-post","status-publish","format-standard","hentry","category-sem-categoria"],"_links":{"self":[{"href":"https:\/\/www.focolare.org\/pt-pt\/wp-json\/wp\/v2\/posts\/335550","targetHints":{"allow":["GET"]}}],"collection":[{"href":"https:\/\/www.focolare.org\/pt-pt\/wp-json\/wp\/v2\/posts"}],"about":[{"href":"https:\/\/www.focolare.org\/pt-pt\/wp-json\/wp\/v2\/types\/post"}],"author":[{"embeddable":true,"href":"https:\/\/www.focolare.org\/pt-pt\/wp-json\/wp\/v2\/users\/34"}],"replies":[{"embeddable":true,"href":"https:\/\/www.focolare.org\/pt-pt\/wp-json\/wp\/v2\/comments?post=335550"}],"version-history":[{"count":0,"href":"https:\/\/www.focolare.org\/pt-pt\/wp-json\/wp\/v2\/posts\/335550\/revisions"}],"wp:attachment":[{"href":"https:\/\/www.focolare.org\/pt-pt\/wp-json\/wp\/v2\/media?parent=335550"}],"wp:term":[{"taxonomy":"category","embeddable":true,"href":"https:\/\/www.focolare.org\/pt-pt\/wp-json\/wp\/v2\/categories?post=335550"},{"taxonomy":"post_tag","embeddable":true,"href":"https:\/\/www.focolare.org\/pt-pt\/wp-json\/wp\/v2\/tags?post=335550"}],"curies":[{"name":"wp","href":"https:\/\/api.w.org\/{rel}","templated":true}]}}