{"id":335572,"date":"2017-07-12T00:10:57","date_gmt":"2017-07-11T22:10:57","guid":{"rendered":"https:\/\/www.focolare.org\/constantinopla-1967-2017-uma-heranca-de-ouro\/"},"modified":"2024-05-16T15:31:47","modified_gmt":"2024-05-16T13:31:47","slug":"constantinopla-1967-2017-uma-heranca-de-ouro","status":"publish","type":"post","link":"https:\/\/www.focolare.org\/pt-pt\/constantinopla-1967-2017-uma-heranca-de-ouro\/","title":{"rendered":"Constantinopla 1967 \u2013 2017: uma heran\u00e7a de ouro"},"content":{"rendered":"<p><strong><img loading=\"lazy\" decoding=\"async\" class=\"alignright wp-image-154406\" src=\"https:\/\/www.focolare.org\/wp-content\/uploads\/2017\/07\/Mariapoli-Istambul.jpg\" alt=\"Mariapoli Istambul\" width=\"402\" height=\"267\" \/>Verdadeiramente de ouro. J\u00e1 se passaram 50 anos daquele primeiro rec\u00f4ndito encontro,<\/strong> que teria produzido aberturas inimagin\u00e1veis entre o Patriarcado Ecum\u00eanico da Igreja Ortodoxa e o Movimento dos Focolares.  <strong>H\u00e1 poucas semanas, o Metropolita Gennadios Zervos, assim se exprimiu<\/strong>: \u201cAt\u00e9 hoje, aquele momento n\u00e3o foi adequadamente considerado em toda a sua grandeza\u201d (cfr.\u00a0<a href=\"https:\/\/www.focolare.org\/pt\/news\/2017\/06\/13\/quel-dialogo-voluto-da-dio\/\" target=\"_blank\" rel=\"noopener\">Aquele di\u00e1logo desejado por Deus<\/a>). Algo da for\u00e7a vital daquela semente podemos intuir se pensarmos no <strong>primeiro doutorado honoris causa em \u201cCultura da Unidade\u201d, conferido ao Patriarca Bartolomeu<\/strong> pelo <a href=\"http:\/\/www.iu-sophia.org\/\" target=\"_blank\" rel=\"noopener\">Instituto Universit\u00e1rio Sophia <\/a>(Loppiano, It\u00e1lia), em outubro passado. Nasceu dali o projeto, j\u00e1 realizado, de enriquecer a oferta formativa do Instituto com <strong>uma c\u00e1tedra permanente para o di\u00e1logo entre Igreja Ortodoxa e Igreja Cat\u00f3lica, dedicada ao Patriarca Aten\u00e1goras e a <a href=\"https:\/\/www.focolare.org\/pt\/chiara-lubich\/chi-e-chiara\/\" target=\"_blank\" rel=\"noopener\">Chiara Lubich<\/a><\/strong>.  <strong>No dia 13 de junho, data do anivers\u00e1rio, alguns de n\u00f3s fomos, espontaneamente, ao Fanar, a sede do Patriarcado<\/strong>. Diante do lindo \u00edcone de Maria, cantamos o Magnificat, como conclus\u00e3o da nossa ora\u00e7\u00e3o em a\u00e7\u00e3o de gra\u00e7as: \u201cGrande coisas fez o Onipotente, Santo \u00e9 o Seu Nome\u201d.  <strong>Mas de ouro foi ainda a celebra\u00e7\u00e3o foi feita aqui em Istambul, durante a <a href=\"https:\/\/www.focolare.org\/pt\/all-opera\/mariapoli\/\" target=\"_blank\" rel=\"noopener\">Mari\u00e1polis <\/a>local<\/strong>. Se, no ano passado, o <strong>Papa Francisco<\/strong> visitou uma Mari\u00e1polis, em Roma, este ano os participantes da Mari\u00e1polis de Istambul tiveram a surpresa, a alegria, a honra de serem h\u00f3spedes do Patriarca Bartolomeu. A Escola Teol\u00f3gica da ilha de Halki, com seu maravilhoso parque, foi a moldura de um dia extraordin\u00e1rio.  <strong><a href=\"https:\/\/www.focolare.org\/wp-content\/uploads\/2017\/07\/Instanbul-2.jpg\"><img loading=\"lazy\" decoding=\"async\" class=\"alignleft wp-image-154410\" src=\"https:\/\/www.focolare.org\/wp-content\/uploads\/2017\/07\/Instanbul-2.jpg\" alt=\"Instanbul 2\" width=\"403\" height=\"268\" \/><\/a>Domingo, 25 de junho, os 65 \u201cmariapolitas\u201d, de diferentes igrejas, nacionalidades e l\u00ednguas, subiram \u00e0 sala de audi\u00eancias onde o Patriarca Bartolomeu<\/strong> proferiu o seu discurso: \u00abFalamos agora de uma hist\u00f3ria que tem 50 anos, de um liame espiritual muito forte ente o Patriarcado Grego e o Movimento dos Focolares. E j\u00e1 podemos falar de uma tradi\u00e7\u00e3o porque o nosso predecessor, o Patriarca Dem\u00e9trio, continuou a rela\u00e7\u00e3o com Chiara e o Movimento. E n\u00f3s seguimos e levamos adiante esta tradi\u00e7\u00e3o por 26 anos. Estamos muito felizes e \u00e9 uma grande alegria para n\u00f3s que a maior parte dos anos dessa tradi\u00e7\u00e3o tenha transcorrido conosco\u00bb. N\u00e3o s\u00e3o uma novidade as manifesta\u00e7\u00f5es de afeto e estima do Patriarca, mas ele consegue sempre nos surpreender. A express\u00e3o de sua alegria n\u00e3o \u00e9 uma formalidade&#8230; ele \u00e9 orgulhoso pela sua parte de 26 anos em 50! E acrescenta: \u00abMas j\u00e1 antes de ser patriarca, no trabalho ao lado de meus predecessores, servi com amor a este relacionamento\u00bb. E continuou: \u00abVejo que o bom Deus vos aben\u00e7oou, porque o vosso n\u00famero e o vosso servi\u00e7o aumentaram, porque com o testamento de Chiara, que acolhestes, prestai servi\u00e7o a toda a humanidade, com o mesmo cora\u00e7\u00e3o puro, com a mesma f\u00e9 e o mesmo amor, com a mesma laboriosidade. [&#8230;] Como a ben\u00e7\u00e3o do Papa Francisco, assim a nossa ben\u00e7\u00e3o e a nossa ora\u00e7\u00e3o est\u00e3o sempre convosco, a fim de que semeeis as sementes da paz e do amor no cora\u00e7\u00e3o dos homens. Que Deus conduza sempre os vossos passos rumo \u00e0s boas obras\u00bb.  <strong><img loading=\"lazy\" decoding=\"async\" class=\"wp-image-154404 alignright\" src=\"https:\/\/www.focolare.org\/wp-content\/uploads\/2017\/07\/Foto-Nikos-Manghina.jpg\" alt=\"Foto Nikos Manghina\" width=\"313\" height=\"208\" \/>Ap\u00f3s o discurso, a entrega dos presentes, entre os quais uma foto emoldurada de Aten\u00e1goras e Chiara, durante um de seus encontros.<\/strong> E depois uma can\u00e7\u00e3o, \u201cAma e entender\u00e1s\u201d, em v\u00e1rias l\u00ednguas (inclusive em grego), que sabemos era muito apreciada pelo Patriarca Aten\u00e1goras, e que exprime a ess\u00eancia da Mari\u00e1polis: a luz que emana do amor vivido.  Na sala de jantar o Patriarca ofereceu a todos um delicioso almo\u00e7o, e a manh\u00e3 se concluiu com fotos oficiais, <em>selfies<\/em> e momentos de conversa do Patriarca com uma pessoa ou outra.  <strong>\u00c9 de ouro, enfim, a heran\u00e7a que nos deixam o Patriarca Aten\u00e1goras e Chiara, protagonistas e iniciadores do \u201cdi\u00e1logo da caridade\u201d<\/strong>, \u201cgrandes idealizadores do di\u00e1logo do povo (&#8230;) iniciadores de uma nova era ecum\u00eanica; ensinaram povos, transmitindo-lhes coragem, for\u00e7a, paci\u00eancia, fidelidade, disponibilidade, amor e unidade\u201d (Metropolita Gennadios Zervos).<\/p>\n","protected":false},"excerpt":{"rendered":"<p>Em Istambul, o 50\u00b0 anivers\u00e1rio do encontro entre o Patriarca Aten\u00e1goras e Chiara Lubich foi celebrado com o Patriarca Bartolomeu, durante a Mari\u00e1polis local.<\/p>\n","protected":false},"author":34,"featured_media":0,"comment_status":"open","ping_status":"open","sticky":false,"template":"","format":"standard","meta":{"give_campaign_id":0,"_seopress_robots_primary_cat":"","_seopress_titles_title":"","_seopress_titles_desc":"","_seopress_robots_index":"","_et_pb_use_builder":"","_et_pb_old_content":"","_et_gb_content_width":"","footnotes":""},"categories":[909,910],"tags":[],"class_list":["post-335572","post","type-post","status-publish","format-standard","hentry","category-focolare-worldwide-2-4","category-senza-categoria-2-4"],"_links":{"self":[{"href":"https:\/\/www.focolare.org\/pt-pt\/wp-json\/wp\/v2\/posts\/335572","targetHints":{"allow":["GET"]}}],"collection":[{"href":"https:\/\/www.focolare.org\/pt-pt\/wp-json\/wp\/v2\/posts"}],"about":[{"href":"https:\/\/www.focolare.org\/pt-pt\/wp-json\/wp\/v2\/types\/post"}],"author":[{"embeddable":true,"href":"https:\/\/www.focolare.org\/pt-pt\/wp-json\/wp\/v2\/users\/34"}],"replies":[{"embeddable":true,"href":"https:\/\/www.focolare.org\/pt-pt\/wp-json\/wp\/v2\/comments?post=335572"}],"version-history":[{"count":0,"href":"https:\/\/www.focolare.org\/pt-pt\/wp-json\/wp\/v2\/posts\/335572\/revisions"}],"wp:attachment":[{"href":"https:\/\/www.focolare.org\/pt-pt\/wp-json\/wp\/v2\/media?parent=335572"}],"wp:term":[{"taxonomy":"category","embeddable":true,"href":"https:\/\/www.focolare.org\/pt-pt\/wp-json\/wp\/v2\/categories?post=335572"},{"taxonomy":"post_tag","embeddable":true,"href":"https:\/\/www.focolare.org\/pt-pt\/wp-json\/wp\/v2\/tags?post=335572"}],"curies":[{"name":"wp","href":"https:\/\/api.w.org\/{rel}","templated":true}]}}