{"id":335618,"date":"2017-08-05T00:10:39","date_gmt":"2017-08-04T22:10:39","guid":{"rendered":"https:\/\/www.focolare.org\/o-esplendor-da-natureza-2\/"},"modified":"2024-05-16T15:32:02","modified_gmt":"2024-05-16T13:32:02","slug":"o-esplendor-da-natureza-2","status":"publish","type":"post","link":"https:\/\/www.focolare.org\/pt-pt\/o-esplendor-da-natureza-2\/","title":{"rendered":"O esplendor da natureza"},"content":{"rendered":"<p><strong><img loading=\"lazy\" decoding=\"async\" class=\"alignright wp-image-154440\" src=\"https:\/\/www.focolare.org\/wp-content\/uploads\/2017\/08\/Natura-1.jpg\" alt=\"Natura 1\" width=\"454\" height=\"303\" \/>\u00abContemplando a imensid\u00e3o do universo, a extraordin\u00e1ria beleza da natureza, a sua pot\u00eancia, pensei espontaneamente no Criador<\/strong> de tudo e compreendi numa forma nova a imensid\u00e3o de Deus. Esta impress\u00e3o foi t\u00e3o forte, t\u00e3o nova que num \u00edmpeto me ajoelharia para adorar, para louvar, para glorificar a Deus. Senti a necessidade de faz\u00ea-lo, como se essa fosse a minha voca\u00e7\u00e3o atual. E, como que se meus olhos se abrissem agora, compreendi como nunca quem \u00e9 Aquele a quem escolhemos por Ideal, ou melhor, Aquele que nos escolheu. Eu o descobri t\u00e3o grande, t\u00e3o imenso, a ponto de me parecer imposs\u00edvel que Ele tivesse pensado em n\u00f3s. Esta impress\u00e3o da sua grandeza permaneceu em meu cora\u00e7\u00e3o por alguns dias. Dizer agora \u00absantificado seja o vosso nome&#8230;\u00bb ou \u00abGl\u00f3ria ao Pai, ao Filho, e ao Esp\u00edrito Santo\u00bb \u00e9 muito diferente para mim: \u00e9 uma necessidade do cora\u00e7\u00e3o\u00bb. (Rocca di Papa, 22.1.87)  <strong>\u00ab[\u2026] contemplar, quem sabe, uma extens\u00e3o de mar sem fim, uma cadeia de montanhas alt\u00edssimas, uma geleira imponente ou uma ab\u00f3bada do c\u00e9u pontilhado de estrelas<\/strong>\u2026 Que impon\u00eancia! Que imensid\u00e3o! E, atrav\u00e9s do esplendor ofuscante da natureza, nos volt\u00e1ssemos para aquele que \u00e9 o seu autor: Deus, o Rei do universo, o Senhor das gal\u00e1xias, o Infinito. [\u2026] Deus est\u00e1 presente em toda parte: nos reflexos de um riacho, no desabrochar de uma flor, num alvorecer luminoso, num rubro ocaso, num pico de montanha coberto de neve&#8230; <strong>Nas nossas metr\u00f3poles de concreto, constru\u00eddas pela m\u00e3o do homem, em meio ao barulho do mundo onde raramente a natureza p\u00f4de se salvar<\/strong>. No entanto, se quisermos, basta um pedacinho de c\u00e9u azul percebido entre os arranha-c\u00e9us, para nos recordar Deus, basta um raio de sol, que n\u00e3o deixa de penetrar nem mesmo entre as grades de uma pris\u00e3o. Basta uma flor, um prado, o semblante de uma crian\u00e7a&#8230;  [\u2026] Isto nos ajudar\u00e1 a voltar revigorados para o conv\u00edvio humano, onde \u00e9 o nosso lugar, revigorados, assim como, certamente, era Jesus quando, ap\u00f3s ter rezado ao Pai a noite inteira sobre o monte, sob o c\u00e9u estrelado, retornava em meio aos homens para realizar o bem\u00bb. (Mollens, 22.9.88)  &nbsp;  De <a href=\"https:\/\/www.focolare.org\/pt\/chiara-lubich\/chi-e-chiara\/\">Chiara Lubich<\/a> \u2013 \u201cBuscar as coisas do alto\u201d \u2013 <a href=\"https:\/\/www.cidadenova.org.br\/\" target=\"_blank\" rel=\"noopener\">Cidade Nova<\/a>, S\u00e3o Paulo,1993 p\u00e1g. 11 e 115<\/p>\n","protected":false},"excerpt":{"rendered":"<p>No hemisf\u00e9rio norte teve in\u00edcio o per\u00edodo das f\u00e9rias. Alguns pensamentos de Chiara Lubich nos ajudam a descobrir a marca de Deus na Cria\u00e7\u00e3o.<\/p>\n","protected":false},"author":34,"featured_media":0,"comment_status":"open","ping_status":"open","sticky":false,"template":"","format":"standard","meta":{"give_campaign_id":0,"_seopress_robots_primary_cat":"","_seopress_titles_title":"","_seopress_titles_desc":"","_seopress_robots_index":"","_et_pb_use_builder":"","_et_pb_old_content":"","_et_gb_content_width":"","footnotes":""},"categories":[129],"tags":[],"class_list":["post-335618","post","type-post","status-publish","format-standard","hentry","category-sem-categoria"],"_links":{"self":[{"href":"https:\/\/www.focolare.org\/pt-pt\/wp-json\/wp\/v2\/posts\/335618","targetHints":{"allow":["GET"]}}],"collection":[{"href":"https:\/\/www.focolare.org\/pt-pt\/wp-json\/wp\/v2\/posts"}],"about":[{"href":"https:\/\/www.focolare.org\/pt-pt\/wp-json\/wp\/v2\/types\/post"}],"author":[{"embeddable":true,"href":"https:\/\/www.focolare.org\/pt-pt\/wp-json\/wp\/v2\/users\/34"}],"replies":[{"embeddable":true,"href":"https:\/\/www.focolare.org\/pt-pt\/wp-json\/wp\/v2\/comments?post=335618"}],"version-history":[{"count":0,"href":"https:\/\/www.focolare.org\/pt-pt\/wp-json\/wp\/v2\/posts\/335618\/revisions"}],"wp:attachment":[{"href":"https:\/\/www.focolare.org\/pt-pt\/wp-json\/wp\/v2\/media?parent=335618"}],"wp:term":[{"taxonomy":"category","embeddable":true,"href":"https:\/\/www.focolare.org\/pt-pt\/wp-json\/wp\/v2\/categories?post=335618"},{"taxonomy":"post_tag","embeddable":true,"href":"https:\/\/www.focolare.org\/pt-pt\/wp-json\/wp\/v2\/tags?post=335618"}],"curies":[{"name":"wp","href":"https:\/\/api.w.org\/{rel}","templated":true}]}}