{"id":335626,"date":"2017-08-10T00:10:21","date_gmt":"2017-08-09T22:10:21","guid":{"rendered":"https:\/\/www.focolare.org\/filipinas-uma-pequena-cidade-chamada-paz\/"},"modified":"2024-05-16T15:32:03","modified_gmt":"2024-05-16T13:32:03","slug":"filipinas-uma-pequena-cidade-chamada-paz","status":"publish","type":"post","link":"https:\/\/www.focolare.org\/pt-pt\/filipinas-uma-pequena-cidade-chamada-paz\/","title":{"rendered":"Filipinas: uma pequena cidade chamada \u201cPaz\u201d"},"content":{"rendered":"<p><strong><img loading=\"lazy\" decoding=\"async\" class=\"alignright wp-image-154561\" src=\"https:\/\/www.focolare.org\/wp-content\/uploads\/2017\/07\/SOR-Taal-vulcan-e-lago1.jpg\" alt=\"SOR Taal vulcan e lago1\" width=\"284\" height=\"379\" \/>Ao chegar de Manila<\/strong>, distante 60 km, \u00e0 regi\u00e3o que circunda o Lago de Taal (na Ilha de Luzon, ao norte do arquip\u00e9lago das Filipinas), a primeira sensa\u00e7\u00e3o \u00e9 de uma profunda paz. O visitante fica extasiado ao ver um espet\u00e1culo \u00fanico no seu g\u00eanero: o lago, que com suas \u00e1guas encheu uma antiga cratera, tem no seu interior uma ilha. Essa ilha, por sua vez, recebe outro lago, muito menor, dentro de uma cratera mais recente. E no centro deste espelho d\u00b4\u00e1gua est\u00e1 uma pequena rocha. Um efeito \u201cmatriarcal\u201d de lagos, um guardado dentro do outro. Do alto do vulc\u00e3o a vista se estende por colinas verdejantes de bosques e prados, planta\u00e7\u00f5es de abacaxi, caf\u00e9, banana e uma infinita variedade de flores tropicais.  <strong><img loading=\"lazy\" decoding=\"async\" class=\" wp-image-154557 alignleft\" src=\"https:\/\/www.focolare.org\/wp-content\/uploads\/2017\/07\/Tagaytay-2.jpg\" alt=\"Tagaytay 2\" width=\"273\" height=\"341\" \/>Nos arredores do Lago Taal<\/strong>,<strong> desde 1982,<\/strong> experimenta-se a mesma sensa\u00e7\u00e3o entre as casas e ruas da <a href=\"https:\/\/www.focolare.org\/pt\/all-opera\/cittadelle\/\" target=\"_blank\" rel=\"noopener\">Mari\u00e1polis de Tagaytay<\/a>, a \u201c<a href=\"https:\/\/www.facebook.com\/pages\/Mariapolis-Pace\/321066787949867?nr\" target=\"_blank\" rel=\"noopener\">Mari\u00e1polis Paz<\/a>\u201d, <strong>a primeira do Movimento dos Focolares\u00a0na \u00c1sia<\/strong>. \u00abEu tenho um sonho\u00bb, havia exclamado <a href=\"https:\/\/www.focolare.org\/pt\/chiara-lubich\/\" target=\"_blank\" rel=\"noopener\">Chiara Lubich<\/a> naquele ano, observando as colinas de Tagaytay: que justamente l\u00e1 surgisse uma das pequenas cidades dos Focolares, locais aonde o Evangelho pode ser vivido de maneira constante, para mostrar uma maquete de como seria o mundo se todos o vivessem. O <a href=\"https:\/\/www.focolare.org\/pt\/chi-siamo\/\" target=\"_blank\" rel=\"noopener\">Movimento<\/a>, por\u00e9m, j\u00e1 estava presente em Tagaytay h\u00e1 muitos anos. Ainda em 1966 havia acontecido um encontro entre as pessoas que aderiam a ele. Naquela ocasi\u00e3o, tocados pela beleza do lugar, os participantes rezaram para que l\u00e1 fosse constru\u00eddo um centro de forma\u00e7\u00e3o, uma \u201ccasa para todos\u201d. No ano seguinte, gra\u00e7as a uma primeira doa\u00e7\u00e3o, aquele desejo come\u00e7ou a tornar-se realidade, concretizando-se em 1975. As coisas foram aconteceram, at\u00e9 o sonho de 1982, que coincidiu com um convite dirigido ao Movimento pela Confer\u00eancia episcopal filipina para que constru\u00edsse, justamente nos arredores de Tagaytay, uma \u201cescola\u201d para sacerdotes asi\u00e1ticos.  Desde ent\u00e3o os desenvolvimentos foram inesperados. Entre as dezenas de constru\u00e7\u00f5es, um destaque especial deve ser dado \u00e0 constitui\u00e7\u00e3o de uma escola para o di\u00e1logo com as grandes religi\u00f5es da \u00c1sia, dirigida especialmente a mu\u00e7ulmanos e budistas, mas tamb\u00e9m a hindus e xinto\u00edstas. Todos os anos, jovens budistas de uma organiza\u00e7\u00e3o leiga japonesa se dirigem para l\u00e1, para experimentar a alegria da conviv\u00eancia. Recentemente, no m\u00eas de maio passado, 200 membros de grandes religi\u00f5es, de 13 pa\u00edses asi\u00e1ticos, participaram da <a href=\"https:\/\/www.focolare.org\/pt\/news\/2017\/05\/20\/filippine-armonia-fra-popoli-e-religioni\/\" target=\"_blank\" rel=\"noopener\">Escola das Religi\u00f5es Orientais<\/a> (SOR, na sigla em ingl\u00eas).  <strong><img loading=\"lazy\" decoding=\"async\" class=\" wp-image-154562 alignright\" src=\"https:\/\/www.focolare.org\/wp-content\/uploads\/2017\/07\/SOR3.jpg\" alt=\"SOR3\" width=\"311\" height=\"206\" \/>Desde a sua funda\u00e7\u00e3o<\/strong>, a Mari\u00e1polis Paz assumiu tamb\u00e9m um forte perfil de promo\u00e7\u00e3o humana e social, tornando-se uma das sedes aonde opera a Funda\u00e7\u00e3o Bukas Palad, Ong sem fins lucrativos, fundada em Manila, em 1983, para responder \u00e0s necessidades sociais e sanit\u00e1rias das faixas mais carentes da popula\u00e7\u00e3o, especialmente na zona rural. Fam\u00edlias inteiras, em prec\u00e1rias condi\u00e7\u00f5es de habita\u00e7\u00e3o (frequentemente em barracos de um s\u00f3 c\u00f4modo, de terra batida, sem \u00e1gua corrente), com um dif\u00edcil acesso aos servi\u00e7os sociais de sa\u00fade e escassas oportunidades de trabalho. Com o lema \u201clivremente recebemos, livremente damos\u201d, Bukas Palad (em l\u00edngua tagalo, \u201cde m\u00e3os abertas\u201d), j\u00e1 tem uma trajet\u00f3ria de mais de 30 anos, melhorando a qualidade de vida de milhares de pessoas, n\u00e3o apenas no aspecto m\u00e9dico, mas tamb\u00e9m humano e espiritual, com uma abordagem integral, voltada \u00e0 promo\u00e7\u00e3o humana e \u00e0 sa\u00fade das pessoas.  Atualmente, na Mari\u00e1polis, tem um destaque especial as empresas que aderem ao projeto Economia de Comunh\u00e3o, as atividades de volunt\u00e1rios que atuam em unidades de sa\u00fade p\u00fablica, o testemunho de operadores dos meios de comunica\u00e7\u00e3o e v\u00e1rias a\u00e7\u00f5es na \u00e1rea da educa\u00e7\u00e3o.  Em Tagaytay, as experi\u00eancias de di\u00e1logo e da partilha crescem e se multiplicam, como a \u00e1gua do lago que se repete em outros tantos espelhos d\u00b4\u00e1gua. Mas os reflexos de paz n\u00e3o se podem contar.<\/p>\n","protected":false},"excerpt":{"rendered":"<p>Desde 1982, o di\u00e1logo inter-religioso e a partilha s\u00e3o as principais caracter\u00edsticas da Mari\u00e1polis Paz, de Tagaytay.<\/p>\n","protected":false},"author":34,"featured_media":0,"comment_status":"open","ping_status":"open","sticky":false,"template":"","format":"standard","meta":{"give_campaign_id":0,"_seopress_robots_primary_cat":"","_seopress_titles_title":"","_seopress_titles_desc":"","_seopress_robots_index":"","_et_pb_use_builder":"","_et_pb_old_content":"","_et_gb_content_width":"","footnotes":""},"categories":[909],"tags":[],"class_list":["post-335626","post","type-post","status-publish","format-standard","hentry","category-focolare-worldwide-2-4"],"_links":{"self":[{"href":"https:\/\/www.focolare.org\/pt-pt\/wp-json\/wp\/v2\/posts\/335626","targetHints":{"allow":["GET"]}}],"collection":[{"href":"https:\/\/www.focolare.org\/pt-pt\/wp-json\/wp\/v2\/posts"}],"about":[{"href":"https:\/\/www.focolare.org\/pt-pt\/wp-json\/wp\/v2\/types\/post"}],"author":[{"embeddable":true,"href":"https:\/\/www.focolare.org\/pt-pt\/wp-json\/wp\/v2\/users\/34"}],"replies":[{"embeddable":true,"href":"https:\/\/www.focolare.org\/pt-pt\/wp-json\/wp\/v2\/comments?post=335626"}],"version-history":[{"count":0,"href":"https:\/\/www.focolare.org\/pt-pt\/wp-json\/wp\/v2\/posts\/335626\/revisions"}],"wp:attachment":[{"href":"https:\/\/www.focolare.org\/pt-pt\/wp-json\/wp\/v2\/media?parent=335626"}],"wp:term":[{"taxonomy":"category","embeddable":true,"href":"https:\/\/www.focolare.org\/pt-pt\/wp-json\/wp\/v2\/categories?post=335626"},{"taxonomy":"post_tag","embeddable":true,"href":"https:\/\/www.focolare.org\/pt-pt\/wp-json\/wp\/v2\/tags?post=335626"}],"curies":[{"name":"wp","href":"https:\/\/api.w.org\/{rel}","templated":true}]}}